{"id":217052,"date":"2026-04-20T07:16:14","date_gmt":"2026-04-20T07:16:14","guid":{"rendered":"https:\/\/www.europesays.com\/no\/217052\/"},"modified":"2026-04-20T07:16:14","modified_gmt":"2026-04-20T07:16:14","slug":"star-fram-etter-322-dager","status":"publish","type":"post","link":"https:\/\/www.europesays.com\/no\/217052\/","title":{"rendered":"St\u00e5r fram etter 322 dager"},"content":{"rendered":"<p>Italia-proffen Morten Thorsby var spilleren som snek seg ut av det norske spillerhotellet under en landslagssamling i fjor, forteller han til <a href=\"https:\/\/www.tv2.no\/video\/sport\/landslagsmysteriet-avslort-det-var-meg\/20335988?abgroup=neste5a&amp;playlist=QYmMLG54zi\" rel=\"nofollow noopener\" target=\"_blank\">TV 2<\/a>.<\/p>\n<p>Det var p\u00e5 en pressekonferanse i juni i fjor at Solbakken kom med uttalelsen som skapte en viss st\u00e5hei. Landslagssjefen ble da spurt om det fantes regler for leggetid og innetid for spillerne under en samling.<\/p>\n<p>        PRESSEKONFERANSE: Mandag 2. juni kalte landslagssjef St\u00e5le Solbakken inn til pressekonferanse f\u00f8r landskampen mot Italia. Til slutt forteller han noe som f\u00e5r hele salen til \u00e5 le. Video: NTB<\/p>\n<p>&#8211; I den verdenen vi lever i n\u00e5, bruker jeg ikke s\u00e5 mye tid p\u00e5 det. Det g\u00e5r egentlig av seg selv. Det har ikke v\u00e6rt noen disiplin\u00e6rsaker i den tiden jeg har v\u00e6rt her, l\u00f8d svaret.<\/p>\n<p class=\"font-weight-bold m-font-weight-bold\" data-lab-font_weight=\"font-weight-bold\">S\u00e5 kom avsl\u00f8ringen:<\/p>\n<p>&#8211; Jeg vet om en spiller som snek seg ut og sov ute n\u00e5r han ikke skulle gj\u00f8re det, men som var s\u00e5pass urutinert at han lot d\u00f8ra til rommet st\u00e5 \u00e5pen. S\u00e5 det var ikke s\u00e5 vanskelig \u00e5 avsl\u00f8re det, sa landslagssjefen.<\/p>\n<p>Og fortsatte:<\/p>\n<p>&#8211; Han var \u00abhorny\u00bb. Det var det han sa, sa Solbakken til h\u00f8ylytt latter fra journalistene.<\/p>\n<p>Deretter avviste landslagssjefen \u00e5 svare p\u00e5 hvem den aktuelle spilleren var.<\/p>\n<p>&#8211; Det var veldig overraskende, s\u00e5 det f\u00e5r du ikke. Det var en tidligere samling. Det var lenge f\u00f8r kamp, men han var nyforelsket, s\u00e5 det var nok det som dro ham, lo Solbakken.<\/p>\n<p>N\u00e5 st\u00e5r Thorsby fram og samtidig justerer litt p\u00e5 historien, slik den er framstilt.<\/p>\n<p>&#8211; Det er feilaktig informasjon som har kommet ut. Jeg var p\u00e5 date med min fremtidige kone. Vi er n\u00e5 forlovet og skal gifte oss, sier Thorsby til\u00a0<a href=\"https:\/\/www.tv2.no\/video\/sport\/landslagsmysteriet-avslort-det-var-meg\/20335988?abgroup=neste5a&amp;playlist=ySAifDp9SA\" target=\"_blank\" rel=\"nofollow noopener\">TV 2<\/a>.<\/p>\n<p>&#8211; Jeg kan avsl\u00f8re at det var meg, men det var veldig uskyldige hensikter og en fin date, som n\u00e5 har ledet til at vi n\u00e5 skal gifte oss. Jeg st\u00e5r inne for det og tenker at jeg hadde gjort det igjen, sier Cremonese-spilleren.<\/p>\n<p>Forloveden er Sara Pedersen.<\/p>\n<p>Midtbanespilleren mener Solbakken bommet med \u00abhorny\u00bb-kommentaren:<\/p>\n<p>&#8211; Veldig feilaktig ordlyd. Han hater jo ikke \u00e5 f\u00e5 salen til \u00e5 le, St\u00e5le, smiler Thorsby.<\/p>\n<p>    <a itemprop=\"url\" href=\"https:\/\/www.dagbladet.no\/sport\/slik-spilles-fotball-vm-i-2026\/84084013\" rel=\"nofollow noopener\" target=\"_blank\"><\/p>\n<p>        <img loading=\"lazy\" decoding=\"async\" src=\"https:\/\/www.europesays.com\/no\/wp-content\/uploads\/2026\/04\/1776669374_726_84102748.webp.webp\" width=\"147\" height=\"100\" title=\"Slik spilles fotball-VM i 2026\" alt=\"\" class=\"lazyload\" style=\"--aspect-ratio-image: 1.47; \"\/><\/p>\n<p>        Slik spilles fotball-VM i 2026<\/p>\n<p>    <\/a><\/p>\n","protected":false},"excerpt":{"rendered":"Italia-proffen Morten Thorsby var spilleren som snek seg ut av det norske spillerhotellet under en landslagssamling i fjor,&hellip;\n","protected":false},"author":2,"featured_media":217053,"comment_status":"","ping_status":"","sticky":false,"template":"","format":"standard","meta":{"footnotes":"","_share_on_mastodon":"0"},"categories":[59],"tags":[92,4145,5395,30,28,29,83,82,11859],"class_list":["post-217052","post","type-post","status-publish","format-standard","has-post-thumbnail","category-sport","tag-fotball","tag-herrelandslaget","tag-morten-thorsby","tag-no","tag-norge","tag-norway","tag-sport","tag-sports","tag-vm2026"],"share_on_mastodon":{"url":"https:\/\/pubeurope.com\/@no\/116435811397350018","error":""},"_links":{"self":[{"href":"https:\/\/www.europesays.com\/no\/wp-json\/wp\/v2\/posts\/217052","targetHints":{"allow":["GET"]}}],"collection":[{"href":"https:\/\/www.europesays.com\/no\/wp-json\/wp\/v2\/posts"}],"about":[{"href":"https:\/\/www.europesays.com\/no\/wp-json\/wp\/v2\/types\/post"}],"author":[{"embeddable":true,"href":"https:\/\/www.europesays.com\/no\/wp-json\/wp\/v2\/users\/2"}],"replies":[{"embeddable":true,"href":"https:\/\/www.europesays.com\/no\/wp-json\/wp\/v2\/comments?post=217052"}],"version-history":[{"count":0,"href":"https:\/\/www.europesays.com\/no\/wp-json\/wp\/v2\/posts\/217052\/revisions"}],"wp:featuredmedia":[{"embeddable":true,"href":"https:\/\/www.europesays.com\/no\/wp-json\/wp\/v2\/media\/217053"}],"wp:attachment":[{"href":"https:\/\/www.europesays.com\/no\/wp-json\/wp\/v2\/media?parent=217052"}],"wp:term":[{"taxonomy":"category","embeddable":true,"href":"https:\/\/www.europesays.com\/no\/wp-json\/wp\/v2\/categories?post=217052"},{"taxonomy":"post_tag","embeddable":true,"href":"https:\/\/www.europesays.com\/no\/wp-json\/wp\/v2\/tags?post=217052"}],"curies":[{"name":"wp","href":"https:\/\/api.w.org\/{rel}","templated":true}]}}