{"id":217349,"date":"2026-04-20T12:53:18","date_gmt":"2026-04-20T12:53:18","guid":{"rendered":"https:\/\/www.europesays.com\/no\/217349\/"},"modified":"2026-04-20T12:53:18","modified_gmt":"2026-04-20T12:53:18","slug":"sport-fotball-kjempeavtale-for-norsk-fotball-dette-betyr-det-for-sarpsborg-08","status":"publish","type":"post","link":"https:\/\/www.europesays.com\/no\/217349\/","title":{"rendered":"Sport, Fotball | Kjempeavtale for norsk fotball: Dette betyr det for Sarpsborg 08"},"content":{"rendered":"\n<p>Mandag ble det kjent at Norges Fotballforbund (NFF) har inng\u00e5tt en ny kjempeavtale for perioden 2029 til 2034. Avtalen er et resultat av et felles bud fra TV 2 og Amedia, med Schibsted som ny akt\u00f8r p\u00e5 cupen.<\/p>\n<p>For fotballen i Sarpsborg betyr dette en tydeligere arbeidsfordeling mellom mediene \u2013 og noen endringer som trer i kraft langt tidligere enn 2029.<\/p>\n<p>Selv om TV 2 beholder hovedrettighetene til Eliteserien, vil Sarpsborg Arbeiderblad fortsatt ha en fot innenfor Stadion-portene. Amedia beholder retten til \u00e5 vise 75 kamper fra Eliteserien.<\/p>\n<p>Fra 2029 justeres dette slik at det er lokalavisene med tilknytning til klubben som f\u00e5r vise kampene. For sarpingene betyr det at SA vil v\u00e6re det naturlige stedet for utvalgte 08-kamper ogs\u00e5 i framtiden.<\/p>\n<p>Lokalfotballen flyttes \u00abhjem\u00bb<\/p>\n<p>Allerede fra innev\u00e6rende sesong skjer det endringer for de som f\u00f8lger Sarpsborg 08 2 og de andre lokale lagene:<\/p>\n<ul>\n<li><b>2. divisjon og 3. divisjon (Norsk Tipping-ligaen):<\/b> Allerede fra \u00e5rets sesong vil disse kampene kun vises gjennom Direktesport.<\/li>\n<li><b>OBOS-ligaen:<\/b> Amedia som overtar det eksklusive hovedansvaret her fra 2027.<\/li>\n<\/ul>\n<p>\u2013 Vi f\u00e5r eksklusiv rett til OBOS-ligaen fra 2027-sesongen, og med eksklusive rettigheter \u00f8ker Amedias mulighet til utvikling. Denne avtalen representerer en klar forbedring for Amedia, sier en forn\u00f8yd konsernsjef i Amedia, Anders Opdahl.<\/p>\n<p>   <img decoding=\"async\" width=\"2851\" height=\"2017\" fetchpriority=\"low\"  loading=\"lazy\"  src=\"https:\/\/www.europesays.com\/no\/wp-content\/uploads\/2026\/04\/AndersO-OlavS.jpeg\" alt=\"\" class=\"brick-c-cFOWSL\" style=\"--brick-image-ratio: 2851 \/ 2017;\"\/><\/p>\n<p>      Amedias konsernsjef Anders Opdahl og TV2-sjef Olav T. Sandnes er str\u00e5lende forn\u00f8yd med den nye fotballavtalen med NFF.<br \/>\n      Foto: Amedia\n    <\/p>\n<p>  Cup-dramaet flytter<\/p>\n<p>Den st\u00f8rste endringen for 08-fansen er cupen. Fra 2029 overtar Schibsted rettighetene til NM fra Amedia og TV 2. Det betyr at de tidlige rundene i cupen, hvor 08 ofte m\u00f8ter lokale lag som Sarpsborg FK eller Gre\u00e5ker, ikke lenger vil ligge hos lokalavisa eller TV 2.<\/p>\n<p>\u2013 Selv om vi gjerne skulle fortsatt med \u00e5 bygge opp cupens innledende runder med stor lokal forankring, har vi respekt for NFFs beslutning, sier Opdahl.<\/p>\n<p>Enorm betydning for klubbkassa<\/p>\n<p>For Sarpsborg 08 som klubb gir avtalen, som har en totalverdi p\u00e5 820 millioner kroner i \u00e5ret, en etterlengtet forutsigbarhet. Medieinntektene er klubbens viktigste fellesinntekt og er avgj\u00f8rende for at klubben skal kunne opprettholde sitt sportslige niv\u00e5 i toppen av norsk fotball.<\/p>\n<p>\u2013 Dette er sv\u00e6rt gode avtaler som gir norsk fotball ro og forutsigbarhet. Den styrker forutsetningene for utvikling, i b\u00e5de bredde og topp, sier fotballpresident Lise Klaveness.<\/p>\n","protected":false},"excerpt":{"rendered":"Mandag ble det kjent at Norges Fotballforbund (NFF) har inng\u00e5tt en ny kjempeavtale for perioden 2029 til 2034.&hellip;\n","protected":false},"author":2,"featured_media":217350,"comment_status":"","ping_status":"","sticky":false,"template":"","format":"standard","meta":{"footnotes":"","_share_on_mastodon":"0"},"categories":[59],"tags":[36,92,4583,30,28,29,133,83,82,1510],"class_list":["post-217349","post","type-post","status-publish","format-standard","has-post-thumbnail","category-sport","tag-art","tag-fotball","tag-nff","tag-no","tag-norge","tag-norway","tag-sarpsborg-08","tag-sport","tag-sports","tag-story"],"share_on_mastodon":{"url":"https:\/\/pubeurope.com\/@no\/116437136605532283","error":""},"_links":{"self":[{"href":"https:\/\/www.europesays.com\/no\/wp-json\/wp\/v2\/posts\/217349","targetHints":{"allow":["GET"]}}],"collection":[{"href":"https:\/\/www.europesays.com\/no\/wp-json\/wp\/v2\/posts"}],"about":[{"href":"https:\/\/www.europesays.com\/no\/wp-json\/wp\/v2\/types\/post"}],"author":[{"embeddable":true,"href":"https:\/\/www.europesays.com\/no\/wp-json\/wp\/v2\/users\/2"}],"replies":[{"embeddable":true,"href":"https:\/\/www.europesays.com\/no\/wp-json\/wp\/v2\/comments?post=217349"}],"version-history":[{"count":0,"href":"https:\/\/www.europesays.com\/no\/wp-json\/wp\/v2\/posts\/217349\/revisions"}],"wp:featuredmedia":[{"embeddable":true,"href":"https:\/\/www.europesays.com\/no\/wp-json\/wp\/v2\/media\/217350"}],"wp:attachment":[{"href":"https:\/\/www.europesays.com\/no\/wp-json\/wp\/v2\/media?parent=217349"}],"wp:term":[{"taxonomy":"category","embeddable":true,"href":"https:\/\/www.europesays.com\/no\/wp-json\/wp\/v2\/categories?post=217349"},{"taxonomy":"post_tag","embeddable":true,"href":"https:\/\/www.europesays.com\/no\/wp-json\/wp\/v2\/tags?post=217349"}],"curies":[{"name":"wp","href":"https:\/\/api.w.org\/{rel}","templated":true}]}}