{"id":217622,"date":"2026-04-20T18:18:12","date_gmt":"2026-04-20T18:18:12","guid":{"rendered":"https:\/\/www.europesays.com\/no\/217622\/"},"modified":"2026-04-20T18:18:12","modified_gmt":"2026-04-20T18:18:12","slug":"linnea-lotvedt-reagerer-pa-rod-ungdom-leders-utsagn","status":"publish","type":"post","link":"https:\/\/www.europesays.com\/no\/217622\/","title":{"rendered":"Linnea L\u00f8tvedt reagerer p\u00e5 R\u00f8d Ungdom-leders utsagn"},"content":{"rendered":"\n<ul class=\"_list_145nj_3 _list_64s2r_85 _unordered_145nj_106 text-sans-m\">\n<li class=\"_item_145nj_30\">R\u00f8d Ungdom-lederen Alexandra Fredwalls abortutsagn har skapt heftige reaksjoner i sosiale medier.<\/li>\n<li class=\"_item_145nj_30\">Influencer Linnea L\u00f8tvedt er blant dem som reagerer sterkt. Hun ser p\u00e5 det som \u00e5 ta livet av et barn.<\/li>\n<li class=\"_item_145nj_30\">Fredwall mener diskusjonen er en avsporing fra abortdebatten.<\/li>\n<li class=\"_item_145nj_30\">Overlege Mette L\u00f8keland-Stai p\u00e5peker at abort etter uke 22 kun skjer under alvorlige forhold.<\/li>\n<\/ul>\n<p>Vis mer <\/p>\n<p class=\"_paragraph_145nj_4 _paragraph_6fko5_10 layout-component text-serif-m layout-normal text-serif-m layout-padded\">De siste dagene har det g\u00e5tt en kule varmt i sosiale medier etter at <a href=\"https:\/\/www.vg.no\/tag\/roed-ungdom?utm_source=vg-article&amp;utm_medium=auto-tagger&amp;utm_campaign=Rj50eO\" class=\"_link_145nj_39\" rel=\"nofollow noopener\" target=\"_blank\">R\u00f8d Ungdom<\/a> sin leder gjestet Nettavisens TikTok.<\/p>\n<p class=\"_paragraph_145nj_4 _paragraph_6fko5_10 layout-component text-serif-m layout-normal text-serif-m layout-padded\">Da hun fikk sp\u00f8rsm\u00e5l om hvorvidt det b\u00f8r v\u00e6re lov \u00e5 ta abort \u00e9n uke f\u00f8r termin, svarte leder Alexandra Joy Messel \u00d8hrn Fredwall f\u00f8lgende:<\/p>\n<p class=\"_paragraph_145nj_4 _paragraph_6fko5_10 layout-component text-serif-m layout-normal text-serif-m layout-padded\">\u2013 Jeg ser ikke hvorfor det ikke skulle v\u00e6rt det.<\/p>\n<p class=\"_paragraph_145nj_4 _paragraph_6fko5_10 layout-component text-serif-m layout-normal text-serif-m layout-padded\">Nettopp dette har f\u00e5tt flere til \u00e5 reagere sterkt.<\/p>\n<p> \u2013 Som \u00e5 ta livet av et barn<\/p>\n<p class=\"_paragraph_145nj_4 _paragraph_6fko5_10 layout-component text-serif-m layout-normal text-serif-m layout-padded\">Det korte klippet av Fredwalls utsagn tok av i sosiale medier. Blant dem som reagerte var influencer Linnea L\u00f8tvedt, som postet en reaksjonsvideo til sine 348.000 TikTok-f\u00f8lgere.<\/p>\n<p class=\"_paragraph_145nj_4 _paragraph_6fko5_10 layout-component text-serif-m layout-normal text-serif-m layout-padded\"><strong class=\"_strong_145nj_25\">\u2013 Jeg ble rett og slett kvalm da jeg h\u00f8rte den uttalelsen. Jeg kjente det fysisk.<\/strong><\/p>\n<p class=\"_paragraph_145nj_4 _paragraph_6fko5_10 layout-component text-serif-m layout-normal text-serif-m layout-padded\">L\u00f8tvedt, som selv er <a href=\"https:\/\/www.vg.no\/rampelys\/i\/zO5A91\/linnea-loetvedt-gravid-igjen\" data-track-element-type=\"Link\" data-track-id=\"link:zO5A91\" class=\"_link_145nj_39\" rel=\"nofollow noopener\" target=\"_blank\">gravid i uke 29<\/a>, forteller at hun opplevde utsagnet som \u00abveldig ubehagelig\u00bb.<\/p>\n<p class=\"_paragraph_145nj_4 _paragraph_6fko5_10 layout-component text-serif-m layout-normal text-serif-m layout-padded\">\u2013 For meg blir dette n\u00e6rt og personlig, og det er vanskelig \u00e5 forst\u00e5 at noen kan mene at et s\u00e5 langt kommet svangerskap bare kan avsluttes, sier influenceren.<\/p>\n<p class=\"_paragraph_145nj_4 _paragraph_6fko5_10 layout-component text-serif-m layout-normal text-serif-m layout-padded\">Hun mener argumentet \u00abmin kropp, mitt valg\u00bb trekkes for langt. <\/p>\n<p><img alt=\"L\u00f8tvedt har flere ganger uttalt seg om graviditet, og tidligere v\u00e6rt \u00e5pen om egen spontanabort.  Foto: Lars Martin Hunstad \/ VG\" class=\"_image_jw3bv_65 layout-component layout-normal\" data-fullscreen- data-track-element-type=\"Article image fullscreen\" data-track-name=\"ImageFullscreen\" decoding=\"async\" loading=\"lazy\" height=\"1817\" itemprop=\"image\"  src=\"https:\/\/www.europesays.com\/no\/wp-content\/uploads\/2026\/04\/da2055f9-40cb-3bdc-a18c-2f31ca8018bb.jpeg\"  style=\"object-position:0% 0%\" width=\"2544\"\/>L\u00f8tvedt har flere ganger uttalt seg om graviditet, og tidligere v\u00e6rt \u00e5pen om egen spontanabort.  Foto: Lars Martin Hunstad \/ VG<\/p>\n<p class=\"_paragraph_145nj_4 _paragraph_6fko5_10 layout-component text-serif-m layout-normal text-serif-m layout-padded\">Hun mener det beveger seg bort fra \u00e5 handle om et vanskelig valg, og over i noe hun ikke kan st\u00f8tte:<\/p>\n<p class=\"_paragraph_145nj_4 _paragraph_6fko5_10 layout-component text-serif-m layout-normal text-serif-m layout-padded\">\u2013 Jeg opplever det som \u00e5 ta livet av et barn, og for meg g\u00e5r det over en grense som jeg mener er helt grunnleggende.<\/p>\n<p class=\"_paragraph_145nj_4 _paragraph_6fko5_10 layout-component text-serif-m layout-normal text-serif-m layout-padded\">Samtidig understreker influenceren at hun ser p\u00e5 abort som et \u00absv\u00e6rt vanskelig og alvorlig valg\u00bb.<\/p>\n<p class=\"_paragraph_145nj_4 _paragraph_6fko5_10 layout-component text-serif-m layout-normal text-serif-m layout-padded\">\u2013 Det er ikke noe som b\u00f8r glorifiseres eller fremstilles som uproblematisk. For mange er dette en tung og krevende beslutning, og det fortjener respekt.<\/p>\n<p> \u00abRen moralisme\u00bb<\/p>\n<p class=\"_paragraph_145nj_4 _paragraph_6fko5_10 layout-component text-serif-m layout-normal text-serif-m layout-padded\">R\u00f8d ungdom-lederen er klar i sin tale om at ungdomspartiet \u00f8nsker fri abort, og at denne politikken ikke handler om 30-ukersscenarioet som ble tema i Nettavisen-tiktoken.<\/p>\n<p><img decoding=\"async\" alt=\"Bilde av Alexandra Joy Messel \u00d8hrn Fredwall\" class=\"_image_148z4_25\" height=\"42\" itemprop=\"image\" loading=\"lazy\"  src=\"https:\/\/www.europesays.com\/no\/wp-content\/uploads\/2026\/04\/6d53dc62-15c9-3b70-a656-818ebc1d2744.jpeg\"  width=\"40\"\/><strong class=\"_name_148z4_34 title-serif-xs\">Alexandra Joy Messel \u00d8hrn Fredwall<\/strong><\/p>\n<p class=\"_paragraph_145nj_4 text-sans-m _description_148z4_39\">Leder i R\u00f8d Ungdom<\/p>\n<p class=\"_paragraph_145nj_4 _paragraph_6fko5_10 layout-component text-serif-m layout-normal text-serif-m layout-padded\">\u2013 Argumentasjonen i abortdebatten handler mye om enkeltsaker og avsporinger. Den type argumenter er moralistisk. Jeg mener at hvis man er for kvinners selvbestemmelsesrett, s\u00e5 m\u00e5 man v\u00e6re nettopp det. <\/p>\n<p class=\"_paragraph_145nj_4 _paragraph_6fko5_10 layout-component text-serif-m layout-normal text-serif-m layout-padded\">Hun \u00f8nsker \u00e5 tydeliggj\u00f8re at diskusjonen ikke b\u00f8r handle om uker, og at det omdiskuterte klippet var en avsporing.<\/p>\n<p><img alt=\"Alexandra Joy Messel \u00d8hrn Fredwall er uenig i kritikken om at abort-utsagnet tilsvarer \u00e5 v\u00e6re for drap.  Foto: Privat\" class=\"_image_jw3bv_65 layout-component layout-normal\" data-fullscreen- data-track-element-type=\"Article image fullscreen\" data-track-name=\"ImageFullscreen\" decoding=\"async\" loading=\"lazy\" height=\"1497\" itemprop=\"image\"  src=\"https:\/\/www.europesays.com\/no\/wp-content\/uploads\/2026\/04\/d581fe2c-625b-3bf4-84c2-1a656679d1d8.jpeg\"  style=\"object-position:0% 0%\" width=\"2245\"\/>Alexandra Joy Messel \u00d8hrn Fredwall er uenig i kritikken om at abort-utsagnet tilsvarer \u00e5 v\u00e6re for drap.  Foto: Privat<\/p>\n<p class=\"_paragraph_145nj_4 _paragraph_6fko5_10 layout-component text-serif-m layout-normal text-serif-m layout-padded\">\u2013 Poenget mitt var at jeg mener abort skal tas i samr\u00e5d med lege, ikke besluttes av hverken politikere eller nemnd.<\/p>\n<p class=\"_paragraph_145nj_4 _paragraph_6fko5_10 layout-component text-serif-m layout-normal text-serif-m layout-padded\">Fredwall understreker videre at det ungdomspartiet \u00f8nsker, f\u00f8rst og fremst er aktiv oppf\u00f8lging b\u00e5de f\u00f8r og etter f\u00f8dsel.<\/p>\n<p> Ikke f\u00f8rste R\u00f8d Ungdom-kontrovers<\/p>\n<p class=\"_paragraph_145nj_4 _paragraph_6fko5_10 layout-component text-serif-m layout-normal text-serif-m layout-padded\">Til VG sier Fredwall at en kvinne burde kunne ta abort uavhengig av hvor langt hun har kommet i graviditeten, dersom en lege mener det er helsemessig forsvarlig.<\/p>\n<p class=\"_paragraph_145nj_4 _paragraph_6fko5_10 layout-component text-serif-m layout-normal text-serif-m layout-padded\">P\u00e5 sin private TikTok-profil publiserte hun en video for \u00e5 oppklare situasjonen. Videoen \u00e5pner hun p\u00e5 f\u00f8lgende vis:<\/p>\n<p class=\"_paragraph_145nj_4 _paragraph_6fko5_10 layout-component text-serif-m layout-normal text-serif-m layout-padded\"><strong class=\"_strong_145nj_25\">\u00abDet er en del folk som freaker ut over at R\u00f8d Ungdom mener at man skal ha fri abort\u00bb.<\/strong><\/p>\n<p class=\"_paragraph_145nj_4 _paragraph_6fko5_10 layout-component text-serif-m layout-normal text-serif-m layout-padded\">\u2013 R\u00f8d Ungdom har v\u00e6rt preget av kontroverser de siste par \u00e5rene. Er du redd for at du bidrar til mer negativ oppmerksomhet rundt ungdomspartiet med slike utsagn?<\/p>\n<p class=\"_paragraph_145nj_4 _paragraph_6fko5_10 layout-component text-serif-m layout-normal layout-padded\"><strong class=\"_strong_145nj_25\">Les ogs\u00e5:<\/strong> <a href=\"https:\/\/www.vg.no\/i\/3pMxde\" data-track-element-type=\"Link\" data-track-id=\"link:3pMxde\" class=\"_link_145nj_39\" rel=\"nofollow noopener\" target=\"_blank\">Ny video fra R\u00f8d Ungdom vekker reaksjoner: \u2013 Ikke morsomt <\/a><\/p>\n<p class=\"_paragraph_145nj_4 _paragraph_6fko5_10 layout-component text-serif-m layout-normal text-serif-m layout-padded\">\u2013 Jeg kunne godt v\u00e6rt tydelige p\u00e5 n\u00f8yaktig hva jeg mente. Jeg mener abort er livsn\u00f8dvendig helsehjelp, og at den burde tas med oppf\u00f8lging fra helsepersonell. <\/p>\n<p class=\"_paragraph_145nj_4 _paragraph_6fko5_10 layout-component text-serif-m layout-normal text-serif-m layout-padded\">\u2013 Jeg skal ikke henge meg opp i hvor mange uker det er snakk om. Det er ren moralisme fra politikere, legger Fredwall til.<\/p>\n<p class=\"_paragraph_145nj_4 _paragraph_6fko5_10 layout-component text-serif-m layout-normal text-serif-m layout-padded\">R\u00f8d Ungdom-lederen mener at selve sp\u00f8rsm\u00e5let om 30-ukersscenarioet er en avsporing i debatten:<\/p>\n<p class=\"_paragraph_145nj_4 _paragraph_6fko5_10 layout-component text-serif-m layout-normal text-serif-m layout-padded\">\u2013 Det er et tullete sp\u00f8rsm\u00e5l og rart \u00e5 henge seg opp i. N\u00e5r klinikker som Sex og samfunn trues av nedleggelse, har man viktigere ting \u00e5 tenke p\u00e5.<\/p>\n<p> Overlege: &#8211; Aldri h\u00f8rt om<\/p>\n<p class=\"_paragraph_145nj_4 _paragraph_6fko5_10 layout-component text-serif-m layout-normal text-serif-m layout-padded\">Overlege Mette L\u00f8keland-Stai p\u00e5peker at man generelt anbefaler \u00e5 ta abort s\u00e5 tidlig som mulig \u2013 noe de aller fleste gj\u00f8r.<\/p>\n<p class=\"_paragraph_145nj_4 _paragraph_6fko5_10 layout-component text-serif-m layout-normal text-serif-m layout-padded\">90 prosent tar abort f\u00f8r uke ti i svangerskapet, if\u00f8lge L\u00f8keland-Stai.<\/p>\n<p><img decoding=\"async\" alt=\"Bilde av Mette L\u00f8keland-Stai\" class=\"_image_148z4_25\" height=\"47\" itemprop=\"image\" loading=\"lazy\"  src=\"https:\/\/www.europesays.com\/no\/wp-content\/uploads\/2026\/04\/c789676b-6103-3df3-8cd4-4ada85510df8.jpeg\"  width=\"40\"\/><strong class=\"_name_148z4_34 title-serif-xs\">Mette L\u00f8keland-Stai<\/strong><\/p>\n<p class=\"_paragraph_145nj_4 text-sans-m _description_148z4_39\">Spesialist i f\u00f8dselshjelp og kvinnesykdommer<\/p>\n<p class=\"_paragraph_145nj_4 _paragraph_6fko5_10 layout-component text-serif-m layout-normal text-serif-m layout-padded\">\u2013 Vi har ikke erfaring med \u2013 eller rett til \u2013 \u00e5 avbryte svangerskapet for en abort i Norge etter uke 22 for friske foster. <\/p>\n<p class=\"_paragraph_145nj_4 _paragraph_6fko5_10 layout-component text-serif-m layout-normal text-serif-m layout-padded\"><strong class=\"_strong_145nj_25\">\u2013 Jeg har aldri h\u00f8rt at det har blitt gjort abort \u00e9n uke f\u00f8r termin i noe land, legger hun til.<\/strong><\/p>\n<p class=\"_paragraph_145nj_4 _paragraph_6fko5_10 layout-component text-serif-m layout-normal text-serif-m layout-padded\">Overlegen forklarer at det etter norsk lov er lovlig \u00e5 avbryte svangerskap etter uke 22 dersom det er akutt fare for kvinnens liv, eller dersom fosteret er alvorlig sykt og man antar at det ikke vil v\u00e6re levedyktig.<\/p>\n<p class=\"_paragraph_145nj_4 _paragraph_6fko5_10 layout-component text-serif-m layout-normal text-serif-m layout-padded\">\u2013 Verdens helseorganisasjon anbefaler at man ikke har absolutte grenser for abort eller andre un\u00f8dvendige hindringer som nemnder, obligatorisk r\u00e5dgivning og venteperioder.<\/p>\n<p class=\"_paragraph_145nj_4 _paragraph_6fko5_10 layout-component text-serif-m layout-normal text-serif-m layout-padded\">Det er ekstremt uvanlig at en kvinne f\u00e5r et akutt behov for \u00e5 avbryte et svangerskap rett f\u00f8r termin, tydeliggj\u00f8r L\u00f8keland-Stai.<\/p>\n<p class=\"_paragraph_145nj_4 _paragraph_6fko5_10 layout-component text-serif-m layout-normal text-serif-m layout-padded\">I disse tilfellene mener hun det ogs\u00e5 vil v\u00e6re en sv\u00e6rt traumatisk hendelse for kvinnen:<\/p>\n<p class=\"_paragraph_145nj_4 _paragraph_6fko5_10 layout-component text-serif-m layout-normal text-serif-m layout-padded\">\u2013 Hun vil trenge hjelp og st\u00f8tte fra samfunnet heller enn ford\u00f8mmelse.<\/p>\n<p>Rettelse<\/p>\n<p class=\"_paragraph_145nj_4\">I en tidligere versjon av saken sto det at R\u00f8d Ungdom sin leder gjestet Nettavisens podkast. Det riktige er at R\u00f8d Ungdom-lederen gjestet Nettavisens TikTok. Saken ble endret 20. april 2026 klokken 20.05<\/p>\n","protected":false},"excerpt":{"rendered":"R\u00f8d Ungdom-lederen Alexandra Fredwalls abortutsagn har skapt heftige reaksjoner i sosiale medier. Influencer Linnea L\u00f8tvedt er blant dem&hellip;\n","protected":false},"author":2,"featured_media":217623,"comment_status":"","ping_status":"","sticky":false,"template":"","format":"standard","meta":{"footnotes":"","_share_on_mastodon":"0"},"categories":[10],"tags":[10032,20,21,24,25,15,22,23,13,30,28,29,14,16,3031,2046,26,27],"class_list":["post-217622","post","type-post","status-publish","format-standard","has-post-thumbnail","category-norge","tag-abort","tag-breaking-news","tag-breakingnews","tag-featured-news","tag-featurednews","tag-headlines","tag-latest-news","tag-latestnews","tag-news","tag-no","tag-norge","tag-norway","tag-nyheter","tag-overskrifter","tag-rod-ungdom","tag-tiktok","tag-top-stories","tag-topstories"],"share_on_mastodon":{"url":"https:\/\/pubeurope.com\/@no\/116438414475295576","error":""},"_links":{"self":[{"href":"https:\/\/www.europesays.com\/no\/wp-json\/wp\/v2\/posts\/217622","targetHints":{"allow":["GET"]}}],"collection":[{"href":"https:\/\/www.europesays.com\/no\/wp-json\/wp\/v2\/posts"}],"about":[{"href":"https:\/\/www.europesays.com\/no\/wp-json\/wp\/v2\/types\/post"}],"author":[{"embeddable":true,"href":"https:\/\/www.europesays.com\/no\/wp-json\/wp\/v2\/users\/2"}],"replies":[{"embeddable":true,"href":"https:\/\/www.europesays.com\/no\/wp-json\/wp\/v2\/comments?post=217622"}],"version-history":[{"count":0,"href":"https:\/\/www.europesays.com\/no\/wp-json\/wp\/v2\/posts\/217622\/revisions"}],"wp:featuredmedia":[{"embeddable":true,"href":"https:\/\/www.europesays.com\/no\/wp-json\/wp\/v2\/media\/217623"}],"wp:attachment":[{"href":"https:\/\/www.europesays.com\/no\/wp-json\/wp\/v2\/media?parent=217622"}],"wp:term":[{"taxonomy":"category","embeddable":true,"href":"https:\/\/www.europesays.com\/no\/wp-json\/wp\/v2\/categories?post=217622"},{"taxonomy":"post_tag","embeddable":true,"href":"https:\/\/www.europesays.com\/no\/wp-json\/wp\/v2\/tags?post=217622"}],"curies":[{"name":"wp","href":"https:\/\/api.w.org\/{rel}","templated":true}]}}