{"id":217910,"date":"2026-04-21T04:43:12","date_gmt":"2026-04-21T04:43:12","guid":{"rendered":"https:\/\/www.europesays.com\/no\/217910\/"},"modified":"2026-04-21T04:43:12","modified_gmt":"2026-04-21T04:43:12","slug":"kultur-barn-og-unge-arets-russerevy-kledd-av-systemet-byr-pa-satire-og-kritikk-til-ledelsen-om-regler-i-russetiden","status":"publish","type":"post","link":"https:\/\/www.europesays.com\/no\/217910\/","title":{"rendered":"Kultur, Barn og unge | \u00c5rets russerevy \u00abKledd av systemet\u00bb byr p\u00e5 satire og kritikk til ledelsen om regler i russetiden"},"content":{"rendered":"\n<p>Da \u00d8stlendingen tok turen til kulturhuset under russerevyens \u00f8ving mandag kveld, var det alt annet enn stille.\u00a0<\/p>\n<p>Ungdommer hastet fram og tilbake mellom scenen og salen, latteren satt l\u00f8st, og replikkene fl\u00f8y gjennom rommet.<\/p>\n<p>Dansetrinn repeteres i raske sekvenser \u2013 f\u00f8r noen igjen roper: \u00abEn gang til!\u00bb<\/p>\n<p>Det pekes, justeres og pr\u00f8ves p\u00e5 nytt. <\/p>\n<p>Bak i salen sitter teknikerne b\u00f8yd over egne notater, der de fors\u00f8ker \u00e5 f\u00e5 oversikt over lys og lyd \u2013 n\u00e6rmest med sine egne manus for \u00e5 holde kontroll.<\/p>\n<p>Det er kaotisk. Det er intenst.<\/p>\n<p>Og det er akkurat slik det skal v\u00e6re \u2013 to dager f\u00f8r premiere.<\/p>\n<p>\n          Stopp video<\/p>\n<p>          <video data-standalone=\"false\" preload=\"none\" muted=\"\" loop=\"\" playsinline=\"\" autoplay=\"\"><\/p>\n<p>          <\/video>\n        <\/p>\n<p>    \u2013 Vi gj\u00f8r litt narr av de som har makt<\/p>\n<p>Bak \u00e5rets revy, \u00abKledd av systemet\u00bb, st\u00e5r fem revysjefer.<\/p>\n<p>\u00d8stlendingen fikk en prat med Sandra Rolland Skr\u00f8vseth (18), Kajsa Neerland (19) og Helmer L\u00f8vberg (19).\u00a0<\/p>\n<p>   <img decoding=\"async\" width=\"4096\" height=\"3072\" fetchpriority=\"low\"  loading=\"lazy\"  src=\"https:\/\/www.europesays.com\/no\/wp-content\/uploads\/2026\/04\/IMG20260420174402_1.jpg\" alt=\"\" class=\"brick-c-cFOWSL\" style=\"--brick-image-ratio: 4096 \/ 3072;\"\/><\/p>\n<p>      LEDELSE: Revysjefene Kajsa Neerland, Sandra Rolland Skr\u00f8vseth og Helmer L\u00f8vberg har full oversikt bak kulissene og s\u00f8rger for at alt henger sammen i innspurten f\u00f8r premiere<br \/>\n      Foto: Fr\u00f8ya Lofthus\n    <\/p>\n<p>Sammen leder de en gjeng som har brukt de siste m\u00e5nedene p\u00e5 \u00e5 gj\u00f8re frustrasjon om til humor.<\/p>\n<p>Tittelen er heller ikke tilfeldig valgt.<\/p>\n<p>Den handler nemlig om de nye og mye omtalte reglene rundt russetiden.\u00a0<\/p>\n<p>\u2013 Tittelen handler om at vi vil vise fram \u2013 og gj\u00f8re litt narr av de som har makt: l\u00e6rere, skolen og rektor. Vi gj\u00f8r narr av det p\u00e5 det viset at det er barnslig at vi f\u00e5r regler for hva vi kan ha p\u00e5 oss og n\u00e5r, sier Sandra.<\/p>\n<p>\u2013 Vi m\u00e5 ta av oss kl\u00e6rne fordi systemet mener det. Systemet kler av oss, legger Kajsa til.<\/p>\n<p>Revyen tar utgangspunkt i det de opplever som stadig strengere regler rundt russetiden.<\/p>\n<p>   <img decoding=\"async\" width=\"4096\" height=\"3072\" fetchpriority=\"low\"  loading=\"lazy\"  src=\"https:\/\/www.europesays.com\/no\/wp-content\/uploads\/2026\/04\/IMG20260420181945.jpg\" alt=\"\" class=\"brick-c-cFOWSL\" style=\"--brick-image-ratio: 4096 \/ 3072;\"\/><\/p>\n<p>      MUSIKALSK H\u00d8YDEPUNKT: Kajsa og Sandra leverer en duett p\u00e5 scenen, omgitt av dansere som l\u00f8fter uttrykket ytterligere.<br \/>\n      Foto: Fr\u00f8ya Lofthus\n    <\/p>\n<p>\u2013 Det er mye som ikke er lov p\u00e5 skolen, som kl\u00e6r med logo og klistremerker, sier Kajsa.<\/p>\n<p>\u2013 Og bussreglene blir bare strengere. Vi har en sketsj om rulling, der vi m\u00e5 g\u00e5 av og p\u00e5 bussen utenfor skolens omr\u00e5de, sier Helmer.<\/p>\n<p>  <a href=\"https:\/\/www.ostlendingen.no\/80-69-110174\" class=\"related-teaser has-image article--c-MkAkR\" rel=\"nofollow noopener\" target=\"_blank\"><\/p>\n<p>    <img decoding=\"async\" width=\"155\"  loading=\"lazy\"  src=\"https:\/\/www.europesays.com\/no\/wp-content\/uploads\/2026\/04\/Ga+rBort.jpg\" alt=\"\" class=\"brick-c-cFOWSL\" style=\"\"\/><\/p>\n<p>\n            Les ogs\u00e5<\/p>\n<p>            Dagen f\u00f8r kontrakten skulle signeres, kom nyheten som endrer alt: \u2013 Uforst\u00e5elig\n        <\/p>\n<p>  <\/a><br \/>\n  Humor med et snev av alvor<\/p>\n<p>Selv om revyen sparker oppover, er tonen langt fra aggressiv.\u00a0<\/p>\n<p>\u2013 Det er en god blanding av humor, satire og litt kritikk, sier Sandra.<\/p>\n<p>\u2013 Vi har ikke noe stygt innhold, legger hun til. Kanskje bare et h\u00e5p om at de som styrer \u00e5pner \u00f8ynene litt.<\/p>\n<p>   <img decoding=\"async\" width=\"4096\" height=\"3072\" fetchpriority=\"low\"  loading=\"lazy\"  src=\"https:\/\/www.europesays.com\/no\/wp-content\/uploads\/2026\/04\/IMG20260420180317.jpg\" alt=\"\" class=\"brick-c-cFOWSL\" style=\"--brick-image-ratio: 4096 \/ 3072;\"\/><\/p>\n<p>      SAMSPILL: Skuespillere, dansere og teknikk finner flyten sammen i et \u00f8vingsrom fullt av liv og bevegelse.<br \/>\n      Foto: Fr\u00f8ya Lofthus\n    <\/p>\n<p>Bak sp\u00f8ken ligger et alvor som mange russ vil kjenne seg igjen i.\u00a0<\/p>\n<p>\u2013 Vi er bare ungdom som har lyst til \u00e5 feire 13 \u00e5rs skolegang p\u00e5 en fin m\u00e5te, sier Kajsa.<\/p>\n<p>  <a href=\"https:\/\/www.ostlendingen.no\/80-69-178115\" class=\"related-teaser has-image article--c-MkAkR\" rel=\"nofollow noopener\" target=\"_blank\"><\/p>\n<p>    <img decoding=\"async\" width=\"155\"  loading=\"lazy\"  src=\"https:\/\/www.europesays.com\/no\/wp-content\/uploads\/2026\/04\/Amund+Fj%C3%A6ran%2C+russepresident+ELVIS+2.jpg\" alt=\"\" class=\"brick-c-cFOWSL\" style=\"\"\/><\/p>\n<p>\n            Les ogs\u00e5<\/p>\n<p>            Amund (18) s\u00e5 misforn\u00f8yde medelever. N\u00e5 st\u00e5r han i situasjonen selv\n        <\/p>\n<p>  <\/a><br \/>\n  Slik f\u00e5r du sett revyen<\/p>\n<p>Selv om utgangspunktet er russefeiring, er ambisjonen \u00e5 n\u00e5 bredt.<\/p>\n<p>\u2013 Revyen er for absolutt alle. Vi byr p\u00e5 glede, latter, musikk og show, sier Sandra.<\/p>\n<p>\u2013 Alle skal kunne relatere til noe, legger Helmer til.<\/p>\n<p>\u00abKledd av systemet\u00bb spilles onsdag 22. og torsdag 23. april klokken 19 i Elverum kulturhus.<\/p>\n<p>   <img decoding=\"async\" width=\"4096\" height=\"3072\" fetchpriority=\"low\"  loading=\"lazy\"  src=\"https:\/\/www.europesays.com\/no\/wp-content\/uploads\/2026\/04\/IMG20260420180735.jpg\" alt=\"\" class=\"brick-c-cFOWSL\" style=\"--brick-image-ratio: 4096 \/ 3072;\"\/><\/p>\n<p>      INTENSIV \u00d8VING: P\u00e5 scenen jobbes det i h\u00f8yt tempo der dans, replikk og timing justeres gang p\u00e5 gang.<br \/>\n      Foto: Fr\u00f8ya Lofthus\n    <\/p>\n<p><a class=\"brick-c-hOTghF\" href=\"#skip-\">Hopp over karusellen.<\/a><\/p>\n<p data-static=\"\" class=\"brick-c-fgNmNC\" id=\"carousel-title-\">Innholdskarusell med 20 artikler.<\/p>\n<ul data-static=\"\" aria-label=\"Navigasjon for innholdskarusell\" class=\"carousel-nav\">\n<li>\n<\/li>\n<li>\n<\/li>\n<\/ul>\n","protected":false},"excerpt":{"rendered":"Da \u00d8stlendingen tok turen til kulturhuset under russerevyens \u00f8ving mandag kveld, var det alt annet enn stille.\u00a0 Ungdommer&hellip;\n","protected":false},"author":2,"featured_media":217911,"comment_status":"","ping_status":"","sticky":false,"template":"","format":"standard","meta":{"footnotes":"","_share_on_mastodon":"0"},"categories":[58],"tags":[36,524,1070,71,410,30,28,29,14,1510,72],"class_list":["post-217910","post","type-post","status-publish","format-standard","has-post-thumbnail","category-underholdning","tag-art","tag-barn-og-unge","tag-elverum","tag-entertainment","tag-kultur","tag-no","tag-norge","tag-norway","tag-nyheter","tag-story","tag-underholdning"],"share_on_mastodon":{"url":"https:\/\/pubeurope.com\/@no\/116440872343670727","error":""},"_links":{"self":[{"href":"https:\/\/www.europesays.com\/no\/wp-json\/wp\/v2\/posts\/217910","targetHints":{"allow":["GET"]}}],"collection":[{"href":"https:\/\/www.europesays.com\/no\/wp-json\/wp\/v2\/posts"}],"about":[{"href":"https:\/\/www.europesays.com\/no\/wp-json\/wp\/v2\/types\/post"}],"author":[{"embeddable":true,"href":"https:\/\/www.europesays.com\/no\/wp-json\/wp\/v2\/users\/2"}],"replies":[{"embeddable":true,"href":"https:\/\/www.europesays.com\/no\/wp-json\/wp\/v2\/comments?post=217910"}],"version-history":[{"count":0,"href":"https:\/\/www.europesays.com\/no\/wp-json\/wp\/v2\/posts\/217910\/revisions"}],"wp:featuredmedia":[{"embeddable":true,"href":"https:\/\/www.europesays.com\/no\/wp-json\/wp\/v2\/media\/217911"}],"wp:attachment":[{"href":"https:\/\/www.europesays.com\/no\/wp-json\/wp\/v2\/media?parent=217910"}],"wp:term":[{"taxonomy":"category","embeddable":true,"href":"https:\/\/www.europesays.com\/no\/wp-json\/wp\/v2\/categories?post=217910"},{"taxonomy":"post_tag","embeddable":true,"href":"https:\/\/www.europesays.com\/no\/wp-json\/wp\/v2\/tags?post=217910"}],"curies":[{"name":"wp","href":"https:\/\/api.w.org\/{rel}","templated":true}]}}