{"id":21794,"date":"2025-08-29T20:23:13","date_gmt":"2025-08-29T20:23:13","guid":{"rendered":"https:\/\/www.europesays.com\/no\/21794\/"},"modified":"2025-08-29T20:23:13","modified_gmt":"2025-08-29T20:23:13","slug":"valg-2025-stortinget-forhandsstemmer-fredrikstad-over-10-000-stemmer-hittil","status":"publish","type":"post","link":"https:\/\/www.europesays.com\/no\/21794\/","title":{"rendered":"Valg 2025, Stortinget | Forh\u00e5ndsstemmer Fredrikstad: Over 10.000 stemmer hittil"},"content":{"rendered":"\n<p>\u2013 To uker f\u00f8r valget er det veldig mange som sier at de har stemt, sa Venstre-politiker Trond Svandal da Fredriksstad Blad i helgen tok pulsen p\u00e5 valgkampen blant politikerne i g\u00e5gata.<\/p>\n<p>Flere av politikerne hadde inntrykk av at det er flere enn f\u00f8r som har forh\u00e5ndsstemt i \u00e5r.<\/p>\n<p>  <a href=\"https:\/\/www.f-b.no\/5-59-3682680\" class=\"related-teaser has-image default-story-teaser article--c-eRUmMG article--c-eRUmMG-jKCPdD-design-default\" rel=\"nofollow noopener\" target=\"_blank\"><\/p>\n<p>    <img decoding=\"async\" loading=\"lazy\"  src=\"https:\/\/www.europesays.com\/no\/wp-content\/uploads\/2025\/08\/Front+uten+selfie.jpg\" alt=\"\" class=\"brick-c-cFOWSL\" style=\"\"\/><\/p>\n<p>\n            Les ogs\u00e5<\/p>\n<p>              I k\u00f8 for p\u00f8lser, vafler, godterier og politiske budskap\n        <\/p>\n<p>  <\/a><\/p>\n<p>Det er ogs\u00e5 inntrykket til valgansvarlig Dick Ekeroth.<\/p>\n<p>Overbevist om ny rekord<\/p>\n<p>\u2013 Vi har dessverre ikke ordentlige tall fra n\u00f8yaktig den samme perioden for fire \u00e5r siden. Men vi vet at nesten 24.000 forh\u00e5ndsstemte for fire \u00e5r siden, og vi har over 10.000 som har stemt til n\u00e5, sier Ekeroth.<\/p>\n<p>Han opplyser at det er i den tiden vi g\u00e5r inn i n\u00e5, at kommunen f\u00e5r inn aller flest forh\u00e5ndsstemmer.<\/p>\n<p>I 2021 var det hele 52,7 prosent av de som faktisk stemte, som hadde levert stemmen p\u00e5 forh\u00e5nd.<\/p>\n<p>Dette var en dobling i prosent sammenlignet med 2017-valget. Trenden er den samme ogs\u00e5 i Hvaler og R\u00e5de.<\/p>\n<p>            FAKTA: S\u00e5 mange forh\u00e5ndsstemte i tidligere stortingsvalg<\/p>\n<p><b>Fredrikstad: <\/b><\/p>\n<p>2021: 72, 7 prosent av befolkningen stemte. 52,7 prosent av dem var forh\u00e5ndsstemmer. <\/p>\n<p> 2017: 74,6 prosent av befolkningen stemte. 26 prosent av dem var forh\u00e5ndsstemmer.<\/p>\n<p>2013: 75,7 prosent av befolkningen stemte. 44,2 prosent av dem var forh\u00e5ndsstemmer.<\/p>\n<p>2009: 73,8 prosent av befolkningen stemte. 17,8 prosent av dem var forh\u00e5ndsstemmer.<\/p>\n<p><b>Hvaler: <\/b><\/p>\n<p>2021: 79, 6 prosent av befolkningen stemte. 54,9 prosent av dem var forh\u00e5ndsstemmer. <\/p>\n<p>2017: 79,5 prosent av befolkningen stemte. 27,9 prosent av dem var forh\u00e5ndsstemmer. <\/p>\n<p>2013: : 81,1 prosent av befolkningen stemte. 25,5 prosent av dem var forh\u00e5ndsstemmer.<\/p>\n<p>2009: 77,5 prosent av befolkningen stemte. 21,8 prosent av dem var forh\u00e5ndsstemmer.<\/p>\n<p><b>R\u00e5de:<\/b><\/p>\n<p>2021: 77, 8 prosent av befolkningen stemte. 47,8 prosent av dem var forh\u00e5ndsstemmer. <\/p>\n<p>2017: 80,2 prosent av befolkningen stemte. 19,5 prosent av dem var forh\u00e5ndsstemmer. <\/p>\n<p>2013: 81,9 prosent av befolkningen stemte. 16,5 prosent av dem var forh\u00e5ndsstemmer.<\/p>\n<p>2009: 79,4 prosent av befolkningen stemte. 17,5 prosent av dem var forh\u00e5ndsstemmer.<\/p>\n<p>\u2013 Jeg er helt overbevist om at det blir mange flere i \u00e5r, sier Ekeroth.<\/p>\n<p><b>\u2013 T\u00f8r du tippe en prosent?<\/b><\/p>\n<p>\u2013 Tja \u2013 55, kanskje?<\/p>\n<p>   <img decoding=\"async\" width=\"1170\" height=\"876\" fetchpriority=\"low\"  loading=\"lazy\"  src=\"https:\/\/www.europesays.com\/no\/wp-content\/uploads\/2025\/08\/valg+dick.jpg\" alt=\"\" class=\"brick-c-cFOWSL\" style=\"--brick-image-ratio: 1170 \/ 876;\"\/><\/p>\n<p>    Valgansvarlig Dick Ekeroth\u00a0f\u00f8ler seg ganske sikker p\u00e5 at kommunen kommer til \u00e5 f\u00e5 inn flere forh\u00e5ndsstemmer i \u00e5r enn de rekordmange 23.876 stemmene som kom inn for fire \u00e5r siden.<br \/>\n    Foto: Marianne Hol\u00f8ien\n  <\/p>\n<p>  Er \u00abover alt\u00bb med stemmeurner<\/p>\n<p><b>\u2013 Hva tror du er \u00e5rsaken til at s\u00e5 mange forh\u00e5ndsstemmer n\u00e5?<\/b><\/p>\n<p>\u2013 Jeg tror at folk er mer engasjerte i \u00e5r enn tidligere. Det kan jo hende at det har noe \u00e5 gj\u00f8re med hvordan verden ser ut, sier Ekeroth.<\/p>\n<p>Kommunen legger ogs\u00e5 ned en solid innsats for \u00e5 gj\u00f8re det enkelt for folk \u00e5 stemme.<\/p>\n<p>Siden 11. august til 5. september har det v\u00e6rt mulig \u00e5 levere stemmen sin i byhallen p\u00e5 r\u00e5dhuset.<\/p>\n<p>Kommunen har ogs\u00e5 en valgbrakke st\u00e5ende p\u00e5 ulike steder og er til stede med stemmesedler og stemmeurner i b\u00e5de kj\u00f8pesentre og andre lokaler (se faktaboks).<\/p>\n<p>De bes\u00f8ker ogs\u00e5 institusjoner og i noen tilfeller private husstander.<\/p>\n<p>  <a href=\"https:\/\/www.f-b.no\/5-59-3684163\" class=\"related-teaser has-image default-story-teaser article--c-eRUmMG article--c-eRUmMG-jKCPdD-design-default\" rel=\"nofollow noopener\" target=\"_blank\"><\/p>\n<p>    <img decoding=\"async\" loading=\"lazy\"  src=\"https:\/\/www.europesays.com\/no\/wp-content\/uploads\/2025\/08\/DSC_0562.jpg\" alt=\"\" class=\"brick-c-cFOWSL\" style=\"\"\/><\/p>\n<p>\n            Les ogs\u00e5<\/p>\n<p>              \u2013 Psykisk helse og mindre forskjeller i samfunnet er de viktigste sakene for meg\n        <\/p>\n<p>  <\/a><br \/>\n  F\u00f8rer til flere stemmer totalt?<\/p>\n<p>Om det betyr at flere stemmer totalt n\u00e5r mange forh\u00e5ndsstemmer, er usikkert.<\/p>\n<p>\u2013 Valgforskere mener at det ikke n\u00f8dvendigvis har noen sammenheng. Men vi h\u00e5per jo det, da \u2013 at dette er et tegn p\u00e5 at flere \u00f8nsker \u00e5 bruke stemmeretten sin i \u00e5r. Derfor legger vi s\u00e5 veldig til rette. Ingen skal g\u00e5 glipp av muligheten til \u00e5 stemme, sier Ekeroth.<\/p>\n<p>Fredrikstad troner nemlig ikke \u00f8verst p\u00e5 lista over kommuner der folk er flinke til \u00e5 bruke stemmeretten sin.<\/p>\n<p>72,7 prosent av oss stemte ved forrige stortingsvalg. P\u00e5 landsbasis er prosenten 77,2.<\/p>\n<p>\u2013 S\u00e5 vi har et stykke opp til det, konstaterer han.<\/p>\n<p>\u2013 Et prosjekt mange gleder seg til<\/p>\n<p>Det er mange i kommunen som er opptatt med valget for tiden. Ekeroth ansl\u00e5r at det er minst tre personer til stede hvert eneste sted hvor det tas imot stemmer \u2013 i tillegg til de som tilrettelegger fra r\u00e5dhuset.<\/p>\n<p><b>\u2013 Da vi traff politikere i g\u00e5gata i helgen, var det mye godt hum\u00f8r og \u00e5penbart at mange har gledet seg veldig til valgkampen. Har dere det p\u00e5 samme m\u00e5te?<\/b><\/p>\n<p>\u2013 Her er det bra stemning. Dette er et prosjekt som veldig mange gleder seg til \u00e5 jobbe med. S\u00e5 er man d\u00f8nn utslitt n\u00e5r valget er over \u2013 og bare gleder seg til neste valg!<\/p>\n<p>  <a href=\"https:\/\/www.f-b.no\/5-59-3671676\" class=\"related-teaser has-image default-story-teaser article--c-eRUmMG article--c-eRUmMG-jKCPdD-design-default\" rel=\"nofollow noopener\" target=\"_blank\"><\/p>\n<p>    <img decoding=\"async\" loading=\"lazy\"  src=\"https:\/\/www.europesays.com\/no\/wp-content\/uploads\/2025\/08\/Dick+Ekeroth.jpg\" alt=\"\" class=\"brick-c-cFOWSL\" style=\"\"\/><\/p>\n<p>\n            Les ogs\u00e5<\/p>\n<p>              N\u00e5 kan du stemme \u2013 men valgsjef Dick er utestengt\n        <\/p>\n<p>  <\/a><\/p>\n","protected":false},"excerpt":{"rendered":"\u2013 To uker f\u00f8r valget er det veldig mange som sier at de har stemt, sa Venstre-politiker Trond&hellip;\n","protected":false},"author":2,"featured_media":21795,"comment_status":"","ping_status":"","sticky":false,"template":"","format":"standard","meta":{"footnotes":""},"categories":[10],"tags":[36,20,21,3654,24,25,15,22,23,13,30,28,29,14,16,333,1510,26,27,845],"class_list":{"0":"post-21794","1":"post","2":"type-post","3":"status-publish","4":"format-standard","5":"has-post-thumbnail","7":"category-norge","8":"tag-art","9":"tag-breaking-news","10":"tag-breakingnews","11":"tag-dick-ekeroth","12":"tag-featured-news","13":"tag-featurednews","14":"tag-headlines","15":"tag-latest-news","16":"tag-latestnews","17":"tag-news","18":"tag-no","19":"tag-norge","20":"tag-norway","21":"tag-nyheter","22":"tag-overskrifter","23":"tag-stortinget","24":"tag-story","25":"tag-top-stories","26":"tag-topstories","27":"tag-valg-2025"},"share_on_mastodon":{"url":"","error":""},"_links":{"self":[{"href":"https:\/\/www.europesays.com\/no\/wp-json\/wp\/v2\/posts\/21794","targetHints":{"allow":["GET"]}}],"collection":[{"href":"https:\/\/www.europesays.com\/no\/wp-json\/wp\/v2\/posts"}],"about":[{"href":"https:\/\/www.europesays.com\/no\/wp-json\/wp\/v2\/types\/post"}],"author":[{"embeddable":true,"href":"https:\/\/www.europesays.com\/no\/wp-json\/wp\/v2\/users\/2"}],"replies":[{"embeddable":true,"href":"https:\/\/www.europesays.com\/no\/wp-json\/wp\/v2\/comments?post=21794"}],"version-history":[{"count":0,"href":"https:\/\/www.europesays.com\/no\/wp-json\/wp\/v2\/posts\/21794\/revisions"}],"wp:featuredmedia":[{"embeddable":true,"href":"https:\/\/www.europesays.com\/no\/wp-json\/wp\/v2\/media\/21795"}],"wp:attachment":[{"href":"https:\/\/www.europesays.com\/no\/wp-json\/wp\/v2\/media?parent=21794"}],"wp:term":[{"taxonomy":"category","embeddable":true,"href":"https:\/\/www.europesays.com\/no\/wp-json\/wp\/v2\/categories?post=21794"},{"taxonomy":"post_tag","embeddable":true,"href":"https:\/\/www.europesays.com\/no\/wp-json\/wp\/v2\/tags?post=21794"}],"curies":[{"name":"wp","href":"https:\/\/api.w.org\/{rel}","templated":true}]}}