{"id":21827,"date":"2025-08-29T21:13:12","date_gmt":"2025-08-29T21:13:12","guid":{"rendered":"https:\/\/www.europesays.com\/no\/21827\/"},"modified":"2025-08-29T21:13:12","modified_gmt":"2025-08-29T21:13:12","slug":"vaer-vefsn-dette-er-siste-smak-av-denne-sorten-for-i-ar-det-er-bare-a-nyte","status":"publish","type":"post","link":"https:\/\/www.europesays.com\/no\/21827\/","title":{"rendered":"V\u00e6r, Vefsn | Dette er siste smak av denne sorten for i \u00e5r: \u2013 Det er bare \u00e5 nyte"},"content":{"rendered":"\n<p>\u2013 Det er bare \u00e5 nyte siste rest av sommeren n\u00e5, sier vakthavende meteorolog hos Meteorologisk institutt, Marek Ratajczak.<\/p>\n<p>P\u00e5 X melder meteorologene at Midt-Norge har en gunstig plassering i den atmosf\u00e6riske sirkulasjon p\u00e5 v\u00e5re breddegrader denne helga. Dermed f\u00e5r meteorologene bruke det de definerer som sitt \u00abelskede skille\u00bb Stad og Dovre.<\/p>\n<p>\u00abS\u00f8r for skillet: ustadig Nord for skillet: comeback for sommeren!\u00bb<\/p>\n<p>I b\u00e5de helga og neste uke kan  nyte temperaturer p\u00e5 rundt 20 grader. Det er en varmluft fra s\u00f8r som gir de h\u00f8ye temperaturene, men meteorologen forteller at det ikke er helt stabilt v\u00e6r i vente.<\/p>\n<p>\u2013 Den mest solrike dagen ser ut til \u00e5 v\u00e6re i dag. Det ser ut til at det kan komme litt mer skyer, og kanskje til og med litt regn p\u00e5 l\u00f8rdag, sier meteorologen, men legger til at det ikke er store nedb\u00f8rsmengder som da vil komme.<\/p>\n<p>\u2013 Det er litt st\u00f8rre sjanse s\u00f8ndag for \u00e5 f\u00e5 sol innimellom, selv om det ser ut til \u00e5 bli en del skyer.<\/p>\n<p>P\u00e5 dagtid kan helgelendingene, uansett hvilket v\u00e6r det blir, nyte gode temperaturer. Men n\u00e5r sola g\u00e5r ned \u2013 g\u00e5r ogs\u00e5 temperaturen ned.<\/p>\n<p>\u2013 Det begynner \u00e5 bli lengre natt n\u00e5, men n\u00e5r det blir mer skyer vil ogs\u00e5 nattetemperaturen holde seg litt h\u00f8yere, kanskje n\u00e6rmere 10 grader, sier Ratajczak, og legger til:<\/p>\n<p>\u2013 S\u00e5 det er klart at man burde kle seg litt ekstra tidlig p\u00e5 morgenen, og ta av seg p\u00e5 ettermiddagen. Det er jo p\u00e5 denne tida at vi har st\u00f8rst svingninger i temperatur og v\u00e6r.<\/p>\n<p>   <img decoding=\"async\" width=\"1919\" height=\"1080\" fetchpriority=\"low\"  loading=\"lazy\"  src=\"https:\/\/www.europesays.com\/no\/wp-content\/uploads\/2025\/08\/Resized_20250829_180145.JPG\" alt=\"\" class=\"brick-c-cFOWSL\" style=\"--brick-image-ratio: 1919 \/ 1080;\"\/><\/p>\n<p>    SOLSKINN: P\u00e5 Trofors var det ogs\u00e5 sv\u00e6rt fine forhold i sola fredag.<br \/>\n    Foto: Ragnar Straum\n  <\/p>\n<p>\u2013 Et det siste delen av sommeren vi opplever n\u00e5? <\/p>\n<p>\u2013 Det nok sannsynligvis det. Det begynner \u00e5 n\u00e6rme seg tida hvor det ikke er like mulig \u00e5 f\u00e5 disse temperaturene, selv om det bli en og annen dag med varme i september ogs\u00e5. Dette er nok den siste uka med sommer dette \u00e5ret.<\/p>\n","protected":false},"excerpt":{"rendered":"\u2013 Det er bare \u00e5 nyte siste rest av sommeren n\u00e5, sier vakthavende meteorolog hos Meteorologisk institutt, Marek&hellip;\n","protected":false},"author":2,"featured_media":21828,"comment_status":"","ping_status":"","sticky":false,"template":"","format":"standard","meta":{"footnotes":""},"categories":[5],"tags":[2486,36,20,21,24,25,2450,197,15,19,22,23,2688,17,18,1068,13,30,28,29,14,16,1953,1510,26,27,553,1203],"class_list":{"0":"post-21827","1":"post","2":"type-post","3":"status-publish","4":"format-standard","5":"has-post-thumbnail","7":"category-overskrifter","8":"tag-alstahaug","9":"tag-art","10":"tag-breaking-news","11":"tag-breakingnews","12":"tag-featured-news","13":"tag-featurednews","14":"tag-grane","15":"tag-hattfjelldal","16":"tag-headlines","17":"tag-hovedoppslag","18":"tag-latest-news","19":"tag-latestnews","20":"tag-leirfjord","21":"tag-main-news","22":"tag-mainnews","23":"tag-mosjoen","24":"tag-news","25":"tag-no","26":"tag-norge","27":"tag-norway","28":"tag-nyheter","29":"tag-overskrifter","30":"tag-sandnessjoen","31":"tag-story","32":"tag-top-stories","33":"tag-topstories","34":"tag-vaer","35":"tag-vefsn"},"share_on_mastodon":{"url":"","error":""},"_links":{"self":[{"href":"https:\/\/www.europesays.com\/no\/wp-json\/wp\/v2\/posts\/21827","targetHints":{"allow":["GET"]}}],"collection":[{"href":"https:\/\/www.europesays.com\/no\/wp-json\/wp\/v2\/posts"}],"about":[{"href":"https:\/\/www.europesays.com\/no\/wp-json\/wp\/v2\/types\/post"}],"author":[{"embeddable":true,"href":"https:\/\/www.europesays.com\/no\/wp-json\/wp\/v2\/users\/2"}],"replies":[{"embeddable":true,"href":"https:\/\/www.europesays.com\/no\/wp-json\/wp\/v2\/comments?post=21827"}],"version-history":[{"count":0,"href":"https:\/\/www.europesays.com\/no\/wp-json\/wp\/v2\/posts\/21827\/revisions"}],"wp:featuredmedia":[{"embeddable":true,"href":"https:\/\/www.europesays.com\/no\/wp-json\/wp\/v2\/media\/21828"}],"wp:attachment":[{"href":"https:\/\/www.europesays.com\/no\/wp-json\/wp\/v2\/media?parent=21827"}],"wp:term":[{"taxonomy":"category","embeddable":true,"href":"https:\/\/www.europesays.com\/no\/wp-json\/wp\/v2\/categories?post=21827"},{"taxonomy":"post_tag","embeddable":true,"href":"https:\/\/www.europesays.com\/no\/wp-json\/wp\/v2\/tags?post=21827"}],"curies":[{"name":"wp","href":"https:\/\/api.w.org\/{rel}","templated":true}]}}