{"id":218310,"date":"2026-04-21T13:18:23","date_gmt":"2026-04-21T13:18:23","guid":{"rendered":"https:\/\/www.europesays.com\/no\/218310\/"},"modified":"2026-04-21T13:18:23","modified_gmt":"2026-04-21T13:18:23","slug":"nordmenns-okonomiske-selvbilde-far-stryk-i-ny-rapport","status":"publish","type":"post","link":"https:\/\/www.europesays.com\/no\/218310\/","title":{"rendered":"Nordmenns \u00f8konomiske selvbilde f\u00e5r stryk i ny rapport"},"content":{"rendered":"<p><strong>En ny rapport fra Statistisk sentralbyr\u00e5 (SSB) nyanserer bildet av nordmenns \u00f8konomi. Selv om mange opplever at de har f\u00e5tt d\u00e5rligere r\u00e5d, viser tallene at flere husholdninger faktisk har hatt reell inntektsvekst de siste \u00e5rene.<\/strong><\/p>\n<p>If\u00f8lge forsker Audun Lang\u00f8rgen, som uttaler seg til <a href=\"https:\/\/www.nrk.no\/nyheter\/rapport_-ikke-helt-riktig-at-nordmenn-har-darligere-rad-1.17854775\" rel=\"nofollow noopener\" target=\"_blank\">NRK<\/a>, kan gapet mellom opplevelse og virkelighet blant annet forklares av \u00f8kte renteutgifter \u2013 s\u00e6rlig for boligeiere. Samtidig peker han p\u00e5 at mange ikke tar inn over seg effekten av inflasjon p\u00e5 gjeld.<\/p>\n<p>\u2013 Det kan tyde p\u00e5 at boligeierne undervurderer inflasjonsgevinstene som de har p\u00e5 l\u00e5net sitt, sier Lang\u00f8rgen.<\/p>\n<p>Han mener ogs\u00e5 at folks \u00f8konomiske oppfatning p\u00e5virkes av hva de legger mest merke til i hverdagen, som prisene p\u00e5 varer de kj\u00f8per ofte.<\/p>\n<p>\u2013 Folk henger seg opp i prisen p\u00e5 veldig synlige varer, sier han.<\/p>\n<p>Rapporten <a href=\"https:\/\/www.ssb.no\/nasjonalregnskap-og-konjunkturer\/okonomiske-analyser\/okonomiske-analyser-2-2026-utsyn-over-aret-2025\/_\/attachment\/inline\/06c80df1-a4c6-4942-aae4-81dab3b005f5:53a7396d99fd37168ae196b90dfb637dd272c6c3\/OA2026-2.pdf#page=48\" rel=\"nofollow noopener\" target=\"_blank\">Utsyn over norsk \u00f8konomi 2025<\/a> viser dermed at inntrykket av d\u00e5rligere r\u00e5d ikke n\u00f8dvendigvis gir et fullt bilde av den faktiske \u00f8konomiske utviklingen.<\/p>\n<p><img loading=\"lazy\" decoding=\"async\" src=\"data:image\/svg+xml,%3Csvg%20xmlns=\" http:=\"\" width=\"16\" height=\"16\" alt=\"Loading ...\" title=\"Loading ...\" class=\"wp-polls-image\" data-lazy-src=\"https:\/\/www.europesays.com\/no\/wp-content\/uploads\/2025\/08\/loading.gif\"\/>\u00a0Loading &#8230;<\/p>\n","protected":false},"excerpt":{"rendered":"En ny rapport fra Statistisk sentralbyr\u00e5 (SSB) nyanserer bildet av nordmenns \u00f8konomi. Selv om mange opplever at de&hellip;\n","protected":false},"author":2,"featured_media":218311,"comment_status":"","ping_status":"","sticky":false,"template":"","format":"standard","meta":{"footnotes":"","_share_on_mastodon":"0"},"categories":[10],"tags":[20,21,1017,24,25,15,2191,22,23,13,30,28,29,14,16,572,202,26,27],"class_list":["post-218310","post","type-post","status-publish","format-standard","has-post-thumbnail","category-norge","tag-breaking-news","tag-breakingnews","tag-fattigdom","tag-featured-news","tag-featurednews","tag-headlines","tag-inflasjon","tag-latest-news","tag-latestnews","tag-news","tag-no","tag-norge","tag-norway","tag-nyheter","tag-overskrifter","tag-okonomi","tag-ssb","tag-top-stories","tag-topstories"],"share_on_mastodon":{"url":"https:\/\/pubeurope.com\/@no\/116442897285513645","error":""},"_links":{"self":[{"href":"https:\/\/www.europesays.com\/no\/wp-json\/wp\/v2\/posts\/218310","targetHints":{"allow":["GET"]}}],"collection":[{"href":"https:\/\/www.europesays.com\/no\/wp-json\/wp\/v2\/posts"}],"about":[{"href":"https:\/\/www.europesays.com\/no\/wp-json\/wp\/v2\/types\/post"}],"author":[{"embeddable":true,"href":"https:\/\/www.europesays.com\/no\/wp-json\/wp\/v2\/users\/2"}],"replies":[{"embeddable":true,"href":"https:\/\/www.europesays.com\/no\/wp-json\/wp\/v2\/comments?post=218310"}],"version-history":[{"count":0,"href":"https:\/\/www.europesays.com\/no\/wp-json\/wp\/v2\/posts\/218310\/revisions"}],"wp:featuredmedia":[{"embeddable":true,"href":"https:\/\/www.europesays.com\/no\/wp-json\/wp\/v2\/media\/218311"}],"wp:attachment":[{"href":"https:\/\/www.europesays.com\/no\/wp-json\/wp\/v2\/media?parent=218310"}],"wp:term":[{"taxonomy":"category","embeddable":true,"href":"https:\/\/www.europesays.com\/no\/wp-json\/wp\/v2\/categories?post=218310"},{"taxonomy":"post_tag","embeddable":true,"href":"https:\/\/www.europesays.com\/no\/wp-json\/wp\/v2\/tags?post=218310"}],"curies":[{"name":"wp","href":"https:\/\/api.w.org\/{rel}","templated":true}]}}