{"id":219309,"date":"2026-04-22T15:44:14","date_gmt":"2026-04-22T15:44:14","guid":{"rendered":"https:\/\/www.europesays.com\/no\/219309\/"},"modified":"2026-04-22T15:44:14","modified_gmt":"2026-04-22T15:44:14","slug":"midt-norge-fikk-europas-dyreste-strom","status":"publish","type":"post","link":"https:\/\/www.europesays.com\/no\/219309\/","title":{"rendered":"Midt-Norge fikk Europas dyreste str\u00f8m"},"content":{"rendered":"\n<ul class=\"_list_145nj_3 _list_64s2r_85 _unordered_145nj_106 text-sans-m\">\n<li class=\"_item_145nj_30\">Midt-Norge hadde tidvis Europas h\u00f8yeste str\u00f8mpriser i april.<\/li>\n<li class=\"_item_145nj_30\">Vindkraft skulle gi billigere str\u00f8m, men enkelte eksperter sier \u00f8kt vindkraft har gjort str\u00f8mmen dyrere, noe Statnett avviser. <\/li>\n<li class=\"_item_145nj_30\">Et nytt system (flytbasert markedskobling) f\u00e5r en del av skylden for ekstreme pristopper.<\/li>\n<li class=\"_item_145nj_30\">B\u00e5de fagfolk og Statnett strever med \u00e5 forklare pris\u00f8kningen.<\/li>\n<\/ul>\n<p>Vis mer <\/p>\n<p class=\"_paragraph_145nj_4 _paragraph_6fko5_10 layout-component text-serif-m layout-normal text-serif-m layout-padded\">Ute langs kysten st\u00e5r vindm\u00f8llene og snurrer p\u00e5 tr\u00f8ndersk. <\/p>\n<p class=\"_paragraph_145nj_4 _paragraph_6fko5_10 layout-component text-serif-m layout-normal text-serif-m layout-padded\">For kommunene i Midt-Norge har vindkraften brakt penger i kassen. Og folk flest har f\u00e5tt billigere str\u00f8m.<\/p>\n<p class=\"_paragraph_145nj_4 _paragraph_6fko5_10 layout-component text-serif-m layout-normal text-serif-m layout-padded\">Men n\u00e5 har det skjedd noe uforst\u00e5elig.<\/p>\n<p class=\"_paragraph_145nj_4 _paragraph_6fko5_10 layout-component text-serif-m layout-normal text-serif-m layout-padded\">Regionen har i perioder i april hatt de h\u00f8yeste kraftprisene i Norge. Og i Europa.<\/p>\n<p class=\"_paragraph_145nj_4 _paragraph_6fko5_10 layout-component text-serif-m layout-normal text-serif-m layout-padded\">Det skjer samtidig som det bl\u00e5ser godt.<\/p>\n<p class=\"_paragraph_145nj_4 _paragraph_6fko5_10 layout-component text-serif-m layout-normal text-serif-m layout-padded\">F\u00e5 i bransjen har noen god forklaring. De sier rett ut at de ikke skj\u00f8nner det selv.<\/p>\n<p><img alt=\"VINDKRAFT P\u00c5 FOSEN: Str\u00f8mmen v\u00e6rt rekorddyr til tross for mye vind. Normalt skulle prisen ha g\u00e5tt i bunn n\u00e5r det bl\u00e5ser s\u00e5 mye.   Foto: Heiko Junge \/ NTB\" class=\"_image_jw3bv_65 layout-component layout-normal\" data-fullscreen- data-track-element-type=\"Article image fullscreen\" data-track-name=\"ImageFullscreen\" decoding=\"async\" loading=\"lazy\" height=\"3775\" itemprop=\"image\"  src=\"https:\/\/www.europesays.com\/no\/wp-content\/uploads\/2026\/04\/2194323a-e493-3964-9313-8b6fd5f5a4ea.jpeg\"  style=\"object-position:0% 0%\" width=\"5663\"\/>VINDKRAFT P\u00c5 FOSEN: Str\u00f8mmen v\u00e6rt rekorddyr til tross for mye vind. Normalt skulle prisen ha g\u00e5tt i bunn n\u00e5r det bl\u00e5ser s\u00e5 mye.   Foto: Heiko Junge \/ NTB<\/p>\n<p class=\"_paragraph_145nj_4 _paragraph_6fko5_10 layout-component text-serif-m layout-normal text-serif-m layout-padded\">Samtidig som prisene har v\u00e6rt ekstreme, har str\u00f8mmen blitt solgt ut av regionen p\u00e5 billigsalg. <\/p>\n<p class=\"_paragraph_145nj_4 _paragraph_6fko5_10 layout-component text-serif-m layout-normal text-serif-m layout-padded\">Str\u00f8mmen g\u00e5r alts\u00e5 feil vei. Nord-Norge kj\u00f8per av Tr\u00f8ndelag. <\/p>\n<p class=\"_paragraph_145nj_4 _paragraph_6fko5_10 layout-component text-serif-m layout-normal text-serif-m layout-padded\">Og det er her historien tipper over i det absurde:<\/p>\n<p class=\"_paragraph_145nj_4 _paragraph_6fko5_10 layout-component text-serif-m layout-normal text-serif-m layout-padded\">Jo mer det bl\u00e5ser ute p\u00e5 Fosen, jo dyrere har kraften blitt. Det <a href=\"https:\/\/montelnews.com\/nordic\/news\/5bbb7d68-0dd6-4f17-9766-4fcbeb93cd72\/analytiker-midtnorske-pristopper-er-ekstremt-problematisk?fbclid=IwY2xjawRVZoxleHRuA2FlbQIxMABicmlkETFMQzdmcTEwdmtoUmRNTlpTc3J0YwZhcHBfaWQQMjIyMDM5MTc4ODIwMDg5MgABHmvxNd8OiIOUngkJe3oWnOKOkVmevfcBvmYi1m9dRqhSgRAJvH0ACuX7AsHE_aem_lV13h1KwzpHDWo3VtawvHQ\" class=\"_link_145nj_39\" rel=\"nofollow noopener\" target=\"_blank\">hevder<\/a> flere <a href=\"https:\/\/www.europower.no\/kraftmarked\/flytbasert-mareritt-mer-vindkraftproduksjon-forer-til-enda-hoyere-priser\/2-1-1973506\" class=\"_link_145nj_39\" rel=\"nofollow noopener\" target=\"_blank\">analytikere. <\/a><\/p>\n<p class=\"_paragraph_145nj_4 _paragraph_6fko5_10 layout-component text-serif-m layout-normal text-serif-m layout-padded\">Ser vi p\u00e5 den aller dyreste dagen, 14. april, bl\u00e5ste det kraftig.<\/p>\n<p class=\"_paragraph_145nj_4 _paragraph_6fko5_10 layout-component text-serif-m layout-normal text-serif-m layout-padded\">Ut fra gammel logikk skulle prisen ha g\u00e5tt i kjelleren. Det stikk motsatte skjedde. <\/p>\n<p><img alt=\"ET EGET PRISOMR\u00c5DET: Str\u00f8mregionen for Midt-Norge, hovedsakelig best\u00e5ende av Tr\u00f8ndelag og M\u00f8re og Romsdal, har til tider hatt sv\u00e6rt dyr str\u00f8m.   Foto: Ned Alley \/ NTB\" class=\"_image_jw3bv_65 layout-component layout-normal\" data-fullscreen- data-track-element-type=\"Article image fullscreen\" data-track-name=\"ImageFullscreen\" decoding=\"async\" loading=\"lazy\" height=\"2832\" itemprop=\"image\"  src=\"https:\/\/www.europesays.com\/no\/wp-content\/uploads\/2026\/04\/8d673140-d6d4-359d-a708-3b81f1a155de.jpeg\"  style=\"object-position:0% 0%\" width=\"4256\"\/>ET EGET PRISOMR\u00c5DET: Str\u00f8mregionen for Midt-Norge, hovedsakelig best\u00e5ende av Tr\u00f8ndelag og M\u00f8re og Romsdal, har til tider hatt sv\u00e6rt dyr str\u00f8m.   Foto: Ned Alley \/ NTB<\/p>\n<p class=\"_paragraph_145nj_4 _paragraph_6fko5_10 layout-component text-serif-m layout-normal text-serif-m layout-padded\">St\u00e5le Gjersvold er toppsjef i Tr\u00f8nderEnergi. Bransjen hans tjener godt p\u00e5 dyr str\u00f8m, men han vet ikke helt hva han skal si.<\/p>\n<p class=\"_paragraph_145nj_4 _paragraph_6fko5_10 layout-component text-serif-m layout-normal text-serif-m layout-padded\">\u2013 Selv om det er mye produksjon p\u00e5 Fosen, blir prisene h\u00f8yere jo mer det bl\u00e5ser, sier han.<\/p>\n<p class=\"_paragraph_145nj_4 _paragraph_6fko5_10 layout-component text-serif-m layout-normal text-serif-m layout-padded\">Gjersvold legger til at dyr gass, manglende nett, lite vann i magasinene, sn\u00f8mangel og vedlikehold p\u00e5 overf\u00f8ringslinjer spiller inn.<\/p>\n<p class=\"_paragraph_145nj_4 _paragraph_6fko5_10 layout-component text-serif-m layout-normal text-serif-m layout-padded\">Men det er ikke alt.<\/p>\n<p><img alt=\"ENERGITOPP: St\u00e5le Gjersvold i Tr\u00f8nderEnergi.   Foto: Ole Martin Wold \/ NTB\" class=\"_image_jw3bv_65 layout-component layout-normal\" data-fullscreen- data-track-element-type=\"Article image fullscreen\" data-track-name=\"ImageFullscreen\" decoding=\"async\" loading=\"lazy\" height=\"3884\" itemprop=\"image\"  src=\"https:\/\/www.europesays.com\/no\/wp-content\/uploads\/2026\/04\/7c10cbc1-2dc9-3d28-9114-1445775af475.jpeg\"  style=\"object-position:0% 0%\" width=\"5826\"\/>ENERGITOPP: St\u00e5le Gjersvold i Tr\u00f8nderEnergi.   Foto: Ole Martin Wold \/ NTB<\/p>\n<p class=\"_paragraph_145nj_4 _paragraph_6fko5_10 layout-component text-serif-m layout-normal text-serif-m layout-padded\">En forklaring finnes i en ordning som ble innf\u00f8rt for et par \u00e5r siden: flytbasert markedskobling.<\/p>\n<p class=\"_paragraph_145nj_4 _paragraph_6fko5_10 layout-component text-serif-m layout-normal text-serif-m layout-padded\">Sliter du med \u00e5 henge med, trenger du ikke \u00e5 skamme deg.<\/p>\n<p class=\"_paragraph_145nj_4 _paragraph_6fko5_10 layout-component text-serif-m layout-normal text-serif-m layout-padded\">\u2013 Men hvem faen er det som forst\u00e5r hva de begrepene betyr, <a href=\"https:\/\/www.europower.no\/politikk\/aasland-hvem-faen-er-det-som-forstar-hva-flytbasert-markedskobling-er-\/2-1-1726364\" class=\"_link_145nj_39\" rel=\"nofollow noopener\" target=\"_blank\">sa energiministeren selv <\/a>i 2024, da ordningen ble innf\u00f8rt.<\/p>\n<p class=\"_paragraph_145nj_4 _paragraph_6fko5_10 layout-component text-serif-m layout-normal text-serif-m layout-padded\">Flere <a href=\"https:\/\/montelnews.com\/nordic\/news\/5bbb7d68-0dd6-4f17-9766-4fcbeb93cd72\/analytiker-midtnorske-pristopper-er-ekstremt-problematisk?fbclid=IwY2xjawRVnlFleHRuA2FlbQIxMABicmlkETFMQzdmcTEwdmtoUmRNTlpTc3J0YwZhcHBfaWQQMjIyMDM5MTc4ODIwMDg5MgABHh14c185wXHVRcqn-scCC-he6K4GPk4tca8Gmn5QZNIpdQXqLVqz-s51UPc5_aem_pFnhMOpJ6acKJgH64wtfnQ\" class=\"_link_145nj_39\" rel=\"nofollow noopener\" target=\"_blank\">eksperter <\/a>sier rett ut at dette sl\u00e5r enormt urettferdig ut for Midt-Norge. <\/p>\n<p class=\"_paragraph_145nj_4 _paragraph_6fko5_10 layout-component text-serif-m layout-normal text-serif-m layout-padded\">Men heller ikke i nord er de forn\u00f8yd. Der g\u00e5r prisene i minus.<\/p>\n<p class=\"_paragraph_145nj_4 _paragraph_6fko5_10 layout-component text-serif-m layout-normal text-serif-m layout-padded\">\u2013 Vi har et kraftmarked n\u00e5 som ikke fungerer, sier konserndirekt\u00f8r Elnar Remi Holmen i Salten kraft, som ber om mer nett raskere. <\/p>\n<p class=\"_paragraph_145nj_4 _paragraph_6fko5_10 layout-component text-serif-m layout-normal text-serif-m layout-padded\">Tr\u00f8nderEnergi-topp Gjersvold pr\u00f8ver \u00e5 forklare. <\/p>\n<p class=\"_paragraph_145nj_4 _paragraph_6fko5_10 layout-component text-serif-m layout-normal text-serif-m layout-padded\">Tanken er god: Mer kraft skal flyte til folkerike omr\u00e5der, Oslo og Stockholm. Kapasiteten skal utnyttes bedre, til det beste for hele systemet. I fjor fikk Midt-Norge unaturlig billig str\u00f8m, s\u00e5 det g\u00e5r begge veier. <\/p>\n<p class=\"_paragraph_145nj_4 _paragraph_6fko5_10 layout-component text-serif-m layout-normal text-serif-m layout-padded\">Men ogs\u00e5 Gjersvold sliter med pedagogikken.<\/p>\n<p class=\"_paragraph_145nj_4 _paragraph_6fko5_10 layout-component text-serif-m layout-normal text-serif-m layout-padded\">\u2013 Ekspertene v\u00e5re forst\u00e5r det ikke. <a href=\"https:\/\/www.vg.no\/tag\/statnett?utm_source=vg-article&amp;utm_medium=auto-tagger&amp;utm_campaign=Arbjjr\" class=\"_link_145nj_39\" rel=\"nofollow noopener\" target=\"_blank\">Statnett<\/a> b\u00f8r forklare dette bedre, sier han.<\/p>\n<p class=\"_paragraph_145nj_4 _paragraph_6fko5_10 layout-component text-serif-m layout-normal text-serif-m layout-padded\">Hva sier s\u00e5 Statnett?<\/p>\n<p><img alt=\"SKJ\u00d8NTE DET IKKE HELT SELV: Energiminister Terje Aasland.   Foto: Ole Berg-Rusten \/ NTB\" class=\"_image_jw3bv_65 layout-component layout-normal\" data-fullscreen- data-track-element-type=\"Article image fullscreen\" data-track-name=\"ImageFullscreen\" decoding=\"async\" loading=\"lazy\" height=\"5760\" itemprop=\"image\"  src=\"https:\/\/www.europesays.com\/no\/wp-content\/uploads\/2026\/04\/6decaa41-f0f0-31c8-8754-3b90421d49d1.jpeg\"  style=\"object-position:0% 0%\" width=\"8640\"\/>SKJ\u00d8NTE DET IKKE HELT SELV: Energiminister Terje Aasland.   Foto: Ole Berg-Rusten \/ NTB<\/p>\n<p class=\"_paragraph_145nj_4 _paragraph_6fko5_10 layout-component text-serif-m layout-normal text-serif-m layout-padded\">\u2013 Det er ikke vindkraften som har v\u00e6rt problemet, skriver konserndirekt\u00f8r Peer Olav \u00d8stli i Statnett. <\/p>\n<p class=\"_paragraph_145nj_4 _paragraph_6fko5_10 layout-component text-serif-m layout-normal text-serif-m layout-padded\">If\u00f8lge ham er det lite vann,ham er det lite vann,Her er hele forklaringen fra Statnett: &#8211; Med tanke p\u00e5 de uvanlig h\u00f8ye prisene i Midt-Norge den siste tiden er det ikke vindkraften som har v\u00e6rt problemet. Det er en stor s\u00e5kalt flaskehals i nettet i Tr\u00f8ndelag, som i kombinasjon med planlagte nettutkoblinger andre steder og svak hydrologisk balanse som har gitt spesielle prisutslag. Statnett \u00f8nsker \u00e5 bygge en ny ledning over Trondheimsfjorden for \u00e5 \u00f8ke nettkapasiteten i NO3. Med flytbasert markedskobling sees kraftsystem og str\u00f8mnettet i hele Norge, Norden og i forlengelsen Europa i sammenheng. Kraftflyten bestemmes ut fra et m\u00e5l om \u00e5 utnytte den samlede kraftproduksjonen og nettet mest mulig effektivt. Det kan gi seg utslag der det produseres dyr kraft ett sted for p\u00e5 den m\u00e5ten slippe til mer billig kraft et annet sted. Hvordan virkningene er, hvem som f\u00e5r h\u00f8yest og lavest pris, vil variere over tid, sier konsernsjefen i Statnett p\u00e5 epost.<br \/>\n  utkoblinger og en stor propp i systemet som forklarer saken. <\/p>\n<p class=\"_paragraph_145nj_4 _paragraph_6fko5_10 layout-component text-serif-m layout-normal text-serif-m layout-padded\">Statnett er opptatt av at prisene er mer normale n\u00e5. <\/p>\n<p class=\"_paragraph_145nj_4 _paragraph_6fko5_10 layout-component text-serif-m layout-normal text-serif-m layout-padded\">Men hvor lenge varer det?<\/p>\n<p><img alt=\"LEDET AN: Ella Marie H\u00e6tta Isaksen var en av dem som demonstrerte mot vindm\u00f8llene p\u00e5 Fosen og menneskerettighetsbruddet der. H\u00f8yesterett sa til slutt at demonstrantene ikke kunne straffes.   Foto: Lise \u00c5serud \/ NTB\" class=\"_image_jw3bv_65 layout-component layout-normal\" data-fullscreen- data-track-element-type=\"Article image fullscreen\" data-track-name=\"ImageFullscreen\" decoding=\"async\" loading=\"lazy\" height=\"4000\" itemprop=\"image\"  src=\"https:\/\/www.europesays.com\/no\/wp-content\/uploads\/2026\/04\/f2ccc7eb-c90e-3025-9cfd-188dab3bbe0b.jpeg\"  style=\"object-position:0% 0%\" width=\"6000\"\/>LEDET AN: Ella Marie H\u00e6tta Isaksen var en av dem som demonstrerte mot vindm\u00f8llene p\u00e5 Fosen og menneskerettighetsbruddet der. H\u00f8yesterett sa til slutt at demonstrantene ikke kunne straffes.   Foto: Lise \u00c5serud \/ NTB<\/p>\n<p class=\"_paragraph_145nj_4 _paragraph_6fko5_10 layout-component text-serif-m layout-normal text-serif-m layout-padded\">St\u00e5le Gjersvold kr\u00f8p selv til Facebook-korset i forrige uke. Han la ut et skjermbilde: han hadde skaffet seg Norgespris.<\/p>\n<p class=\"_paragraph_145nj_4 _paragraph_6fko5_10 layout-component text-serif-m layout-normal text-serif-m layout-padded\">Han sier det satt langt inne.<\/p>\n<p class=\"_paragraph_145nj_4 _paragraph_6fko5_10 layout-component text-serif-m layout-normal text-serif-m layout-padded\">Men det er lite vann i magasinene. Det er uforutsigbart hvordan nettet p\u00e5virker prisen. Da kan prisene bli ekstreme igjen. <\/p>\n<p class=\"_paragraph_145nj_4 _paragraph_6fko5_10 layout-component text-serif-m layout-normal text-serif-m layout-padded\">Problemet er at folk ikke forst\u00e5r noe som helst, heller ikke de som selger og kj\u00f8per str\u00f8m.<\/p>\n<p class=\"_paragraph_145nj_4 _paragraph_6fko5_10 layout-component text-serif-m layout-normal text-serif-m layout-padded\">Det er ikke vanskelig \u00e5 se hvordan denne debatten utarter i sosiale medier.<\/p>\n<p class=\"_paragraph_145nj_4 _paragraph_6fko5_10 layout-component text-serif-m layout-normal text-serif-m layout-padded\">N\u00e5r utslagene blir s\u00e5 rare, sp\u00f8r folk i Midt-Norge om hvem som egentlig tjener p\u00e5 dette.<\/p>\n<p class=\"_paragraph_145nj_4 _paragraph_6fko5_10 layout-component text-serif-m layout-normal text-serif-m layout-padded\">Og ikke minst om det var verdt det: alle inngrepene, konfliktene, reinsdyrene, iskastet og fuglelivet.<\/p>\n<p class=\"_paragraph_145nj_4 _paragraph_6fko5_10 layout-component text-serif-m layout-normal text-serif-m layout-padded\">Antagelig var det det. <\/p>\n<p class=\"_paragraph_145nj_4 _paragraph_6fko5_10 layout-component text-serif-m layout-normal text-serif-m layout-padded\">Men det var neppe for at Stockholm skulle f\u00e5 billigere str\u00f8m, at staten begikk menneskerettighetsbrudd p\u00e5 Fosen. <\/p>\n<p>Les ogs\u00e5<br \/>\n   Dette er en kommentar. Kommentaren gir uttrykk for skribentens holdning. <\/p>\n","protected":false},"excerpt":{"rendered":"Midt-Norge hadde tidvis Europas h\u00f8yeste str\u00f8mpriser i april. Vindkraft skulle gi billigere str\u00f8m, men enkelte eksperter sier \u00f8kt&hellip;\n","protected":false},"author":2,"featured_media":219310,"comment_status":"","ping_status":"","sticky":false,"template":"","format":"standard","meta":{"footnotes":"","_share_on_mastodon":"0"},"categories":[10],"tags":[20,21,24,25,15,22,23,13,30,28,3333,29,14,16,3481,20849,1501,26,27,103],"class_list":["post-219309","post","type-post","status-publish","format-standard","has-post-thumbnail","category-norge","tag-breaking-news","tag-breakingnews","tag-featured-news","tag-featurednews","tag-headlines","tag-latest-news","tag-latestnews","tag-news","tag-no","tag-norge","tag-norgespris","tag-norway","tag-nyheter","tag-overskrifter","tag-statnett","tag-stromkalkulator","tag-strompriser","tag-top-stories","tag-topstories","tag-vgmeninger"],"share_on_mastodon":{"url":"https:\/\/pubeurope.com\/@no\/116449133786239297","error":""},"_links":{"self":[{"href":"https:\/\/www.europesays.com\/no\/wp-json\/wp\/v2\/posts\/219309","targetHints":{"allow":["GET"]}}],"collection":[{"href":"https:\/\/www.europesays.com\/no\/wp-json\/wp\/v2\/posts"}],"about":[{"href":"https:\/\/www.europesays.com\/no\/wp-json\/wp\/v2\/types\/post"}],"author":[{"embeddable":true,"href":"https:\/\/www.europesays.com\/no\/wp-json\/wp\/v2\/users\/2"}],"replies":[{"embeddable":true,"href":"https:\/\/www.europesays.com\/no\/wp-json\/wp\/v2\/comments?post=219309"}],"version-history":[{"count":0,"href":"https:\/\/www.europesays.com\/no\/wp-json\/wp\/v2\/posts\/219309\/revisions"}],"wp:featuredmedia":[{"embeddable":true,"href":"https:\/\/www.europesays.com\/no\/wp-json\/wp\/v2\/media\/219310"}],"wp:attachment":[{"href":"https:\/\/www.europesays.com\/no\/wp-json\/wp\/v2\/media?parent=219309"}],"wp:term":[{"taxonomy":"category","embeddable":true,"href":"https:\/\/www.europesays.com\/no\/wp-json\/wp\/v2\/categories?post=219309"},{"taxonomy":"post_tag","embeddable":true,"href":"https:\/\/www.europesays.com\/no\/wp-json\/wp\/v2\/tags?post=219309"}],"curies":[{"name":"wp","href":"https:\/\/api.w.org\/{rel}","templated":true}]}}