{"id":21932,"date":"2025-08-30T00:03:08","date_gmt":"2025-08-30T00:03:08","guid":{"rendered":"https:\/\/www.europesays.com\/no\/21932\/"},"modified":"2025-08-30T00:03:08","modified_gmt":"2025-08-30T00:03:08","slug":"bilforer-i-bergen-mistet-forerkort-etter-a-ha-blitt-malt-til-167-km-t","status":"publish","type":"post","link":"https:\/\/www.europesays.com\/no\/21932\/","title":{"rendered":"Bilf\u00f8rer i Bergen mistet f\u00f8rerkort etter \u00e5 ha blitt m\u00e5lt til 167 km\/t"},"content":{"rendered":"\n<p class=\"_lead_1bvmi_2 _lead_xtcu6_50 layout-component text-serif-m layout-normal text-serif-l layout-component layout-wide layout-padded _wide_17hqh_1 layout-padded\">En mannlige bilf\u00f8rer i 30-\u00e5rene mistet natt til l\u00f8rdag f\u00f8rerkortet etter \u00e5 ha blitt m\u00e5lt til 167 km\/t i en fartskontroll i en 70-sone i Bergen.<\/p>\n<ul aria-hidden=\"true\" class=\"_images_1y6fe_106\">\n<li><a class=\"_link_1y6fe_111\" href=\"https:\/\/www.vg.no\/forfatter\/ntb\" style=\"z-index:1\" title=\"NTB\" rel=\"nofollow noopener\" target=\"_blank\"><img alt=\"Bilde av NTB\" class=\"_image_1y6fe_88\" fetchpriority=\"low\" loading=\"lazy\" decoding=\"async\" itemprop=\"image\"  src=\"https:\/\/www.europesays.com\/no\/wp-content\/uploads\/2025\/08\/1756512187_431_c33980b0-5d07-4027-84a1-813f90a7c8d6\"  width=\"480\"\/><\/a><\/li>\n<\/ul>\n<p> Oppdatert l\u00f8rdag 30. august kl. 01:43     <\/p>\n<p class=\"_paragraph_1bvmi_4 _paragraph_xtcu6_10 layout-component text-serif-m layout-normal text-serif-m layout-padded\">\u2013 Det er en enorm fart, nesten 100 kilometer i timen over fartsgrensen. Det sier seg selv at det er for galt, sier operasjonsleder Terje Magnussen i Vest politidistrikt til NTB.<\/p>\n<p class=\"_paragraph_1bvmi_4 _paragraph_xtcu6_10 layout-component text-serif-m layout-normal text-serif-m layout-padded\">Mannen som n\u00e5 m\u00e5 betale en klekkelig bot og klare seg uten f\u00f8rerkort en god stund, er i 30-\u00e5rene, opplyser Magnussen.<\/p>\n<p class=\"_paragraph_1bvmi_4 _paragraph_xtcu6_10 layout-component text-serif-m layout-normal text-serif-m layout-padded\"><a href=\"https:\/\/www.vg.no\/tag\/utrykningspolitiet?utm_source=vg-article&amp;utm_medium=auto-tagger&amp;utm_campaign=nydPjn\" class=\"_link_1bvmi_39\" rel=\"nofollow noopener\" target=\"_blank\">Utrykningspolitiet<\/a> gjennomf\u00f8rte fartskontroll i en 70-sone ved Norges handelsh\u00f8yskole (NHH) i to timer fra 22.45-tiden fredag. I l\u00f8pet av denne tiden fikk ytterligere seks fartsbot etter \u00e5 ha blitt m\u00e5lt til for h\u00f8y hastighet. Blant disse var h\u00f8yeste hastighet 93 km\/t.<\/p>\n","protected":false},"excerpt":{"rendered":"En mannlige bilf\u00f8rer i 30-\u00e5rene mistet natt til l\u00f8rdag f\u00f8rerkortet etter \u00e5 ha blitt m\u00e5lt til 167 km\/t&hellip;\n","protected":false},"author":2,"featured_media":21933,"comment_status":"","ping_status":"","sticky":false,"template":"","format":"standard","meta":{"footnotes":""},"categories":[10],"tags":[444,20,21,1897,24,25,15,22,23,13,30,28,29,14,16,26,27,391],"class_list":{"0":"post-21932","1":"post","2":"type-post","3":"status-publish","4":"format-standard","5":"has-post-thumbnail","7":"category-norge","8":"tag-bergen","9":"tag-breaking-news","10":"tag-breakingnews","11":"tag-fartskontroll","12":"tag-featured-news","13":"tag-featurednews","14":"tag-headlines","15":"tag-latest-news","16":"tag-latestnews","17":"tag-news","18":"tag-no","19":"tag-norge","20":"tag-norway","21":"tag-nyheter","22":"tag-overskrifter","23":"tag-top-stories","24":"tag-topstories","25":"tag-utrykningspolitiet"},"share_on_mastodon":{"url":"","error":""},"_links":{"self":[{"href":"https:\/\/www.europesays.com\/no\/wp-json\/wp\/v2\/posts\/21932","targetHints":{"allow":["GET"]}}],"collection":[{"href":"https:\/\/www.europesays.com\/no\/wp-json\/wp\/v2\/posts"}],"about":[{"href":"https:\/\/www.europesays.com\/no\/wp-json\/wp\/v2\/types\/post"}],"author":[{"embeddable":true,"href":"https:\/\/www.europesays.com\/no\/wp-json\/wp\/v2\/users\/2"}],"replies":[{"embeddable":true,"href":"https:\/\/www.europesays.com\/no\/wp-json\/wp\/v2\/comments?post=21932"}],"version-history":[{"count":0,"href":"https:\/\/www.europesays.com\/no\/wp-json\/wp\/v2\/posts\/21932\/revisions"}],"wp:featuredmedia":[{"embeddable":true,"href":"https:\/\/www.europesays.com\/no\/wp-json\/wp\/v2\/media\/21933"}],"wp:attachment":[{"href":"https:\/\/www.europesays.com\/no\/wp-json\/wp\/v2\/media?parent=21932"}],"wp:term":[{"taxonomy":"category","embeddable":true,"href":"https:\/\/www.europesays.com\/no\/wp-json\/wp\/v2\/categories?post=21932"},{"taxonomy":"post_tag","embeddable":true,"href":"https:\/\/www.europesays.com\/no\/wp-json\/wp\/v2\/tags?post=21932"}],"curies":[{"name":"wp","href":"https:\/\/api.w.org\/{rel}","templated":true}]}}