{"id":21961,"date":"2025-08-30T01:17:09","date_gmt":"2025-08-30T01:17:09","guid":{"rendered":"https:\/\/www.europesays.com\/no\/21961\/"},"modified":"2025-08-30T01:17:09","modified_gmt":"2025-08-30T01:17:09","slug":"de-vet-hvor-det-gjor-vondest-for-putin","status":"publish","type":"post","link":"https:\/\/www.europesays.com\/no\/21961\/","title":{"rendered":"De vet hvor det gj\u00f8r vondest for Putin"},"content":{"rendered":"\n<p class=\"_lead_1bvmi_2 _lead_xtcu6_50 layout-component text-serif-m layout-normal text-serif-l layout-component layout-normal layout-padded layout-padded\">Vladimir Putin har tydeligvis ikke lyst til \u00e5 f\u00f8lge Donald Trumps b\u00f8nn om fred. Men kanskje blir han presset til det \u2013 av sine egne.<\/p>\n<p>Skriver om krigen i Ukraina, sjakk, Formel 1, idrettspolitikk, m.m.. Utdannet ved NMBU og Moskvas statsuniversitet. Hobbybonde.<\/p>\n<p><a href=\"https:\/\/www.vg.no\/nyheter\/i\/vgMwoj\/mailto:ole.kristian.strom@vg.no\" class=\"_button_6bkpv_2 button-label-large _filled_6bkpv_106 _button_43ilh_75\" rel=\"nofollow noopener\" target=\"_blank\">E-post<\/a><img alt=\" Foto: Roar Hagen \/ VG\" class=\"_image_qp4xg_65 layout-component layout-wide\" data-fullscreen- data-track-element-type=\"Article image fullscreen\" data-track-name=\"ImageFullscreen\" fetchpriority=\"high\" decoding=\"sync\" loading=\"eager\" height=\"2048\" itemprop=\"image\"  src=\"https:\/\/www.europesays.com\/no\/wp-content\/uploads\/2025\/08\/30e21495-219a-4e15-955b-514df857336f\"  style=\"object-position:0% 0%\" width=\"2732\"\/> Foto: Roar Hagen \/ VGL\u00f8rdag 30. august kl. 02:43     <\/p>\n<p class=\"_paragraph_1bvmi_4 _paragraph_xtcu6_10 layout-component text-serif-m layout-normal text-serif-m layout-padded\">Ukraina har truffet et \u00f8mt punkt hos russerne. <\/p>\n<p class=\"_paragraph_1bvmi_4 _paragraph_xtcu6_10 layout-component text-serif-m layout-normal text-serif-m layout-padded\">Droneangrepene mot russiske oljeraffinerier har gitt rasjonering p\u00e5 bensin, skyh\u00f8ye priser og kilometerlange k\u00f8er til bensinstasjoner enkelte steder. Da kan det bli tr\u00f8blete for Putin \u00e5 holde orden i rekkene hjemme.<\/p>\n<p class=\"_paragraph_1bvmi_4 _paragraph_xtcu6_10 layout-component text-serif-m layout-normal text-serif-m layout-padded\">Den avd\u00f8de amerikanske politikeren John McCainJohn McCainF\u00f8dt i 1936, d\u00f8d i 2018. Representerte republikanerne. Var n\u00e6r venn med mannen som kanskje er den russiske opposisjonens fremste leder akkurat n\u00e5, Vladimir Kara-Murza. kalte en gang <a href=\"https:\/\/www.vg.no\/tag\/russland?utm_source=vg-article&amp;utm_medium=auto-tagger&amp;utm_campaign=vgMwoj\" class=\"_link_1bvmi_39\" rel=\"nofollow noopener\" target=\"_blank\">Russland<\/a> for \u00aben bensinstasjon med atomv\u00e5pen\u00bb. N\u00e5, etter de ukrainske angrepene, m\u00e5 landet rasjonere drivstoff.<\/p>\n<p><img alt=\"Vladimir Putin p\u00e5 bes\u00f8k ved Lada-fabrikken AvtoVAZ i Togliatti i januar 2025.  Foto: Vyacheslav Prokofyev \/ Reuters \/ NTB\" class=\"_image_qp4xg_65 layout-component layout-normal\" data-fullscreen- data-track-element-type=\"Article image fullscreen\" data-track-name=\"ImageFullscreen\" decoding=\"async\" loading=\"lazy\" height=\"2001\" itemprop=\"image\"  src=\"https:\/\/www.europesays.com\/no\/wp-content\/uploads\/2025\/08\/752b7fcb-3fd3-49cc-ad79-66315c78a71c\"  style=\"object-position:0% 0%\" width=\"2780\"\/>Vladimir Putin p\u00e5 bes\u00f8k ved Lada-fabrikken AvtoVAZ i Togliatti i januar 2025.  Foto: Vyacheslav Prokofyev \/ Reuters \/ NTB<\/p>\n<p class=\"_paragraph_1bvmi_4 _paragraph_xtcu6_10 layout-component text-serif-m layout-normal text-serif-m layout-padded\">Eksperter har beregnet at 17 prosent av kapasiteten p\u00e5 oljeraffineriene er satt ut av spill. Samtidig har de vestlige sanksjonenesanksjoneneStraffetiltak som ett eller flere land innf\u00f8rer mot et annet land for \u00e5 presse det til \u00e5 endre oppf\u00f8rsel. etter fullskala invasjonen i 2022 gjort det vanskeligere \u00e5 f\u00e5 tak i de delene som trengs for \u00e5 reparere det som blir \u00f8delagt \u2013 og vedlikeholde de andre anleggene. B\u00e5de dronene og rakettene som brukes, blir stadig mer effektive.<\/p>\n<p class=\"_paragraph_1bvmi_4 _paragraph_xtcu6_10 layout-component text-serif-m layout-normal text-serif-m layout-padded\">De ukrainske angrepene har kommet p\u00e5 et tidspunkt da behovet er som st\u00f8rst, blant annet fordi mange skal p\u00e5 ferie og jordbruket skal h\u00f8ste \u00e5rets avlinger. Droneangrepene mot jernbanenettet og flyplassene har gjort at flere russere har m\u00e5ttet ta bilen p\u00e5 ferie denne gang.<\/p>\n<p class=\"_paragraph_1bvmi_4 _paragraph_xtcu6_10 layout-component text-serif-m layout-normal text-serif-m layout-padded\">Denne uken har russiske medier meldt om bensinkrise og enkelte steder er det lange k\u00f8er til pumpene, s\u00e6rlig i Russlands \u00abfjerne\u00bb \u00d8sten, omr\u00e5dene langt \u00f8st i den asiatiske delen av landet. <\/p>\n<p><img alt=\"Bilde av en Rosneft bensinstasjon i Moskva denne uken.  Foto: Pavel Bednyakov \/ AP \/ NTB\" class=\"_image_qp4xg_65 layout-component layout-normal\" data-fullscreen- data-track-element-type=\"Article image fullscreen\" data-track-name=\"ImageFullscreen\" decoding=\"async\" loading=\"lazy\" height=\"3016\" itemprop=\"image\"  src=\"https:\/\/www.europesays.com\/no\/wp-content\/uploads\/2025\/08\/7b9ae92d-4be9-40b0-be2b-ee394a0dbe93\"  style=\"object-position:0% 0%\" width=\"4524\"\/>Bilde av en Rosneft bensinstasjon i Moskva denne uken.  Foto: Pavel Bednyakov \/ AP \/ NTB<\/p>\n<p class=\"_paragraph_1bvmi_4 _paragraph_xtcu6_10 layout-component text-serif-m layout-normal text-serif-m layout-padded\">Det har g\u00e5tt s\u00e5 langt at man har m\u00e5ttet blokkere eksporten av bensin for \u00e5 m\u00f8te den nasjonale ettersp\u00f8rselen.<\/p>\n<p class=\"_paragraph_1bvmi_4 _paragraph_xtcu6_10 layout-component text-serif-m layout-normal text-serif-m layout-padded\">Vi skal ikke undervurdere viktigheten av det som n\u00e5 skjer. Ukraina vet hvor det gj\u00f8r som vondest. Vladimir Putin virker helt klar p\u00e5 at han vil fortsette krigen til han har n\u00e5dd sine m\u00e5l i Ukraina. Men hvis det skjer ting internt i Russland som gj\u00f8r at misn\u00f8yen blomstrer blant folk, kan det hende at han m\u00e5 revurdere dette. Mangel p\u00e5 bensin og h\u00f8ye priser er blant det som kan gi slik misn\u00f8ye.<\/p>\n<p class=\"_paragraph_1bvmi_4 _paragraph_xtcu6_10 layout-component text-serif-m layout-normal text-serif-m layout-padded\">\u2013 Krig er ikke noe foreg\u00e5r bare ved fronten, konstaterer Ukrainas tidligere utenriksminister Pavlo Klimkin.<\/p>\n<p class=\"_paragraph_1bvmi_4 _paragraph_xtcu6_10 layout-component text-serif-m layout-normal text-serif-m layout-padded\">\u2013 Den russiske \u00f8konomien har allerede problemer, s\u00e5 selv et lite dytt kan skape flaskehalser og \u00f8ke problemene.<\/p>\n<p><img alt=\"Biler i k\u00f8 til en NNK bensinstasjon i Vladivostok sist uke.  Foto: Tatiana Meel \/ Reuters \/ NTB\" class=\"_image_qp4xg_65 layout-component layout-normal\" data-fullscreen- data-track-element-type=\"Article image fullscreen\" data-track-name=\"ImageFullscreen\" decoding=\"async\" loading=\"lazy\" height=\"1535\" itemprop=\"image\"  src=\"https:\/\/www.europesays.com\/no\/wp-content\/uploads\/2025\/08\/2af50924-147f-42c6-9ea9-12aa4b43501d\"  style=\"object-position:0% 0%\" width=\"2225\"\/>Biler i k\u00f8 til en NNK bensinstasjon i Vladivostok sist uke.  Foto: Tatiana Meel \/ Reuters \/ NTB<\/p>\n<p class=\"_paragraph_1bvmi_4 _paragraph_xtcu6_10 layout-component text-serif-m layout-normal text-serif-m layout-padded\">For vonde bensinpriser er ikke det eneste som lurer. Russisk \u00f8konomi har klart seg overraskende godt gjennom krigen til n\u00e5, men det kan v\u00e6re slutt p\u00e5 den tiden. Renten er fortsatt skyh\u00f8y og prisstigningen langt over vestlig niv\u00e5. Olje- og gasseksporten er det som holder russisk \u00f8konomi flytende, men hvis den g\u00e5r ned, handler det om enten kutt eller \u00f8kte skatter. Pest eller kolera.<\/p>\n<p class=\"_paragraph_1bvmi_4 _paragraph_xtcu6_10 layout-component text-serif-m layout-normal text-serif-m layout-padded\">Mange \u00e5r f\u00f8r krigen i Ukraina startet snakket Putin foraktelig \u2013 men ogs\u00e5 skremt \u2013 om de \u00abfargede\u00bb revolusjonene i b\u00e5de Ukraina og andre tidligere sovjetrepublikker. Det har v\u00e6rt presidentens store frykt. <\/p>\n<p class=\"_paragraph_1bvmi_4 _paragraph_xtcu6_10 layout-component text-serif-m layout-normal text-serif-m layout-padded\">Derfor kan den ukrainske taktikken med \u00e5 \u00f8delegge infrastrukturinfrastrukturDe grunnleggende anleggene og systemene som trengs for at et samfunn skal fungere, som veier, broer, og energiforsyning. knyttet til olje- og gass v\u00e6re et genitrekk \u2013 om de klarer \u00e5 holde trykket oppe. De utnytter at Russland er et s\u00e5 enormt stort land at det er umulig \u00e5 ha et godt nok luftvern overalt. <\/p>\n<p class=\"_paragraph_1bvmi_4 _paragraph_xtcu6_10 layout-component text-serif-m layout-normal text-serif-m layout-padded\">Til syvende og sist g\u00e5r dette ut over folk flest. Som de fleste andre av oss, er ogs\u00e5 russerne mest opptatt av sitt eget ve og vel. Dette kan f\u00f8re til protester. Og da kan selv en autorit\u00e6rautorit\u00e6rEn styringsform der makten er konsentrert hos en leder eller en liten gruppe, med begrenset individuell frihet.<br \/>\n leder som Vladimir Putin f\u00e5 tr\u00f8bbel. <\/p>\n<p>   Dette er en kommentar. Kommentaren gir uttrykk for skribentens holdning. <\/p>\n","protected":false},"excerpt":{"rendered":"Vladimir Putin har tydeligvis ikke lyst til \u00e5 f\u00f8lge Donald Trumps b\u00f8nn om fred. Men kanskje blir han&hellip;\n","protected":false},"author":2,"featured_media":21962,"comment_status":"","ping_status":"","sticky":false,"template":"","format":"standard","meta":{"footnotes":""},"categories":[12],"tags":[20,21,24,25,15,179,22,23,13,30,28,29,14,16,188,26,27,489,42,103,186,43,44,45],"class_list":{"0":"post-21961","1":"post","2":"type-post","3":"status-publish","4":"format-standard","5":"has-post-thumbnail","7":"category-verden","8":"tag-breaking-news","9":"tag-breakingnews","10":"tag-featured-news","11":"tag-featurednews","12":"tag-headlines","13":"tag-krigen-i-ukraina","14":"tag-latest-news","15":"tag-latestnews","16":"tag-news","17":"tag-no","18":"tag-norge","19":"tag-norway","20":"tag-nyheter","21":"tag-overskrifter","22":"tag-russland","23":"tag-top-stories","24":"tag-topstories","25":"tag-ukraina","26":"tag-verden","27":"tag-vgmeninger","28":"tag-vladimir-putin","29":"tag-world","30":"tag-world-news","31":"tag-worldnews"},"share_on_mastodon":{"url":"","error":""},"_links":{"self":[{"href":"https:\/\/www.europesays.com\/no\/wp-json\/wp\/v2\/posts\/21961","targetHints":{"allow":["GET"]}}],"collection":[{"href":"https:\/\/www.europesays.com\/no\/wp-json\/wp\/v2\/posts"}],"about":[{"href":"https:\/\/www.europesays.com\/no\/wp-json\/wp\/v2\/types\/post"}],"author":[{"embeddable":true,"href":"https:\/\/www.europesays.com\/no\/wp-json\/wp\/v2\/users\/2"}],"replies":[{"embeddable":true,"href":"https:\/\/www.europesays.com\/no\/wp-json\/wp\/v2\/comments?post=21961"}],"version-history":[{"count":0,"href":"https:\/\/www.europesays.com\/no\/wp-json\/wp\/v2\/posts\/21961\/revisions"}],"wp:featuredmedia":[{"embeddable":true,"href":"https:\/\/www.europesays.com\/no\/wp-json\/wp\/v2\/media\/21962"}],"wp:attachment":[{"href":"https:\/\/www.europesays.com\/no\/wp-json\/wp\/v2\/media?parent=21961"}],"wp:term":[{"taxonomy":"category","embeddable":true,"href":"https:\/\/www.europesays.com\/no\/wp-json\/wp\/v2\/categories?post=21961"},{"taxonomy":"post_tag","embeddable":true,"href":"https:\/\/www.europesays.com\/no\/wp-json\/wp\/v2\/tags?post=21961"}],"curies":[{"name":"wp","href":"https:\/\/api.w.org\/{rel}","templated":true}]}}