{"id":21982,"date":"2025-08-30T03:45:33","date_gmt":"2025-08-30T03:45:33","guid":{"rendered":"https:\/\/www.europesays.com\/no\/21982\/"},"modified":"2025-08-30T03:45:33","modified_gmt":"2025-08-30T03:45:33","slug":"vaer-sarpsborg-god-morgen-sarpsborg","status":"publish","type":"post","link":"https:\/\/www.europesays.com\/no\/21982\/","title":{"rendered":"V\u00e6r, Sarpsborg | God morgen, Sarpsborg"},"content":{"rendered":"\n<p>Temperaturen blir slett ikke verst, men du m\u00e5 belage deg p\u00e5 regn i dag.<\/p>\n<p>&#8211; F\u00f8rste del av fredag er det ventet kraftige regnbyger i ditt omr\u00e5de. Det er lokale variasjoner i intensitet og mengde, og v\u00e6ret kan endres raskt. Nedb\u00f8rens plassering er usikker. Lokalt kan det komme omkring 20 mm\/1t, melder Meteorologisk institutt.<\/p>\n<p>Solen opp klokken 06:05 og g\u00e5r ned klokken 20:25.<\/p>\n<p>Dagen i dag<\/p>\n<p>29. august er det den 241. dagen i \u00e5ret og det er 124 dager igjen.<\/p>\n<p>Kjenner du en Johan, Jo eller Jone s\u00e5 er det p\u00e5 plass med en gratulasjon. De har navnedag i dag.<\/p>\n<p>P\u00e5 denne dagen er det flere begivenheter som har funnet sted:<\/p>\n<ul>\n<li>1526 \u2013 Suleiman I den store beseirer Ludvig II av Ungarn i slaget ved Moh\u00e1cs.<\/li>\n<li>1756 \u2013 Syv\u00e5rskrigen: Fredrik II av Preussen invaderte Sachsen.<\/li>\n<li>1807 \u2013 Napoleonskrigene: Slaget ved K\u00f8gefinner sted, der britiske styrker vinner overlegent over danske.<\/li>\n<li>1824 \u2013 Slaget ved Gerontas: En gresk fl\u00e5te p\u00e5 75 skip en omanske armada p\u00e5 100 skip best\u00e5ende av skip fra Egypt, Tunisia og Algerie.<\/li>\n<li>1943 \u2013 De tyske okkupantene innf\u00f8rer milit\u00e6r unntakstilstand i Danmark. Den danske h\u00e6ren og marinen avv\u00e6pnes og interneres. Marinen senker en del av sine skip heller enn \u00e5 la tyskerne overta dem. En rekke samfunnstopper tas som gisler. Det innf\u00f8res sensur.<\/li>\n<li>\n<p>1960\u2013 Tr\u00e5leren \u00abSt. Hubert\u00bb fisker opp en sylinder utenfor norskekysten. Sylinderen eksploderer tre d\u00f8gn senere. B\u00e5ten synker, og fire omkommer.<\/p>\n<\/li>\n<li>1966 \u2013 The Beatles holder sin siste offisielle konsert p\u00e5 Candlestick Park i San Francisco.<\/li>\n<li>\n<p>1968 \u2013 Kronprins Harald gifter seg med Sonja Haraldsen i Oslo domkirke.<\/p>\n<\/li>\n<li>\n<p>1985 \u2013 Norges f\u00f8rste kvinneuniversitet \u00e5pner p\u00e5 L\u00f8ten.<\/p>\n<\/li>\n<li>\n<p>1996 \u2013 Operafjellulykken: Den verste flyulykken i norgeshistorien inntreffer p\u00e5 Svalbard. 141 mennesker omkom.<\/p>\n<\/li>\n<\/ul>\n<p>Gunnar Berge, Michael Jackson og Jon Almaas er noen kjente personer som ble f\u00f8dt p\u00e5 den 29. august.<\/p>\n<p>Skal du ut i trafikken? Se her hvordan trafikken er n\u00e5 og hvor lang reisetid du b\u00f8r beregne:<\/p>\n<p>Her kan du se trafikken over Sarpsbrua direkte:<\/p>\n<p>    Vil du se neste video?<\/p>\n<p>    <a href=\"https:\/\/www.sa.no\/slik-dominerer-du-sarpsborgfestivalen-med-riktig-antrekk\/v\/5-46-1875452\" class=\"recommend-poster\" data-adp-clicklabel=\"video-recommend\" data-adp-clickvalue=\"poster\" rel=\"nofollow noopener\" target=\"_blank\"><br \/>\n      <img decoding=\"async\" width=\"200\" height=\"200\" loading=\"lazy\" src=\"https:\/\/www.europesays.com\/no\/wp-content\/uploads\/2025\/08\/v-i-804f7d3f-98a9-43c7-bc22-9a6d6b6f378f-1.jpg\" alt=\"\" class=\"brick-c-cFOWSL\" style=\"--brick-image-ratio: 200 \/ 200;\"\/><\/p>\n<p>Slik dominerer du Sarpsborgfestivalen med riktig antrekk2:06<\/p>\n<p>    <\/a><\/p>\n<p>P\u00e5 disse kameraene fra Statens vegvesen kan du f\u00f8lge trafikken p\u00e5 E6 direkte:<\/p>\n<p>Statens vegvesen opplyser om veiarbeid flere steder i kommunen.<\/p>\n<p>            Trafikk<\/p>\n<p>* Riksvei 22 Gatedalen &#8211; Bilett: veiarbeid i begge retninger. P\u00e5g\u00e5r fram til 31. oktober<\/p>\n<p>* Fylkesvei 118 Sandbakken &#8211; Fredheim. Veiarbeid fram til 30. september. Trafikken er lysregulert i begge retninger.<\/p>\n<p>* Fylkesvei 1164 ved Ravneberget: Veiarbeid. Det er lysregulering p\u00e5 stedet i begge retninger.<\/p>\n<p>Skal du reise kollektivt? Da kan disse v\u00e6re til nytte:<\/p>\n<p>Slik blir v\u00e6ret<\/p>\n<p>I dag blir det etter alle solemerker regn, men l\u00f8rdag ser n\u00e5 ut til \u00e5 bli mer eller mindre t\u00f8rr. Det b\u00f8r glede alle som skal p\u00e5 Sarpsborgfestivalen i morgen.<\/p>\n<p>Badetemperaturene<\/p>\n<p>Kommunen fortsetter \u00e5 sjekke badetemperaturene. I Tunevannet var det 17,6 grader onsdag klokken 16:45, mens det i saltvann ved H\u00f8ysand ble m\u00e5lt 17 grader onsdag klokken 16:51.<\/p>\n<p>Str\u00f8mprisen<\/p>\n<p>Fikk du med deg disse sakene p\u00e5 SA i g\u00e5r?<br \/>\n  <a href=\"https:\/\/www.sa.no\/5-46-1875285\" class=\"related-teaser has-image default-story-teaser article--c-eRUmMG article--c-eRUmMG-jKCPdD-design-default\" rel=\"nofollow noopener\" target=\"_blank\"><\/p>\n<p>    <img decoding=\"async\" loading=\"lazy\"  src=\"https:\/\/www.europesays.com\/no\/wp-content\/uploads\/2025\/08\/5_46_1654291+VM_CiciHenriksen_Pappen+0868_1.jpg\" alt=\"\" class=\"brick-c-cFOWSL\" style=\"\"\/><\/p>\n<p>\n            Les ogs\u00e5<\/p>\n<p>              S\u00e6rp Tropez f\u00f8rste teaterkompani fra Sarpsborg som f\u00e5r fler\u00e5rig tilskudd fra Kulturr\u00e5det\n        <\/p>\n<p>  <\/a><\/p>\n<p>  <a href=\"https:\/\/www.sa.no\/5-46-1871037\" class=\"related-teaser has-image default-story-teaser article--c-eRUmMG article--c-eRUmMG-jKCPdD-design-default\" rel=\"nofollow noopener\" target=\"_blank\"><\/p>\n<p>    <img decoding=\"async\" loading=\"lazy\"  src=\"https:\/\/www.europesays.com\/no\/wp-content\/uploads\/2025\/08\/5_46_1367673+ask+2.jpg\" alt=\"\" class=\"brick-c-cFOWSL\" style=\"\"\/><\/p>\n<p>\n            Les ogs\u00e5<\/p>\n<p>              Sarpsborg-firma har inntatt hovedstaden\n        <\/p>\n<p>  <\/a><\/p>\n<p>  <a href=\"https:\/\/www.sa.no\/5-46-1874560\" class=\"related-teaser has-image default-story-teaser article--c-eRUmMG article--c-eRUmMG-jKCPdD-design-default\" rel=\"nofollow noopener\" target=\"_blank\"><\/p>\n<p>    <img decoding=\"async\" loading=\"lazy\"  src=\"https:\/\/www.europesays.com\/no\/wp-content\/uploads\/2025\/08\/IMGL5611+%281%29.jpg\" alt=\"\" class=\"brick-c-cFOWSL\" style=\"\"\/><\/p>\n<p>\n            Les ogs\u00e5<\/p>\n<p>              Elisabeths (55) butikk p\u00e5 Gr\u00e5lum fortsetter \u00e5 vokse \u2013 til tross for bomringen\n        <\/p>\n<p>  <\/a><\/p>\n<p>Les mer om: artikkelemnene<\/p>\n","protected":false},"excerpt":{"rendered":"Temperaturen blir slett ikke verst, men du m\u00e5 belage deg p\u00e5 regn i dag. &#8211; F\u00f8rste del av&hellip;\n","protected":false},"author":2,"featured_media":2136,"comment_status":"","ping_status":"","sticky":false,"template":"","format":"standard","meta":{"footnotes":""},"categories":[10],"tags":[36,20,21,24,25,15,22,23,13,30,28,29,14,16,812,1510,26,27,224,553],"class_list":{"0":"post-21982","1":"post","2":"type-post","3":"status-publish","4":"format-standard","5":"has-post-thumbnail","7":"category-norge","8":"tag-art","9":"tag-breaking-news","10":"tag-breakingnews","11":"tag-featured-news","12":"tag-featurednews","13":"tag-headlines","14":"tag-latest-news","15":"tag-latestnews","16":"tag-news","17":"tag-no","18":"tag-norge","19":"tag-norway","20":"tag-nyheter","21":"tag-overskrifter","22":"tag-sarpsborg","23":"tag-story","24":"tag-top-stories","25":"tag-topstories","26":"tag-trafikk","27":"tag-vaer"},"share_on_mastodon":{"url":"","error":""},"_links":{"self":[{"href":"https:\/\/www.europesays.com\/no\/wp-json\/wp\/v2\/posts\/21982","targetHints":{"allow":["GET"]}}],"collection":[{"href":"https:\/\/www.europesays.com\/no\/wp-json\/wp\/v2\/posts"}],"about":[{"href":"https:\/\/www.europesays.com\/no\/wp-json\/wp\/v2\/types\/post"}],"author":[{"embeddable":true,"href":"https:\/\/www.europesays.com\/no\/wp-json\/wp\/v2\/users\/2"}],"replies":[{"embeddable":true,"href":"https:\/\/www.europesays.com\/no\/wp-json\/wp\/v2\/comments?post=21982"}],"version-history":[{"count":0,"href":"https:\/\/www.europesays.com\/no\/wp-json\/wp\/v2\/posts\/21982\/revisions"}],"wp:featuredmedia":[{"embeddable":true,"href":"https:\/\/www.europesays.com\/no\/wp-json\/wp\/v2\/media\/2136"}],"wp:attachment":[{"href":"https:\/\/www.europesays.com\/no\/wp-json\/wp\/v2\/media?parent=21982"}],"wp:term":[{"taxonomy":"category","embeddable":true,"href":"https:\/\/www.europesays.com\/no\/wp-json\/wp\/v2\/categories?post=21982"},{"taxonomy":"post_tag","embeddable":true,"href":"https:\/\/www.europesays.com\/no\/wp-json\/wp\/v2\/tags?post=21982"}],"curies":[{"name":"wp","href":"https:\/\/api.w.org\/{rel}","templated":true}]}}