{"id":219833,"date":"2026-04-23T07:23:29","date_gmt":"2026-04-23T07:23:29","guid":{"rendered":"https:\/\/www.europesays.com\/no\/219833\/"},"modified":"2026-04-23T07:23:29","modified_gmt":"2026-04-23T07:23:29","slug":"staten-overtar-planansvaret-for-fensfeltet","status":"publish","type":"post","link":"https:\/\/www.europesays.com\/no\/219833\/","title":{"rendered":"Staten overtar planansvaret for Fensfeltet"},"content":{"rendered":"<p class=\"lead\">Staten overtar ansvaret som planmyndighet for Fensfeltet fra Nome kommune, sier n\u00e6ringsminister Cecilie Myrseth (Ap) onsdag morgen.<\/p>\n<p class=\"lead\"><strong>\u2013 Allerede i dag vil vi si at dette vedtaket vil vi f\u00f8lge opp, sier n\u00e6ringsminister Cecilie Myrseth.<\/strong><\/p>\n<p class=\"lead\">Fensfeltet i Nome har Europas st\u00f8rste forekomst av sjeldne jordarter under jordskorpa. Dette er mineraler som blant annet trengs i mobiltelefoner og batterier.<\/p>\n<p>Selskapene p\u00e5 Fensfeltet planlegger en underjordisk gruve for \u00e5 hente opp de sjeldne jordartene, men hvor de skal hentes opp til, mineralparken, har lenge v\u00e6rt omstridt.\u00a0<\/p>\n<p>Alternativene er omr\u00e5det Nuke eller omr\u00e5det B\u00e6revann. F\u00f8rstnevnte har f\u00e6rre naturkonflikter, mens B\u00e6revann byr p\u00e5 bedre logistikk og er billigere for gruveselskapene.\u00a0<\/p>\n<p>\u2013 Dersom det startes utvinning i Fensfeltet, kan betydningen for lokalsamfunnet bli stor, sier Myrseth.\u00a0<\/p>\n<p><img decoding=\"async\" width=\"664\" class=\" cursor-pointer w-full sm:w-auto\" src=\"https:\/\/www.europesays.com\/no\/wp-content\/uploads\/2026\/04\/NTB_0JXLppputQQ.jpg\"  alt=\"N\u00e6ringsminister Cecilie Myrseth (Ap) p\u00e5 onsdagens pressem\u00f8te om Fensfeltet. Foto: \u00a0Ole Berg-Rusten \/ NTB\" loading=\"lazy\"\/>N\u00e6ringsminister Cecilie Myrseth (Ap) p\u00e5 onsdagens pressem\u00f8te om Fensfeltet. Foto: \u00a0Ole Berg-Rusten \/ NTB Betyr mye for tilgangen<\/p>\n<p class=\"txt-ind\">Det vil ogs\u00e5 bety mye for tilgangen til sjeldne jordarter i Norge og Europa.\u00a0 I dag ansl\u00e5s det at rundt 70 prosent av utvinningen av sjeldne jordarter skjer i Kina.<\/p>\n<p class=\"txt-ind\">I v\u00e5r ble det kjent at feltet er langt st\u00f8rre enn tidligere ansl\u00e5tt. If\u00f8lge det oppdaterte estimatet ble omfanget av sjeldne jordarter oppjustert fra 8,8 millioner tonn i 2024 til 15,9 millioner tonn i 2025. Feltet kan dermed v\u00e6re 80 prosent s\u00e5 stort som f\u00f8rst antatt.<\/p>\n<p class=\"txt-ind\">Hvordan gruven skal bygges har v\u00e6rt diskutert lenge. Det antas at utviklingen av Fensfeltet er et prosjekt med nasjonal betydning og kan bli viktig for europeisk forsyning av strategisk viktige mineraler.<\/p>\n<p class=\"txt-ind\">Gruvedrift m\u00f8ter utfordringer knyttet til b\u00e5de global konkurranse og milj\u00f8konsekvenser.<\/p>\n<p><img decoding=\"async\" width=\"664\" class=\" cursor-pointer w-full sm:w-auto\" src=\"https:\/\/www.europesays.com\/no\/wp-content\/uploads\/2026\/04\/NTB_bRJV5ngKMZk.jpg\"  alt=\"N\u00e6ringsminister Cecilie Myrseth (Ap) og kommunal- og distriktsminister Bj\u00f8rnar Skj\u00e6ran (Ap) holder pressem\u00f8te om Fensfeltet. Foto: \u00a0Ole Berg-Rusten \/ NTB\" loading=\"lazy\"\/>N\u00e6ringsminister Cecilie Myrseth (Ap) og kommunal- og distriktsminister Bj\u00f8rnar Skj\u00e6ran (Ap) holder pressem\u00f8te om Fensfeltet. Foto: \u00a0Ole Berg-Rusten \/ NTB Planprosessen er nesten lik<\/p>\n<p class=\"txt-ind\">\u2013 Jeg har v\u00e6rt med p\u00e5 mye som lokalpolitiker, men det er ingenting jeg har v\u00e6rt med p\u00e5 som har hatt det samme endringspotensialet som n\u00e5 st\u00e5r p\u00e5 d\u00f8ra i Nome i Telemark, sier kommunal- og distriktsminister Bj\u00f8rnar Skj\u00e6ran (Ap) p\u00e5 preseskonferansen.<\/p>\n<p class=\"txt-ind\">Han p\u00e5peker viktigheten i den lokale tilslutningen. Planprosessen er den samme p\u00e5 departementsniv\u00e5 som p\u00e5 kommunalt niv\u00e5, med samme krav til medvirkning, h\u00f8ring og offentlig ettersyn.<\/p>\n<p class=\"txt-ind\">\u2013 Det kan likevel ikke fremmes innsigelse til statlige planer, og det kan heller ikke klages p\u00e5 reguleringsvedtaket, sier Skj\u00e6ran.<\/p>\n<p class=\"txt-ind\">If\u00f8lge ham har saken fra kommunen 36 vedlegg og best\u00e5r av over 1000 sider med konsekvensutredninger.\u00a0<\/p>\n<p class=\"txt-ind\">\u2013 Vi skal samarbeide med lokale myndigheter og gj\u00f8re dette s\u00e5 raskt som mulig. Men det er ikke s\u00e5nn at det i seg selv beh\u00f8ver \u00e5 g\u00e5 raskere med en statlig plan, svarer han p\u00e5 sp\u00f8rsm\u00e5l om staten kan gj\u00f8re det raskere enn kommunen.<\/p>\n<p class=\"txt-ind\">\u2013 Kommunen ansl\u00e5r at Nuke kan ta fem til seks \u00e5r og at B\u00e6revann vil kunne ta 10 til 11 \u00e5r. Jobber dere ogs\u00e5 ut ifra det?<\/p>\n<p class=\"txt-ind\">\u2013 Det er for tidlig for meg \u00e5 svare ut en tidsplan.\u00a0<\/p>\n<p>Overtok sprengstoffplan<\/p>\n<p class=\"txt-ind\">Regjeringen kom i 2023 med en mineralstrategi som skulle sikre raskere <a href=\"https:\/\/www.tu.no\/artikler\/regjeringen-vil-etablere-hurtigspor-for-gruvedrift-etter-mineraler\/533107\" target=\"_blank\" rel=\"noopener nofollow\">behandling av gruves\u00f8knader<\/a>.<\/p>\n<p class=\"txt-ind\">\u2013 Vi har gjort flere grep for \u00e5 sikre raskere framdrift i mineralprosjekter, men vi kan ikke stikke under en stol at dette ogs\u00e5 er komplekse prosjekter. Og det er viktig at man h\u00f8rer ulike milj\u00f8er og stemmer uavhengig av om planprosessen er lokal eller nasjonal, sier Myrseth og legger til:<\/p>\n<p class=\"txt-ind\">\u2013 Dette er et veldig viktig prosjekt, ogs\u00e5 for regjeringen.\u00a0<\/p>\n<p class=\"txt-ind\">Statsr\u00e5dene vil forel\u00f8pig ikke svare p\u00e5 detaljene om de ulike alternativene.\u00a0<\/p>\n<p class=\"txt-ind\">\u2013 Men regjeringen har ikke levd i en annen sf\u00e6re, s\u00e5 vi er selvf\u00f8lgelig beredt til \u00e5 komme med tiltak og vedtak n\u00e5r det er behov for det, sier Myrseth.\u00a0<\/p>\n<p class=\"txt-ind\">I januar i \u00e5r overtok staten planprosessen for sprengstoffabrikken til Chemring Nobel fra Asker kommune.\u00a0Bakgrunnen er at prosjektet er av vesentlig betydning for nasjonale interesser, tiltaket er tidskritisk, har interessekonflikter mellom lokalt, regionalt og nasjonalt niv\u00e5, og mellom ulike sektorinteresser.\u00a0<\/p>\n<p class=\"txt-ind\">\u2013 Det er to ulike prosjekter, mye rundt prosess er kanskje likt. Men akkurat i dag er fokuset Fensfeltet, sier Myrseth.<\/p>\n<p>Fakta om Fensfeltet\u00a0<\/p>\n<p class=\"txt-ind\">Et geologisk unikt omr\u00e5de n\u00e6r Ulefoss i Nome kommune i Telemark. Feltet inneholder sjeldne mineraler.<\/p>\n<p class=\"txt-ind\">Feltet er 4 til 5 kvadratkilometer stort og ca. 5 kilometer i diameter.<\/p>\n<p class=\"txt-ind\">En kalksteinsvulkan var aktiv i omr\u00e5det for 580 millioner \u00e5r siden. Mineralforekomstene strekker seg derfor i en sylindrisk form nedover bakken. Det er gjort pr\u00f8veboringer til 1000 meters dyp, som viser at mineralforekomstene fortsetter videre nedover.<\/p>\n<p class=\"txt-ind\">Feltet inneholder blant annet de sjeldne jordartene neodym og praseodym som brukes i sterke magneter.<\/p>\n<p class=\"txt-ind\">Regjeringen har besluttet at det skal utarbeides en statlig plan for feltet. Det skjer etter \u00f8nske fra Nome kommune. Utviklingen av feltet er i en tidlig fase. F\u00f8r det eventuelt er aktuelt \u00e5 starte mineralutvinning, trengs det en reguleringsplan og tillatelser.<\/p>\n<p class=\"txt-ind\">Kilde: Regjeringen og Fensfeltet.no.<\/p>\n<p>Vis mer<\/p>\n<p><a class=\"group clear-both w-full !no-underline my-8 sm:my-12 bg-stone-50 dark:bg-brandStone-700 dark:text-brandNeutral-100 flex items-stretch flex-nowrap\" href=\"https:\/\/www.tu.no\/artikler\/faren-er-pa-ingen-mate-over\/567510\" rel=\"nofollow noopener\" target=\"_blank\"><img decoding=\"async\" class=\" object-cover h-full w-full transition-transform duration-700 ease-in-out group-hover:scale-[1.05] will-change-transform\" src=\"https:\/\/www.europesays.com\/no\/wp-content\/uploads\/2026\/04\/1776929008_647_original.jpg\"  alt=\"Administrerende direkt\u00f8r Harald Solberg i Norsk Industri er bekymret over at enkelte EU-dokumenter bruker begrepet \u00abMade in EU\u00bb. I verste fall kan Norge m\u00e5tte konkurrere i Europa p\u00e5 linje med India og Kina.\" loading=\"lazy\"\/><\/p>\n<p>Kommentar<\/p>\n<p class=\"group-hover:underline text-brandNeutral-900 dark:text-brandNeutral-100 mt-2 text-lg sm:text-2xl leading-6 sm:leading-7 font-serif font-light\">Hvis \u00abBuy European\u00bb betyr \u00abMade in EU\u00bb, har vi et kjempeproblem<\/p>\n<p><\/a><\/p>\n<p class=\"txt-ind\">\u00a0<\/p>\n","protected":false},"excerpt":{"rendered":"Staten overtar ansvaret som planmyndighet for Fensfeltet fra Nome kommune, sier n\u00e6ringsminister Cecilie Myrseth (Ap) onsdag morgen. \u2013&hellip;\n","protected":false},"author":2,"featured_media":219834,"comment_status":"","ping_status":"","sticky":false,"template":"","format":"standard","meta":{"footnotes":"","_share_on_mastodon":"0"},"categories":[10],"tags":[20,21,24,25,10726,15,537,22,23,13,30,28,29,14,16,26,27],"class_list":["post-219833","post","type-post","status-publish","format-standard","has-post-thumbnail","category-norge","tag-breaking-news","tag-breakingnews","tag-featured-news","tag-featurednews","tag-fensfeltet","tag-headlines","tag-industri","tag-latest-news","tag-latestnews","tag-news","tag-no","tag-norge","tag-norway","tag-nyheter","tag-overskrifter","tag-top-stories","tag-topstories"],"share_on_mastodon":{"url":"https:\/\/pubeurope.com\/@no\/116452826159810984","error":""},"_links":{"self":[{"href":"https:\/\/www.europesays.com\/no\/wp-json\/wp\/v2\/posts\/219833","targetHints":{"allow":["GET"]}}],"collection":[{"href":"https:\/\/www.europesays.com\/no\/wp-json\/wp\/v2\/posts"}],"about":[{"href":"https:\/\/www.europesays.com\/no\/wp-json\/wp\/v2\/types\/post"}],"author":[{"embeddable":true,"href":"https:\/\/www.europesays.com\/no\/wp-json\/wp\/v2\/users\/2"}],"replies":[{"embeddable":true,"href":"https:\/\/www.europesays.com\/no\/wp-json\/wp\/v2\/comments?post=219833"}],"version-history":[{"count":0,"href":"https:\/\/www.europesays.com\/no\/wp-json\/wp\/v2\/posts\/219833\/revisions"}],"wp:featuredmedia":[{"embeddable":true,"href":"https:\/\/www.europesays.com\/no\/wp-json\/wp\/v2\/media\/219834"}],"wp:attachment":[{"href":"https:\/\/www.europesays.com\/no\/wp-json\/wp\/v2\/media?parent=219833"}],"wp:term":[{"taxonomy":"category","embeddable":true,"href":"https:\/\/www.europesays.com\/no\/wp-json\/wp\/v2\/categories?post=219833"},{"taxonomy":"post_tag","embeddable":true,"href":"https:\/\/www.europesays.com\/no\/wp-json\/wp\/v2\/tags?post=219833"}],"curies":[{"name":"wp","href":"https:\/\/api.w.org\/{rel}","templated":true}]}}