{"id":220308,"date":"2026-04-23T16:48:15","date_gmt":"2026-04-23T16:48:15","guid":{"rendered":"https:\/\/www.europesays.com\/no\/220308\/"},"modified":"2026-04-23T16:48:15","modified_gmt":"2026-04-23T16:48:15","slug":"kontakt-lege-for-a-bytte-behandling","status":"publish","type":"post","link":"https:\/\/www.europesays.com\/no\/220308\/","title":{"rendered":"Kontakt lege for \u00e5 bytte behandling"},"content":{"rendered":"<p>    Produksjonen og salg av noen insulinprodukter avsluttes i hele Europa. De fleste er lite brukt i Norge, unntatt Insulatard FlexPen.<\/p>\n<p>\n    KUTTER UT: Det danske legemiddelfirmaet Novo Nordisk kutter ut en diabetesmedisin som mange norske pasienter bruker. Arkivfoto: Richard Drew \/ AP \/ NTB\n  <\/p>\n<p>&#8211; Vi forst\u00e5r at det kan oppleves krevende \u00e5 bytte insulin. Det finnes gode alternativer, men bytte krever oppf\u00f8lging, og det kan ta litt tid \u00e5 finne riktig dose. Derfor haster det \u00e5 kontakte lege n\u00e5, p\u00e5peker overlege Ingrid Aas ved\u00a0<a href=\"https:\/\/www.dmp.no\/forsyningssikkerhet\/legemiddelmangel\/nyheter\/Diabeteslegemidler-avregistreres#Se-oversikt-over-insulinproduktene-som-forsvinner-184964\" target=\"_blank\" rel=\"nofollow noopener\">Direktoratet for medisinske produkter<\/a>\u00a0, som omtaler saken p\u00e5 sine nettsider.<\/p>\n<p>    <a itemprop=\"url\" href=\"https:\/\/www.dagbladet.no\/kjendis\/trosser-sykdommen\/84534611\" rel=\"nofollow noopener\" target=\"_blank\"><\/p>\n<p>        <img loading=\"lazy\" decoding=\"async\" src=\"https:\/\/www.europesays.com\/no\/wp-content\/uploads\/2026\/04\/84534757.webp.webp\" width=\"980\" height=\"441\" title=\"- Trosser sykdommen\" alt=\"\" class=\"lazyload\" style=\"--aspect-ratio-image: 2.22; \"\/><\/p>\n<p>        &#8211; Trosser sykdommen<\/p>\n<p>    <\/a><\/p>\n<p>B\u00e5de DMP og Diabetesforbundet har tidligere informert om avregistreringen, men tall fra Legemiddelregisteret viser at sv\u00e6rt f\u00e5 pasienter har byttet behandling.<\/p>\n<p>&#8211; Insulatard er en type eldre insulin som har v\u00e6rt brukt lenge. I dag finnes det gode alternativer som gir jevnere og mer forutsigbar effekt p\u00e5 blodsukkeret. For noen kan det derfor v\u00e6re en fordel \u00e5 bytte, fordi mindre behov for justeringer kan gj\u00f8re behandlingen enklere og mer stabil, sier Aas.<\/p>\n<p>        ADVARER: Brannen i det russiske oljeraffineriet i Tuapse f\u00e5r enorme milj\u00f8konsekvenser, og kjemikeren bak nervegiften Novitsjok advarer om masseforgiftning av befolkningen og d\u00f8d. Video: Telegram \/ X \/ VK \/ NTB. Reporter: Vegard Kr\u00fcger<\/p>\n<p>Grunnen til at produktene fases ut, er at de er lite l\u00f8nnsomme.<\/p>\n","protected":false},"excerpt":{"rendered":"Produksjonen og salg av noen insulinprodukter avsluttes i hele Europa. De fleste er lite brukt i Norge, unntatt&hellip;\n","protected":false},"author":2,"featured_media":220309,"comment_status":"","ping_status":"","sticky":false,"template":"","format":"standard","meta":{"footnotes":"","_share_on_mastodon":"0"},"categories":[10],"tags":[20,21,20896,24,25,15,2539,22,23,13,30,28,29,14,16,26,27],"class_list":["post-220308","post","type-post","status-publish","format-standard","has-post-thumbnail","category-norge","tag-breaking-news","tag-breakingnews","tag-dinside","tag-featured-news","tag-featurednews","tag-headlines","tag-innenriks","tag-latest-news","tag-latestnews","tag-news","tag-no","tag-norge","tag-norway","tag-nyheter","tag-overskrifter","tag-top-stories","tag-topstories"],"share_on_mastodon":{"url":"https:\/\/pubeurope.com\/@no\/116455047874831716","error":""},"_links":{"self":[{"href":"https:\/\/www.europesays.com\/no\/wp-json\/wp\/v2\/posts\/220308","targetHints":{"allow":["GET"]}}],"collection":[{"href":"https:\/\/www.europesays.com\/no\/wp-json\/wp\/v2\/posts"}],"about":[{"href":"https:\/\/www.europesays.com\/no\/wp-json\/wp\/v2\/types\/post"}],"author":[{"embeddable":true,"href":"https:\/\/www.europesays.com\/no\/wp-json\/wp\/v2\/users\/2"}],"replies":[{"embeddable":true,"href":"https:\/\/www.europesays.com\/no\/wp-json\/wp\/v2\/comments?post=220308"}],"version-history":[{"count":0,"href":"https:\/\/www.europesays.com\/no\/wp-json\/wp\/v2\/posts\/220308\/revisions"}],"wp:featuredmedia":[{"embeddable":true,"href":"https:\/\/www.europesays.com\/no\/wp-json\/wp\/v2\/media\/220309"}],"wp:attachment":[{"href":"https:\/\/www.europesays.com\/no\/wp-json\/wp\/v2\/media?parent=220308"}],"wp:term":[{"taxonomy":"category","embeddable":true,"href":"https:\/\/www.europesays.com\/no\/wp-json\/wp\/v2\/categories?post=220308"},{"taxonomy":"post_tag","embeddable":true,"href":"https:\/\/www.europesays.com\/no\/wp-json\/wp\/v2\/tags?post=220308"}],"curies":[{"name":"wp","href":"https:\/\/api.w.org\/{rel}","templated":true}]}}