{"id":22061,"date":"2025-08-30T06:57:08","date_gmt":"2025-08-30T06:57:08","guid":{"rendered":"https:\/\/www.europesays.com\/no\/22061\/"},"modified":"2025-08-30T06:57:08","modified_gmt":"2025-08-30T06:57:08","slug":"tromso-ute-tromso-pagrepet-for-vold","status":"publish","type":"post","link":"https:\/\/www.europesays.com\/no\/22061\/","title":{"rendered":"Troms\u00f8, UTE | Troms\u00f8: P\u00e5grepet for vold"},"content":{"rendered":"\n<p>En mann i 20 \u00e5rene ble natt til l\u00f8rdag p\u00e5grepet og innsatt i arrest etter en voldshendelse i Storgata i Troms\u00f8. <\/p>\n<p>\u2013 Den p\u00e5grepne skal uten foranledning ha spyttet p\u00e5 og sl\u00e5tt til en tilfeldig forbipasserende kvinne. Siktede slo ogs\u00e5 til kvinnens kj\u00e6reste i ansiktet n\u00e5r han gikk i mellom, skriver politiet. <\/p>\n<p>Kvinnen ble kj\u00f8rt til legevakten for sjekk. .<\/p>\n<p>Les mer om: artikkelemnene<\/p>\n","protected":false},"excerpt":{"rendered":"En mann i 20 \u00e5rene ble natt til l\u00f8rdag p\u00e5grepet og innsatt i arrest etter en voldshendelse i&hellip;\n","protected":false},"author":2,"featured_media":2176,"comment_status":"","ping_status":"","sticky":false,"template":"","format":"standard","meta":{"footnotes":""},"categories":[10],"tags":[36,20,21,24,25,15,22,23,13,30,28,29,14,16,1510,26,27,263,3692,493],"class_list":{"0":"post-22061","1":"post","2":"type-post","3":"status-publish","4":"format-standard","5":"has-post-thumbnail","7":"category-norge","8":"tag-art","9":"tag-breaking-news","10":"tag-breakingnews","11":"tag-featured-news","12":"tag-featurednews","13":"tag-headlines","14":"tag-latest-news","15":"tag-latestnews","16":"tag-news","17":"tag-no","18":"tag-norge","19":"tag-norway","20":"tag-nyheter","21":"tag-overskrifter","22":"tag-story","23":"tag-top-stories","24":"tag-topstories","25":"tag-tromso","26":"tag-ute","27":"tag-vold"},"share_on_mastodon":{"url":"","error":""},"_links":{"self":[{"href":"https:\/\/www.europesays.com\/no\/wp-json\/wp\/v2\/posts\/22061","targetHints":{"allow":["GET"]}}],"collection":[{"href":"https:\/\/www.europesays.com\/no\/wp-json\/wp\/v2\/posts"}],"about":[{"href":"https:\/\/www.europesays.com\/no\/wp-json\/wp\/v2\/types\/post"}],"author":[{"embeddable":true,"href":"https:\/\/www.europesays.com\/no\/wp-json\/wp\/v2\/users\/2"}],"replies":[{"embeddable":true,"href":"https:\/\/www.europesays.com\/no\/wp-json\/wp\/v2\/comments?post=22061"}],"version-history":[{"count":0,"href":"https:\/\/www.europesays.com\/no\/wp-json\/wp\/v2\/posts\/22061\/revisions"}],"wp:featuredmedia":[{"embeddable":true,"href":"https:\/\/www.europesays.com\/no\/wp-json\/wp\/v2\/media\/2176"}],"wp:attachment":[{"href":"https:\/\/www.europesays.com\/no\/wp-json\/wp\/v2\/media?parent=22061"}],"wp:term":[{"taxonomy":"category","embeddable":true,"href":"https:\/\/www.europesays.com\/no\/wp-json\/wp\/v2\/categories?post=22061"},{"taxonomy":"post_tag","embeddable":true,"href":"https:\/\/www.europesays.com\/no\/wp-json\/wp\/v2\/tags?post=22061"}],"curies":[{"name":"wp","href":"https:\/\/api.w.org\/{rel}","templated":true}]}}