{"id":220687,"date":"2026-04-24T05:10:26","date_gmt":"2026-04-24T05:10:26","guid":{"rendered":"https:\/\/www.europesays.com\/no\/220687\/"},"modified":"2026-04-24T05:10:26","modified_gmt":"2026-04-24T05:10:26","slug":"uteblir-i-adresse-wien-kjipt","status":"publish","type":"post","link":"https:\/\/www.europesays.com\/no\/220687\/","title":{"rendered":"Uteblir i \u00abAdresse: Wien\u00bb: &#8211; Kjipt"},"content":{"rendered":"<p class=\"kicker \" style=\"\">\u00abAdresse: Wien\u00bb:<\/p>\n<p>    Det faste panelet i NRKs Eurovision-oppvarming blir \u00e9n gladlaks fattigere i l\u00f8rdagens sending &#8211; og dette er \u00e5rsaken.\u00a0<\/p>\n<p>\n    ESC-VORSPIEL: Hver uke sender NRK Eurovision-oppvarmingen Adresse: Wien. L\u00f8rdag er det duket for programmets tredje episode &#8211; men \u00e9n paneldeltaker m\u00e5 avst\u00e5. P\u00e5 bildet ses Stian \u00abStaysman\u00bb Thorbj\u00f8rnsen, Carina Dahl som var gjest i et tidligere program &#8211; og resten av panelet med Marte Stokstad, Ingeborg Heldal og Kevin V\u00e5genes. Foto: Celina \u00d8ier \/ NRK\n  <\/p>\n<p>L\u00f8rdag kveld er det klart for den tredje episoden av \u00abAdresse: Wien\u00bb p\u00e5 NRK, hvor Marte Stokstad (47) og hennes ekspertpanel skal vurdere \u00e5rets Eurovision-bidrag.<\/p>\n<p class=\"font-weight-normal m-font-weight-normal\" data-lab-font_weight=\"font-weight-normal\">Denne uken er det blant andre l\u00e5tene fra Belgia, Danmark og Ukraina som skal under lupen.<\/p>\n<p>Uteblir\t<\/p>\n<p>I panelet sitter som vanlig Kevin V\u00e5genes (39) og Ingeborg Heldal (52), sammen med ukens gjestedommer, Henrik Asheim (42).<\/p>\n<p>    <a itemprop=\"url\" href=\"https:\/\/www.seher.no\/kjendis\/vinneren-avslort-ved-en-feil\/84525051\" rel=\"nofollow noopener\" target=\"_blank\"><\/p>\n<p>        <img loading=\"lazy\" decoding=\"async\" src=\"https:\/\/www.europesays.com\/no\/wp-content\/uploads\/2026\/04\/84524955.webp.webp\" width=\"980\" height=\"441\" title=\"Vinneren avsl\u00f8rt ved en feil\" alt=\"\" class=\"lazyload\" style=\"--aspect-ratio-image: 2.22; \"\/><\/p>\n<p>        Vinneren avsl\u00f8rt ved en feil<\/p>\n<p>    <\/a><\/p>\n<p class=\"font-weight-bold m-font-weight-bold\" data-lab-font_weight=\"font-weight-bold\">Men trofaste seere vil raskt legge merke til at det mangler et kjent ansikt i den fargerike sofaen.<\/p>\n<p>Stian \u00abStaysman\u00bb Thorbj\u00f8rnsen (44), som har v\u00e6rt en fast b\u00e6rebjelke i \u00abAdresse\u00bb-programmene i flere \u00e5r, glimrer nemlig med sitt frav\u00e6r i helgens program.<\/p>\n<p>        <img loading=\"lazy\" decoding=\"async\" src=\"https:\/\/www.europesays.com\/no\/wp-content\/uploads\/2026\/04\/84345816.webp.webp\" width=\"980\" height=\"559\" title=\"DROPPER: \u00abStaysman\u00bb m\u00e5tte utebli fra l\u00f8rdagens episode. Her er han avbildet ved en tidligere anledning. Foto: Nina Hansen \/ Dagbladet\" alt=\"\" class=\"\" style=\"--aspect-ratio-image: 1.75; \"\/><\/p>\n<p>\n        DROPPER: \u00abStaysman\u00bb m\u00e5tte utebli fra l\u00f8rdagens episode. Her er han avbildet ved en tidligere anledning. Foto: Nina Hansen \/ Dagbladet\n    <\/p>\n<p>R\u00f8per \u00e5rsaken\t<\/p>\n<p>Se og H\u00f8r tok kontakt med den folkekj\u00e6re artisten og programlederen for \u00e5 h\u00f8re om \u00e5rsaken til at han m\u00e5tte kaste inn h\u00e5ndkleet under innspillingen.<\/p>\n<p class=\"font-weight-bold m-font-weight-bold\" data-lab-font_weight=\"font-weight-bold\">Og grunnen er s\u00e5re enkel:\u00a0<\/p>\n<p class=\"font-weight-normal m-font-weight-normal\" data-lab-font_weight=\"font-weight-normal\">&#8211; Det er&#8217;nte verre enn at jeg ble syk p\u00e5 oppdagsdagen. Det var kjipt, men de har heldigvis f\u00e5tt inn en god erstatter, skriver artisten i en tekstmelding.\u00a0<\/p>\n<p>    <a itemprop=\"url\" href=\"https:\/\/www.seher.no\/kjendis\/verste-kvelden-pa-mange-ar\/84520158\" rel=\"nofollow noopener\" target=\"_blank\"><\/p>\n<p>        <img loading=\"lazy\" decoding=\"async\" src=\"https:\/\/www.europesays.com\/no\/wp-content\/uploads\/2026\/04\/1777007419_770_84519433.webp.webp\" width=\"980\" height=\"441\" title=\"- Verste kvelden p\u00e5 mange \u00e5r\" alt=\"\" class=\"lazyload\" style=\"--aspect-ratio-image: 2.22; \"\/><\/p>\n<p>        &#8211; Verste kvelden p\u00e5 mange \u00e5r<\/p>\n<p>    <\/a><\/p>\n<p>Han stepper inn\t<\/p>\n<p class=\"font-weight-normal m-font-weight-normal\" data-lab-font_weight=\"font-weight-normal\">Ogs\u00e5 prosjektleder i \u00abAdresse\u00bb, Guri Skavlan, bekrefter \u00abStaysmans\u00bb frafall i helgens program.\u00a0<\/p>\n<p class=\"font-weight-normal m-font-weight-normal\" data-lab-font_weight=\"font-weight-normal\">&#8211; Dessverre ble Stian \u00abStaysman\u00bb syk da vi laget program 3 og 4. S\u00e5 vi var heldige da Olav Svartstad Haugland (38) steppet inn, p\u00e5 kort varsel og glimrende vis.\u00a0<\/p>\n<p>        <img loading=\"lazy\" decoding=\"async\" src=\"https:\/\/www.europesays.com\/no\/wp-content\/uploads\/2026\/04\/84533161.webp.webp\" width=\"980\" height=\"559\" title=\"L\u00d8RDAGENS PANEL: Henrik Asheim, Olav Svartstad Haugland, Marte Stokstad, Ingeborg Heldal og Kevin V\u00e5genes. Foto: Celina \u00d8ier \/ NRK\" alt=\"\" class=\"\" style=\"--aspect-ratio-image: 1.75; \"\/><\/p>\n<p>\n        L\u00d8RDAGENS PANEL: Henrik Asheim, Olav Svartstad Haugland, Marte Stokstad, Ingeborg Heldal og Kevin V\u00e5genes. Foto: Celina \u00d8ier \/ NRK\n    <\/p>\n<p>Prosjektleder Skavlan legger til en gladmelding i samme slengen:\u00a0<\/p>\n<p class=\"font-weight-bold m-font-weight-bold\" data-lab-font_weight=\"font-weight-bold\">&#8211; Stian kom seg, og er tilbake i storform i siste program.\u00a0<\/p>\n<p>    <a itemprop=\"url\" href=\"https:\/\/www.seher.no\/kjendis\/roper-det-blir-drama\/84513468\" rel=\"nofollow noopener\" target=\"_blank\"><\/p>\n<p>        <img loading=\"lazy\" decoding=\"async\" src=\"https:\/\/www.europesays.com\/no\/wp-content\/uploads\/2026\/04\/84513395.webp.webp\" width=\"980\" height=\"441\" title=\"R\u00f8per: - Det blir drama\" alt=\"\" class=\"lazyload\" style=\"--aspect-ratio-image: 2.22; \"\/><\/p>\n<p>        R\u00f8per: &#8211; Det blir drama<\/p>\n<p>    <\/a><\/p>\n<p class=\"font-weight-normal m-font-weight-normal\" data-lab-font_weight=\"font-weight-normal\"> Til tross for \u00abStaysmans\u00bb frav\u00e6r, lover statskanalen en forrykende sending der de resterende dommerne og folkejuryen skal dele ut sine 12-poengere. <\/p>\n<p>    Dette er l\u00e5tene som skal vurderes:<\/p>\n<ul>\n<li class=\"lab-bodytext-line\">Belgia &#8211; ESSYLA med \u00abDancing on the Ice\u00bb<\/li>\n<li class=\"lab-bodytext-line\">Litauen &#8211; Lion Ceccah med \u00abSolo Quiero M\u00e1s\u00bb<\/li>\n<li class=\"lab-bodytext-line\">Sveits &#8211; Veronica Fusaro med \u00abAlice\u00bb<\/li>\n<li class=\"lab-bodytext-line\">Danmark &#8211; S\u00f8ren Torpegaard Lund med \u00abF\u00f8r vi g\u00e5r hjem\u00bb<\/li>\n<li class=\"lab-bodytext-line\">Malta &#8211; AIDAN med \u00abBella\u00bb<\/li>\n<li class=\"lab-bodytext-line\">Georgia &#8211; Bzikebi med \u00abOn Replay\u00bb<\/li>\n<li class=\"lab-bodytext-line\">Ukraina &#8211; LELEKA med \u00abRidnym\u00bb<\/li>\n<\/ul>\n<p>Folkejuryen er Mattias Vestad, Henrikke Lahn-Johannesen og Nicklas Str\u00f8msv\u00e5g.<\/p>\n<p>      Vis mer<br \/>\n      Vis mindre<\/p>\n<p>&#8211; Sjokk og ekstase\u00a0\t<\/p>\n<p class=\"font-weight-normal m-font-weight-normal\" data-lab-font_weight=\"font-weight-normal\">L\u00f8rdagens episode er den tredje av totalt fem episoder av \u00abAdresse: Wien\u00bb, som leder opp til den store Eurovision-finalen i mai.\u00a0<\/p>\n<p class=\"font-weight-bold m-font-weight-bold\" data-lab-font_weight=\"font-weight-bold\"> I \u00e5r holdes finalen i Wien i \u00d8sterrike, etter at J.J, med l\u00e5ta \u00abWasted Love\u00bb, stakk av med fjor\u00e5rets seier. <\/p>\n<p>        NY SERIE: Elpida Stojcevska forteller om det nye sykehusdramaet \u00abLIS\u00bb p\u00e5 NRK. Video: Nora Skavhaug\/R\u00f8d L\u00f8per, \u00abLIS\u00bb\/NRK.<\/p>\n<p>Tidligere i april fortalte programleder Marte Stokstad til Se og H\u00f8r at hun hadde f\u00e5tt dr\u00f8mmepanelet sitt p\u00e5 plass i \u00e5rets \u00abAdresse\u00bb.\u00a0<\/p>\n<p>\u00abStaysman\u00bb, Ingeborg Heldal og Kevin V\u00e5genes var nemlig alle en del av panelet for noen \u00e5r siden, noe 47-\u00e5ringen satte stor pris p\u00e5.\u00a0<\/p>\n<p>        <img loading=\"lazy\" decoding=\"async\" src=\"https:\/\/www.europesays.com\/no\/wp-content\/uploads\/2026\/04\/1777007426_234_84475449.webp.webp\" width=\"667\" height=\"614\" title=\"GIRA: Marte Stokstad er klar for nok et \u00e5r med Eurovision-kommentering - og oppvarming med \u00abAdresse\u00bb. Her er hun avbildet ved en tidligere anledning i 2024. Foto: Andreas Fadum \/ Se og H\u00f8r\" alt=\"\" class=\"\" style=\"--aspect-ratio-image: 1.09; \"\/><\/p>\n<p>\n        GIRA: Marte Stokstad er klar for nok et \u00e5r med Eurovision-kommentering &#8211; og oppvarming med \u00abAdresse\u00bb. Her er hun avbildet ved en tidligere anledning i 2024. Foto: Andreas Fadum \/ Se og H\u00f8r\n    <\/p>\n<p>&#8211; Det er ekstra stas \u00e5 endelig ha trioen tilbake. Kevin har dessuten v\u00e6rt borte i to \u00e5r n\u00e5, s\u00e5 dette er en stor opptur, sa hun den gang.\u00a0<\/p>\n<p>        F\u00f8r \u00e5rets f\u00f8rste Eurovision finale deler NRK kommentator Marte Stokstad sitt unike antrekk.  <\/p>\n<p>I tillegg til Stokstads dr\u00f8mmepanel, er dessuten en ny folkejury p\u00e5 plass i hvert program, under ledelse av Jim \u00d8deg\u00e5rd Pedersen (43).<\/p>\n<p>&#8211; Det er ogs\u00e5 nye gjester hver uke, s\u00e5 her blir det b\u00e5de sjokk og ekstase, for som alltid er det &#8230; variert kvalitet p\u00e5 bidragene, fortsatte programlederen.\u00a0<\/p>\n","protected":false},"excerpt":{"rendered":"\u00abAdresse: Wien\u00bb: Det faste panelet i NRKs Eurovision-oppvarming blir \u00e9n gladlaks fattigere i l\u00f8rdagens sending &#8211; og dette&hellip;\n","protected":false},"author":2,"featured_media":220688,"comment_status":"","ping_status":"","sticky":false,"template":"","format":"standard","meta":{"footnotes":"","_share_on_mastodon":"0"},"categories":[58],"tags":[18722,71,4876,10124,479,2543,15270,30,28,29,787,19504,9424,72],"class_list":["post-220687","post","type-post","status-publish","format-standard","has-post-thumbnail","category-underholdning","tag-adresse","tag-entertainment","tag-ingeborg-heldal","tag-kevin-vagenes","tag-kjendis","tag-kjendisdesken","tag-marte-stokstad","tag-no","tag-norge","tag-norway","tag-nrk","tag-olav-haugland","tag-stian-staysman-thorbjornsen","tag-underholdning"],"share_on_mastodon":{"url":"https:\/\/pubeurope.com\/@no\/116457965674125741","error":""},"_links":{"self":[{"href":"https:\/\/www.europesays.com\/no\/wp-json\/wp\/v2\/posts\/220687","targetHints":{"allow":["GET"]}}],"collection":[{"href":"https:\/\/www.europesays.com\/no\/wp-json\/wp\/v2\/posts"}],"about":[{"href":"https:\/\/www.europesays.com\/no\/wp-json\/wp\/v2\/types\/post"}],"author":[{"embeddable":true,"href":"https:\/\/www.europesays.com\/no\/wp-json\/wp\/v2\/users\/2"}],"replies":[{"embeddable":true,"href":"https:\/\/www.europesays.com\/no\/wp-json\/wp\/v2\/comments?post=220687"}],"version-history":[{"count":0,"href":"https:\/\/www.europesays.com\/no\/wp-json\/wp\/v2\/posts\/220687\/revisions"}],"wp:featuredmedia":[{"embeddable":true,"href":"https:\/\/www.europesays.com\/no\/wp-json\/wp\/v2\/media\/220688"}],"wp:attachment":[{"href":"https:\/\/www.europesays.com\/no\/wp-json\/wp\/v2\/media?parent=220687"}],"wp:term":[{"taxonomy":"category","embeddable":true,"href":"https:\/\/www.europesays.com\/no\/wp-json\/wp\/v2\/categories?post=220687"},{"taxonomy":"post_tag","embeddable":true,"href":"https:\/\/www.europesays.com\/no\/wp-json\/wp\/v2\/tags?post=220687"}],"curies":[{"name":"wp","href":"https:\/\/api.w.org\/{rel}","templated":true}]}}