{"id":221170,"date":"2026-04-24T15:52:24","date_gmt":"2026-04-24T15:52:24","guid":{"rendered":"https:\/\/www.europesays.com\/no\/221170\/"},"modified":"2026-04-24T15:52:24","modified_gmt":"2026-04-24T15:52:24","slug":"usa-gjeninnforer-henrettelse-i-skyting","status":"publish","type":"post","link":"https:\/\/www.europesays.com\/no\/221170\/","title":{"rendered":"USA gjeninnf\u00f8rer henrettelse i skyting"},"content":{"rendered":"\n<p class=\"_lead_145nj_2 _lead_6fko5_53 layout-component text-serif-m layout-normal text-serif-l layout-component layout-wide layout-padded _wide_17hqh_1 layout-padded\">USAs jusisdepartement \u00abstyrker f\u00f8deral d\u00f8dsstraff\u00bb.<\/p>\n<ul aria-hidden=\"true\" class=\"_images_ntbth_112\">\n<li><a class=\"_link_ntbth_117\" href=\"https:\/\/www.vg.no\/forfatter\/joakim-midtboe-viland\" style=\"z-index:1\" title=\"Joakim Midtb\u00f8 Viland\" rel=\"nofollow noopener\" target=\"_blank\"><img alt=\"Bilde av Joakim Midtb\u00f8 Viland\" class=\"_image_ntbth_93\" fetchpriority=\"low\" loading=\"lazy\" decoding=\"async\" itemprop=\"image\"  src=\"https:\/\/www.europesays.com\/no\/wp-content\/uploads\/2026\/04\/1777045941_821_27726afb-18dd-471c-8b60-34201a4c4864.jpeg\"  width=\"480\"\/><\/a><\/li>\n<\/ul>\n<p> Oppdatert fredag 24. april kl. 17:41     <\/p>\n<p class=\"_paragraph_145nj_4 _paragraph_6fko5_10 layout-component text-serif-m layout-normal text-serif-m layout-padded\">Fredag kveld offentliggj\u00f8r <a href=\"https:\/\/www.vg.no\/tag\/usa?utm_source=vg-article&amp;utm_medium=auto-tagger&amp;utm_campaign=k0M0r9\" class=\"_link_145nj_39\" rel=\"nofollow noopener\" target=\"_blank\">USAs<\/a> justisdepartement at de tar flere skritt for \u00e5 styrke f\u00f8deral d\u00f8dsstraff. I en offentlig uttalelse, skriver departementet at de reverserer en rekke tiltak som ble innf\u00f8rt under president Joe Bidens presidentperiode. <\/p>\n<p class=\"_paragraph_145nj_4 _paragraph_6fko5_10 layout-component text-serif-m layout-normal text-serif-m layout-padded\">P\u00e5 listen over nye tiltak, skriver de blant annet f\u00f8lgende: <\/p>\n<p class=\"_paragraph_145nj_4 _paragraph_6fko5_10 layout-component text-serif-m layout-normal text-serif-m layout-padded\">\u00abP\u00e5la BOPBOPFederal Bureau of Prisons har ansvar for \u00e5 drive f\u00f8derale fengsler og h\u00e5ndtere innsatte som er d\u00f8mt i f\u00f8derale domstoler. \u00e5 utvide gjennomf\u00f8ringsprotokollen til \u00e5 inkludere flere henrettelsesmetoder, som for eksempel skyting ved eksekusjonspelotong.\u00bb<\/p>\n<p class=\"_paragraph_145nj_4 _paragraph_6fko5_10 layout-component text-serif-m layout-normal text-serif-m layout-padded\">I tillegg vil de gjeninnf\u00f8re bruk av pentobarbital ved giftinjeksjoner. Biden-administrasjonen fastslo at amerikanske myndigheter ikke kunne bruke stoffet ved henrettelser, uten risiko for \u00e5 skape un\u00f8dvendig smerter og lidelse. <\/p>\n<p>    <img decoding=\"async\" alt=\"Tips oss illustrasjon\" src=\"https:\/\/www.europesays.com\/no\/wp-content\/uploads\/2026\/04\/1776395291_618_pssst-small.webp.webp\"\/>    <\/p>\n<p class=\"title-serif-s\">Har du tips?<\/p>\n<p class=\"text-sans-m\">Send oss informasjon, bilder eller video.<\/p>\n<p>  <a href=\"https:\/\/www.vg.no\/tips-oss\" rel=\"nofollow noopener\" target=\"_blank\"> Tips oss <\/a>      <\/p>\n","protected":false},"excerpt":{"rendered":"USAs jusisdepartement \u00abstyrker f\u00f8deral d\u00f8dsstraff\u00bb. Oppdatert fredag 24. april kl. 17:41 Fredag kveld offentliggj\u00f8r USAs justisdepartement at de&hellip;\n","protected":false},"author":2,"featured_media":221171,"comment_status":"","ping_status":"","sticky":false,"template":"","format":"standard","meta":{"footnotes":"","_share_on_mastodon":"0"},"categories":[12],"tags":[31,20,21,3512,24,25,15,22,23,13,30,28,29,14,16,26,27,50,42,43,44,45],"class_list":["post-221170","post","type-post","status-publish","format-standard","has-post-thumbnail","category-verden","tag-breaking","tag-breaking-news","tag-breakingnews","tag-dodsstraff","tag-featured-news","tag-featurednews","tag-headlines","tag-latest-news","tag-latestnews","tag-news","tag-no","tag-norge","tag-norway","tag-nyheter","tag-overskrifter","tag-top-stories","tag-topstories","tag-usa","tag-verden","tag-world","tag-world-news","tag-worldnews"],"share_on_mastodon":{"url":"https:\/\/pubeurope.com\/@no\/116460490179156415","error":""},"_links":{"self":[{"href":"https:\/\/www.europesays.com\/no\/wp-json\/wp\/v2\/posts\/221170","targetHints":{"allow":["GET"]}}],"collection":[{"href":"https:\/\/www.europesays.com\/no\/wp-json\/wp\/v2\/posts"}],"about":[{"href":"https:\/\/www.europesays.com\/no\/wp-json\/wp\/v2\/types\/post"}],"author":[{"embeddable":true,"href":"https:\/\/www.europesays.com\/no\/wp-json\/wp\/v2\/users\/2"}],"replies":[{"embeddable":true,"href":"https:\/\/www.europesays.com\/no\/wp-json\/wp\/v2\/comments?post=221170"}],"version-history":[{"count":0,"href":"https:\/\/www.europesays.com\/no\/wp-json\/wp\/v2\/posts\/221170\/revisions"}],"wp:featuredmedia":[{"embeddable":true,"href":"https:\/\/www.europesays.com\/no\/wp-json\/wp\/v2\/media\/221171"}],"wp:attachment":[{"href":"https:\/\/www.europesays.com\/no\/wp-json\/wp\/v2\/media?parent=221170"}],"wp:term":[{"taxonomy":"category","embeddable":true,"href":"https:\/\/www.europesays.com\/no\/wp-json\/wp\/v2\/categories?post=221170"},{"taxonomy":"post_tag","embeddable":true,"href":"https:\/\/www.europesays.com\/no\/wp-json\/wp\/v2\/tags?post=221170"}],"curies":[{"name":"wp","href":"https:\/\/api.w.org\/{rel}","templated":true}]}}