{"id":221196,"date":"2026-04-24T16:18:18","date_gmt":"2026-04-24T16:18:18","guid":{"rendered":"https:\/\/www.europesays.com\/no\/221196\/"},"modified":"2026-04-24T16:18:18","modified_gmt":"2026-04-24T16:18:18","slug":"vaer-nord-osterdal-vinteren-er-ikke-helt-over-har-sendt-ut-farevarsel-for-sno","status":"publish","type":"post","link":"https:\/\/www.europesays.com\/no\/221196\/","title":{"rendered":"V\u00e6r, Nord-\u00d8sterdal | Vinteren er ikke helt over. Har sendt ut farevarsel for sn\u00f8"},"content":{"rendered":"\n<p>Med v\u00e5ren fullt over oss, har temperaturene steget og folk har begynt \u00e5 trekke ut for hagearbeid eller \u00e5rets f\u00f8rste utepils.\u00a0<\/p>\n<p>Samtidig som det er gult farevarsel for skogbrann i s\u00f8ndre delen av fylket v\u00e5rt, er det n\u00e5 sendt ut farevarsel for sn\u00f8.\u00a0<\/p>\n<p>Ja, du leste riktig &#8211; sn\u00f8.\u00a0<\/p>\n<p>Meteorologisk institutt sendte fredag ut varselet, som g\u00e5r fra grytidlig p\u00e5 l\u00f8rdagsmorgenen til midt p\u00e5 dagen.\u00a0<\/p>\n<p>\u2013 F\u00f8rste del av l\u00f8rdagen er det ventet sn\u00f8 i de nordlige delene av Innlandete, med rundt 5 til 10 centimeter i l\u00f8pet av tolv timer.\u00a0<\/p>\n<p>  <a href=\"https:\/\/www.ostlendingen.no\/80-69-243884\" class=\"related-teaser has-image article--c-MkAkR\" rel=\"nofollow noopener\" target=\"_blank\"><\/p>\n<p>    <img decoding=\"async\" width=\"155\"  loading=\"lazy\"  src=\"https:\/\/www.europesays.com\/no\/wp-content\/uploads\/2026\/04\/BrannF2%20(1).jpeg\" alt=\"\" class=\"brick-c-cFOWSL\" style=\"\"\/><\/p>\n<p>\n            Les ogs\u00e5<\/p>\n<p>            Det har skjedd flere ganger de siste ukene. N\u00e5 er det sendt ut farevarsel\n        <\/p>\n<p>  <\/a><\/p>\n<p>Farevarselet gjelder for deler av Nord-\u00d8sterdal i v\u00e5rt dekningsomr\u00e5de.\u00a0<\/p>\n<p>Med sn\u00f8en kommer det varsel om lokalt vanskelige kj\u00f8reforhold.\u00a0<\/p>\n<p>   <img decoding=\"async\" width=\"1200\" height=\"675\" fetchpriority=\"low\"  loading=\"lazy\"  src=\"https:\/\/www.europesays.com\/no\/wp-content\/uploads\/2026\/04\/1777047498_339_fcac6617-9943-439c-b22e-5b807339a57f.png\" alt=\"\" class=\"brick-c-cFOWSL\" style=\"--brick-image-ratio: 1200 \/ 675;\"\/><\/p>\n<p>      SN\u00d8: Vinteren slipper ikke helt taket i dette omr\u00e5det.<br \/>\n      Foto: Meteorologisk institutt\n    <\/p>\n<p>\u2013 Noen reiser vil kunne f\u00e5 lengre reisetid. Beregn ekstra tid til transport og kj\u00f8ring. Bruk riktige dekk og kj\u00f8r etter forholdene.<\/p>\n<p>\u00c5rsaken til sn\u00f8en er at det blir lavere temeperaturer over hele landet.\u00a0<\/p>\n<p>\u2013 L\u00f8rdag er det en helt annen temperatur, og det kan bli en del vind p\u00e5 \u00d8stlandet. S\u00e5 det vil f\u00f8les kaldere, sier statsmeteorolog Anne Solveig Andersen til <a rel=\"Follow nofollow noopener\" href=\"https:\/\/www.gd.no\/har-sendt-ut-farevarsel-om-sno\/s\/5-18-2503847\" target=\"_blank\">GD.no<\/a>.\u00a0<\/p>\n<p>Men sn\u00f8en blir nok ikke liggende lenge.\u00a0<\/p>\n<p>\u2013 Det ser ut til at temperaturene stiger igjen til neste helg. Akkurat hvor h\u00f8yt det blir, er litt vanskelig \u00e5 si. Men trenden ser ut til \u00e5 v\u00e6re at det g\u00e5r mot varmere v\u00e6r igjen.<\/p>\n","protected":false},"excerpt":{"rendered":"Med v\u00e5ren fullt over oss, har temperaturene steget og folk har begynt \u00e5 trekke ut for hagearbeid eller&hellip;\n","protected":false},"author":2,"featured_media":286,"comment_status":"","ping_status":"","sticky":false,"template":"","format":"standard","meta":{"footnotes":"","_share_on_mastodon":"0"},"categories":[10],"tags":[4178,36,20,21,24,25,4179,15,22,23,13,30,1745,28,29,14,2932,16,1510,26,27,4177,553],"class_list":["post-221196","post","type-post","status-publish","format-standard","has-post-thumbnail","category-norge","tag-alvdal","tag-art","tag-breaking-news","tag-breakingnews","tag-featured-news","tag-featurednews","tag-folldal","tag-headlines","tag-latest-news","tag-latestnews","tag-news","tag-no","tag-nord-osterdal","tag-norge","tag-norway","tag-nyheter","tag-os","tag-overskrifter","tag-story","tag-top-stories","tag-topstories","tag-tynset","tag-vaer"],"share_on_mastodon":{"url":"https:\/\/pubeurope.com\/@no\/116460592198089664","error":""},"_links":{"self":[{"href":"https:\/\/www.europesays.com\/no\/wp-json\/wp\/v2\/posts\/221196","targetHints":{"allow":["GET"]}}],"collection":[{"href":"https:\/\/www.europesays.com\/no\/wp-json\/wp\/v2\/posts"}],"about":[{"href":"https:\/\/www.europesays.com\/no\/wp-json\/wp\/v2\/types\/post"}],"author":[{"embeddable":true,"href":"https:\/\/www.europesays.com\/no\/wp-json\/wp\/v2\/users\/2"}],"replies":[{"embeddable":true,"href":"https:\/\/www.europesays.com\/no\/wp-json\/wp\/v2\/comments?post=221196"}],"version-history":[{"count":0,"href":"https:\/\/www.europesays.com\/no\/wp-json\/wp\/v2\/posts\/221196\/revisions"}],"wp:featuredmedia":[{"embeddable":true,"href":"https:\/\/www.europesays.com\/no\/wp-json\/wp\/v2\/media\/286"}],"wp:attachment":[{"href":"https:\/\/www.europesays.com\/no\/wp-json\/wp\/v2\/media?parent=221196"}],"wp:term":[{"taxonomy":"category","embeddable":true,"href":"https:\/\/www.europesays.com\/no\/wp-json\/wp\/v2\/categories?post=221196"},{"taxonomy":"post_tag","embeddable":true,"href":"https:\/\/www.europesays.com\/no\/wp-json\/wp\/v2\/tags?post=221196"}],"curies":[{"name":"wp","href":"https:\/\/api.w.org\/{rel}","templated":true}]}}