{"id":221401,"date":"2026-04-24T20:33:22","date_gmt":"2026-04-24T20:33:22","guid":{"rendered":"https:\/\/www.europesays.com\/no\/221401\/"},"modified":"2026-04-24T20:33:22","modified_gmt":"2026-04-24T20:33:22","slug":"sigrid-avslorer-ny-kjaereste-under-konsert-i-london-2","status":"publish","type":"post","link":"https:\/\/www.europesays.com\/no\/221401\/","title":{"rendered":"Sigrid avsl\u00f8rer ny kj\u00e6reste under konsert i London"},"content":{"rendered":"<p class=\"kicker \" style=\"\">Kronprinsesse Mette-Marit:\u00a0<\/p>\n<p>    Epstein, schmepstein. \u00c5 late som ingenting er \u00e5penbart den nye normalen hos det norske kongehuset. Da m\u00e5 vi lese mellom linjene.\u00a0<\/p>\n<p>\n    LESTE H\u00d8YT: Kronprinsesse Mette-Marit under \u00e5rets Fosseforedrag p\u00e5 Slottet. Foto: Javad Parsa \/ NTB \/ POOL\n  <\/p>\n<p>I dag<br \/>\ner det p\u00e5\u00a0slaget<br \/>\n12 uker siden det amerikanske justisdepartementet slapp 3 millioner sider, 2000<br \/>\nvideoer og 180 000 bilder fra de s\u00e5kalte Epstein-filene. Tolv uker som mildt<br \/>\nsagt har v\u00e6rt en berg-og-dalbane for det norske kongehuset, da det ble klart at<br \/>\nMette-Marits relasjon til overgriperen Jeffrey Epstein var mer fortrolig enn<br \/>\ntidligere kjent.\u00a0<\/p>\n<p>Tolv uker<br \/>\nder norsk offentlighet har bedt om mer informasjon, men f\u00e5tt knapper og<br \/>\nglansbilder. Tolv uker der de ubesvarte sp\u00f8rsm\u00e5lene om hennes relasjon til<br \/>\nEpstein har hengt over Mette-Marit og resten av kongehuset som d\u00e5rlig fylle\u00e5nde<br \/>\ndagen derp\u00e5.\u00a0<\/p>\n<p>    <a itemprop=\"url\" href=\"https:\/\/www.dagbladet.no\/meninger\/nei-til-aldersgrense\/84536947\" rel=\"nofollow noopener\" target=\"_blank\"><\/p>\n<p>        <img loading=\"lazy\" decoding=\"async\" src=\"https:\/\/www.europesays.com\/no\/wp-content\/uploads\/2026\/04\/1777062801_360_81602504.webp.webp\" width=\"980\" height=\"441\" title=\"Nei til aldersgrense\u00ad\" alt=\"\" class=\"lazyload\" style=\"--aspect-ratio-image: 2.22; \"\/><\/p>\n<p>        Nei til aldersgrense\u00ad <\/p>\n<p>    <\/a><\/p>\n<p>Men den<br \/>\nsiste uka har det<br \/>\nblitt tydelig at Slottet har f\u00e5tt nok. De gidder rett og slett ikke denne<br \/>\nskandalen lenger. Kronprins Haakon, som det siste \u00e5ret har blitt flinkere og flinkere til<br \/>\n\u00e5 svare p\u00e5 sp\u00f8rsm\u00e5l fra pressen, er igjen taus som en \u00f8sters. Da det belgiske<br \/>\nkongeparet for noen uker siden var p\u00e5 bes\u00f8k i Norge, var det \u00e5penbart at<br \/>\nkongehuset testet ut business as usual. Det gikk overraskende greit. Derfor var<br \/>\ndet ogs\u00e5 umulig \u00e5 ikke tenke at det Mette-Marit gjorde da hun torsdag \u00e5pnet Fosse-festen<br \/>\np\u00e5 Slottet, var et fors\u00f8k p\u00e5 \u00e5 sette spikeren i<br \/>\nEpstein-kista en gang for alle. <\/p>\n<p>Festen var<br \/>\ntil \u00e6re for nobelprisvinner Jon Fosse, Fosse-prisvinner Paula Stevens og Fosse-foredragsholder<br \/>\nMarilynne Robinson. <\/p>\n<p>\u00abB\u00e5de Jon<br \/>\nFosse og Marilynne Robinson er kristne forfattere\u00bb, <a href=\"https:\/\/www.nrk.no\/norge\/rort-kronprinsesse-mette-marit-apnet-fosse-fest_-_-tilbakevendende-tema-er-naden-1.17858089\" rel=\"nofollow noopener\" target=\"_blank\">sa Mette-Marit<\/a>. \u00abDe skriver<br \/>\nbegge fra et sted der troen har en dyp, eksistensiell betydning. Et tilbakevendende<br \/>\ntema hos de begge er n\u00e5den\u00bb. <\/p>\n<p>Mette-Marit siterte fra Jon Fosses dikt \u00abFinst det ei meining over desse<br \/>\ntinga\u00bb. Hun var \u00e5penbart beveget da hun leste diktets siste<br \/>\nsetninger. <\/p>\n<p>\u00abFor<br \/>\ndet er ei meining over desse tinga. For det er ei meining over liva v\u00e5re. For<br \/>\nalt er n\u00e5de\u00bb, leste kronprinsessen.<\/p>\n<p>        PUSTER: Kronprinsesse Mette-Marit m\u00e5tte trekke pusten under \u00e5pningstalen til Fosseforedraget og Fosseprisen p\u00e5 slottet. Video: Nasjonalbiblioteket. Reporter: Nicolai Alcaniz.<\/p>\n<p>Med tanke<br \/>\np\u00e5 alt Mette-Marit<br \/>\nhar v\u00e6rt gjennom de siste \u00e5rene, er det ikke s\u00e5 rart hun ble r\u00f8rt av Jon Fosses<br \/>\nvakre, vakre dikt. Diktet handler om \u00e5 finne mening, og at denne meningen<br \/>\nkanskje ligger b\u00e5de innenfor og utenfor oss selv, i n\u00e5den. <\/p>\n<p>Ber Mette-Marit om n\u00e5de? Kanskje man kan tolke det slik: I tolv uker har en n\u00e5del\u00f8s<br \/>\nnorsk offentlighet krevd svar hun ikke har \u00f8nsket \u00e5 gi. N\u00e5 er det \u00e5penbart at hun ber om en slags ro. <\/p>\n<p>Men man kan<br \/>\nogs\u00e5 tolke det p\u00e5 et annet vis, og denne er muligens mer i tr\u00e5d med Jon Fosse: N\u00e5den er en<br \/>\ndypere og mer mangefasettert kraft som handler om menneskets relasjon til gud. Her kan tilgivelsen bare komme fra gud. Du trenger<br \/>\nikke engang \u00e5 fortjene den.<\/p>\n<p>I dette universet er det egentlig irrelevant om Aftenpostens Kjetil B. Alstadheim og H\u00f8yres Kristin Clemet krangler om Haakon m\u00e5 svare p\u00e5 Mette-Marit-sp\u00f8rsm\u00e5l eller ikke. Livet g\u00e5r videre uansett.\u00a0<\/p>\n<p>    <a itemprop=\"url\" href=\"https:\/\/www.dagbladet.no\/meninger\/henger-ikke-pa-greip\/84488618\" rel=\"nofollow noopener\" target=\"_blank\"><\/p>\n<p>        <img loading=\"lazy\" decoding=\"async\" src=\"https:\/\/www.europesays.com\/no\/wp-content\/uploads\/2026\/04\/1777062802_975_84498977.webp.webp\" width=\"980\" height=\"441\" title=\"Henger ikke p\u00e5 greip\" alt=\"\" class=\"lazyload\" style=\"--aspect-ratio-image: 2.22; \"\/><\/p>\n<p>        Henger ikke p\u00e5 greip<\/p>\n<p>    <\/a><\/p>\n<p>Dette er \u00e5penbart Slottets nye strategi.\u00a0<\/p>\n<p>Jeg er blant dem som etterlyser flere svar fra Mette-Marit. Jeg synes ikke intervjuet hun gjorde med NRK var forklarende nok. Det er synd at hun ikke benyttet seg godt nok av anledningen. Jeg mener det hadde v\u00e6rt klokere av kronprinsessen \u00e5 rive av plasteret og komme med hver eneste pinlige avsl\u00f8ring, istedet for \u00e5 la de ubesvarte sp\u00f8rsm\u00e5lene henge i skj\u00f8rtene p\u00e5 ubestemt tid.<\/p>\n<p>Men jeg mener ogs\u00e5 at alle mennesker til slutt fortjener n\u00e5de, og da mener jeg selvf\u00f8lgelig den sekul\u00e6re varianten av ordet.\u00a0<\/p>\n<p>Men for \u00e5 v\u00e6re helt \u00e6rlig, det hjelper ikke at Slottet n\u00e5 har begynt \u00e5 late som om ingenting har skjedd.\u00a0<\/p>\n<p>\u00a0<\/p>\n","protected":false},"excerpt":{"rendered":"Kronprinsesse Mette-Marit:\u00a0 Epstein, schmepstein. \u00c5 late som ingenting er \u00e5penbart den nye normalen hos det norske kongehuset. Da&hellip;\n","protected":false},"author":2,"featured_media":221402,"comment_status":"","ping_status":"","sticky":false,"template":"","format":"standard","meta":{"footnotes":"","_share_on_mastodon":"0"},"categories":[58],"tags":[71,479,30,28,29,6815,72],"class_list":["post-221401","post","type-post","status-publish","format-standard","has-post-thumbnail","category-underholdning","tag-entertainment","tag-kjendis","tag-no","tag-norge","tag-norway","tag-sigrid","tag-underholdning"],"share_on_mastodon":{"url":"https:\/\/pubeurope.com\/@no\/116461594832057363","error":""},"_links":{"self":[{"href":"https:\/\/www.europesays.com\/no\/wp-json\/wp\/v2\/posts\/221401","targetHints":{"allow":["GET"]}}],"collection":[{"href":"https:\/\/www.europesays.com\/no\/wp-json\/wp\/v2\/posts"}],"about":[{"href":"https:\/\/www.europesays.com\/no\/wp-json\/wp\/v2\/types\/post"}],"author":[{"embeddable":true,"href":"https:\/\/www.europesays.com\/no\/wp-json\/wp\/v2\/users\/2"}],"replies":[{"embeddable":true,"href":"https:\/\/www.europesays.com\/no\/wp-json\/wp\/v2\/comments?post=221401"}],"version-history":[{"count":0,"href":"https:\/\/www.europesays.com\/no\/wp-json\/wp\/v2\/posts\/221401\/revisions"}],"wp:featuredmedia":[{"embeddable":true,"href":"https:\/\/www.europesays.com\/no\/wp-json\/wp\/v2\/media\/221402"}],"wp:attachment":[{"href":"https:\/\/www.europesays.com\/no\/wp-json\/wp\/v2\/media?parent=221401"}],"wp:term":[{"taxonomy":"category","embeddable":true,"href":"https:\/\/www.europesays.com\/no\/wp-json\/wp\/v2\/categories?post=221401"},{"taxonomy":"post_tag","embeddable":true,"href":"https:\/\/www.europesays.com\/no\/wp-json\/wp\/v2\/tags?post=221401"}],"curies":[{"name":"wp","href":"https:\/\/api.w.org\/{rel}","templated":true}]}}