{"id":221429,"date":"2026-04-24T21:09:13","date_gmt":"2026-04-24T21:09:13","guid":{"rendered":"https:\/\/www.europesays.com\/no\/221429\/"},"modified":"2026-04-24T21:09:13","modified_gmt":"2026-04-24T21:09:13","slug":"sigrid-solbakk-raabe-avslorer-ny-kjaereste","status":"publish","type":"post","link":"https:\/\/www.europesays.com\/no\/221429\/","title":{"rendered":"Sigrid Solbakk Raabe avsl\u00f8rer ny kj\u00e6reste"},"content":{"rendered":"<p class=\"kicker \" style=\"\">Sigrid:\u00a0<\/p>\n<p>    Artisten kom med en avsl\u00f8ring fra scenen. N\u00e5 bekrefter hun gladnyheten overfor Se og H\u00f8r.<\/p>\n<p>\n    HAR FUNNET KJ\u00c6RLIGHETEN: Sigrid r\u00f8pet kj\u00e6reste under en av sine nylige konserter. Foto: Andreas Fadum\/Se og H\u00f8r\n  <\/p>\n<p>Torsdag skrev Se og H\u00f8r om artisten Sigrid, hvis fulle navn er Sigrid Solbakk Raabe (29), som <a href=\"https:\/\/www.seher.no\/kjendis\/overraskende-avsloring-fra-scenen\/84533190\" rel=\"nofollow noopener\" target=\"_blank\">avsl\u00f8rte at hun hadde f\u00e5tt seg kj\u00e6reste<\/a>.<\/p>\n<p>Gladnyheten delte hun under en konsert i London tidligere i \u00e5r.<\/p>\n<p>    <a itemprop=\"url\" href=\"https:\/\/www.seher.no\/kjendis\/overraskende-avsloring-fra-scenen\/84533190\" rel=\"nofollow noopener\" target=\"_blank\"><\/p>\n<p>        <img loading=\"lazy\" decoding=\"async\" src=\"https:\/\/www.europesays.com\/no\/wp-content\/uploads\/2026\/04\/1777064953_335_84532472.webp.webp\" width=\"980\" height=\"441\" title=\"Overraskende avsl\u00f8ring fra scenen\" alt=\"\" class=\"lazyload\" style=\"--aspect-ratio-image: 2.22; \"\/><\/p>\n<p>        Overraskende avsl\u00f8ring fra scenen<\/p>\n<p>    <\/a><\/p>\n<p>\u00abKj\u00e6resten min er her i kveld, og jeg vil imponere ham. Kan vi g\u00e5 s\u00e5 h\u00f8yt vi bare kan i kveld, London? S\u00e5 h\u00f8yt som dere noen gang har v\u00e6rt? Okei, la oss h\u00f8re det!\u00bb, sa hun fra scenen.\u00a0<\/p>\n<p>Sigrid har ogs\u00e5 delt flere bilder av en mystisk mann p\u00e5 Instagram, som etter alt \u00e5 d\u00f8mme er hennes nye utk\u00e5rede.\u00a0<\/p>\n<p>En tydelig forelsket Sigrid kan ogs\u00e5 bekrefte nyheten overfor Se og H\u00f8r.<\/p>\n<p>&#8211; Ja, jeg har kj\u00e6reste! Han er ti av ti og jeg er veldig happy! sier hun.\u00a0<\/p>\n<p>Det er ikke kjent hvem kj\u00e6resten er.\u00a0<\/p>\n<p>        M\u00d8TTE OPP SAMMEN: Tv-profilene Martine Lunde og Magnus Helle m\u00f8tte opp sammen for f\u00f8rste gang som kj\u00e6rester. Video: Nora Skavhaug\/Karolina Grace\/R\u00f8d L\u00f8per. <\/p>\n<p>Sigrid var tidligere sammen med frikj\u00f8rer Nikolai Schirmer, som det ble slutt med sommeren 2022.\u00a0<\/p>\n","protected":false},"excerpt":{"rendered":"Sigrid:\u00a0 Artisten kom med en avsl\u00f8ring fra scenen. N\u00e5 bekrefter hun gladnyheten overfor Se og H\u00f8r. HAR FUNNET&hellip;\n","protected":false},"author":2,"featured_media":221430,"comment_status":"","ping_status":"","sticky":false,"template":"","format":"standard","meta":{"footnotes":"","_share_on_mastodon":"0"},"categories":[58],"tags":[71,479,2543,30,28,29,6815,72],"class_list":["post-221429","post","type-post","status-publish","format-standard","has-post-thumbnail","category-underholdning","tag-entertainment","tag-kjendis","tag-kjendisdesken","tag-no","tag-norge","tag-norway","tag-sigrid","tag-underholdning"],"share_on_mastodon":{"url":"https:\/\/pubeurope.com\/@no\/116461736450036277","error":""},"_links":{"self":[{"href":"https:\/\/www.europesays.com\/no\/wp-json\/wp\/v2\/posts\/221429","targetHints":{"allow":["GET"]}}],"collection":[{"href":"https:\/\/www.europesays.com\/no\/wp-json\/wp\/v2\/posts"}],"about":[{"href":"https:\/\/www.europesays.com\/no\/wp-json\/wp\/v2\/types\/post"}],"author":[{"embeddable":true,"href":"https:\/\/www.europesays.com\/no\/wp-json\/wp\/v2\/users\/2"}],"replies":[{"embeddable":true,"href":"https:\/\/www.europesays.com\/no\/wp-json\/wp\/v2\/comments?post=221429"}],"version-history":[{"count":0,"href":"https:\/\/www.europesays.com\/no\/wp-json\/wp\/v2\/posts\/221429\/revisions"}],"wp:featuredmedia":[{"embeddable":true,"href":"https:\/\/www.europesays.com\/no\/wp-json\/wp\/v2\/media\/221430"}],"wp:attachment":[{"href":"https:\/\/www.europesays.com\/no\/wp-json\/wp\/v2\/media?parent=221429"}],"wp:term":[{"taxonomy":"category","embeddable":true,"href":"https:\/\/www.europesays.com\/no\/wp-json\/wp\/v2\/categories?post=221429"},{"taxonomy":"post_tag","embeddable":true,"href":"https:\/\/www.europesays.com\/no\/wp-json\/wp\/v2\/tags?post=221429"}],"curies":[{"name":"wp","href":"https:\/\/api.w.org\/{rel}","templated":true}]}}