{"id":221691,"date":"2026-04-25T10:02:18","date_gmt":"2026-04-25T10:02:18","guid":{"rendered":"https:\/\/www.europesays.com\/no\/221691\/"},"modified":"2026-04-25T10:02:18","modified_gmt":"2026-04-25T10:02:18","slug":"hvor-er-naeringslivets-stemmer-for-fred-e24","status":"publish","type":"post","link":"https:\/\/www.europesays.com\/no\/221691\/","title":{"rendered":"Hvor er n\u00e6ringslivets stemmer for fred? \u2013 E24"},"content":{"rendered":"\n<p class=\"_textTheme_1yhmn_1 _lead_172ys_2 _lead_u2bdr_18 layout-component layout-wide layout-padded _lead_ouxa1_5 body-large _wide_ouxa1_9\">Krig og nye angrep preger nyhetsbildet. Likevel handler samtalen i n\u00e6ringslivet nesten bare om hvordan virksomheter skal navigere i endrede forutsetninger. Det er n\u00f8dvendig, men ogs\u00e5 dypt utilstrekkelig.<\/p>\n<p>   <a href=\"https:\/\/e24.no\/forfatter\/kristina-bolstad-picard\" title=\"Kristina Bolstad Picard\" rel=\"nofollow noopener\" target=\"_blank\"> <img decoding=\"async\" alt=\"Bilde av Kristina Bolstad Picard\" class=\"_image_sm4dm_35\" itemprop=\"image\" loading=\"lazy\"  src=\"https:\/\/www.europesays.com\/no\/wp-content\/uploads\/2026\/04\/42a3f1ca-acb9-319d-a7ad-890ccf6e01d1.png\"  width=\"40\"\/> <\/a>   <strong class=\"_name_sm4dm_44 title-small\"> <a href=\"https:\/\/e24.no\/forfatter\/kristina-bolstad-picard\" class=\"_authorName_sm4dm_47\" rel=\"nofollow noopener\" target=\"_blank\"> Kristina Bolstad Picard <\/a> <\/strong> <\/p>\n<p class=\"body-small _description_sm4dm_56\"> R\u00e5dgiver og medlem av Nettverk for samfunnsansvar 2.0 <\/p>\n<p>   <img alt=\"Kronikkforfatteren etterlyser n\u00e6ringslivets stemmer for fred i en verden hvor hun mener at stater som hevder \u00e5 forsvare en regelstyrt verdensorden, handler i strid med folkeretten.\" class=\"_image_1spwq_90 layout-component layout-wide\" data-fullscreen- data-track-element-type=\"Article image fullscreen\" data-track-name=\"ImageFullscreen\" fetchpriority=\"high\" decoding=\"sync\" loading=\"eager\" height=\"1997\" itemprop=\"image\"  src=\"https:\/\/www.europesays.com\/no\/wp-content\/uploads\/2026\/04\/f494a680-6466-3d03-bcd8-3f6ea62cc14b.jpeg\"  style=\"object-position:44.123539232053425% 45.918878317476214%\" width=\"2995\"\/>Kronikkforfatteren etterlyser n\u00e6ringslivets stemmer for fred i en verden hvor hun mener at stater som hevder \u00e5 forsvare en regelstyrt verdensorden, handler i strid med folkeretten.  Foto: FAROOQ NAEEM \/ AFPVis mer       <\/p>\n<p class=\"_textTheme_1yhmn_1 _paragraph_172ys_4 _paragraph_u2bdr_27 layout-component layout-normal layout-padded body-medium\">Det er selvsagt n\u00f8dvendig \u00e5 diskutere energipriser, forsyningskjeder, investeringer og markedsuro i en unntakstilstand. For en sektor som ellers snakker mye om ansvar, langsiktighet og samfunnsbygging, mener jeg at ambisjonsniv\u00e5et i samtalen er oppsiktsvekkende lavt. <\/p>\n<p class=\"_textTheme_1yhmn_1 _paragraph_172ys_4 _paragraph_u2bdr_27 layout-component layout-normal layout-padded body-medium\">Krig blir behandlet som en ytre risiko som m\u00e5 h\u00e5ndteres, n\u00e5r den i virkeligheten bryter ned selve grunnlaget b\u00e5de n\u00e6ringslivet og samfunnet hviler p\u00e5.<\/p>\n<p> <a class=\"_link_f1clr_14\" data-track-id=\"teaser:7p77qw\" data-track-impression=\"true\" data-track-name=\"St\u00f8re: Fare for dyrere mat og drivstoff\" data-track-element-size=\"small\" data-track-element-type=\"Teaser\" data-track-image-url=\"https:\/\/www.europesays.com\/no\/wp-content\/uploads\/2026\/04\/1777111337_961_4854002d-b7cf-41e4-880d-8f502930ba34.jpeg\" data-track-layout-name=\"image:right\" data-track-position-source=\"related-article\" href=\"https:\/\/e24.no\/norsk-oekonomi\/i\/7p77qw\/stoere-fare-for-dyrere-mat-og-drivstoff\" rel=\"nofollow noopener\" target=\"_blank\"><img decoding=\"async\" alt=\"\" class=\"_image_f1clr_75\" height=\"3629\" loading=\"lazy\"  src=\"https:\/\/www.europesays.com\/no\/wp-content\/uploads\/2026\/04\/1777111337_961_4854002d-b7cf-41e4-880d-8f502930ba34.jpeg\"  width=\"5443\"\/><\/p>\n<p class=\"label-small _kicker_f1clr_86\">Les ogs\u00e5<\/p>\n<p>St\u00f8re: Fare for dyrere mat og drivstoff<\/a> <\/p>\n<p class=\"_textTheme_1yhmn_1 _paragraph_172ys_4 _paragraph_u2bdr_27 layout-component layout-normal layout-padded body-medium\">Krig rammer ikke bare dem som lever under bombene. Den setter seg i \u00f8konomien, i arbeidslivet og rundt kj\u00f8kkenbordene v\u00e5re. Den p\u00e5virker energipriser, investeringer, transport, kj\u00f8pekraft og fremtidstro, og bidrar til psykisk belastning, uro og sykefrav\u00e6r. <\/p>\n<p class=\"_textTheme_1yhmn_1 _paragraph_172ys_4 _paragraph_u2bdr_27 layout-component layout-normal layout-padded body-medium\">Krig og konflikt svekker grunnlaget for alt det n\u00e6ringslivet ellers sier at det vil bygge: stabilitet, tillit, langsiktighet og vekst.<\/p>\n<p class=\"_textTheme_1yhmn_1 _paragraph_172ys_4 _paragraph_u2bdr_27 layout-component layout-normal layout-padded body-medium\">Krig har alltid v\u00e6rt brutal. Det som gj\u00f8r situasjonen s\u00e6rlig alvorlig n\u00e5, er at ogs\u00e5 stater som hevder \u00e5 forsvare en regelstyrt verdensorden, handler i strid med folkeretten og undergraver konvensjonene som skulle beskytte sivile og begrense maktbruk. <\/p>\n<p class=\"_textTheme_1yhmn_1 _paragraph_172ys_4 _paragraph_u2bdr_27 layout-component layout-normal layout-padded body-medium\">Det er den rettsordenen Norge og andre demokratier bygger sin legitimitet p\u00e5. <\/p>\n<p class=\"_textTheme_1yhmn_1 _paragraph_172ys_4 _paragraph_u2bdr_27 layout-component layout-normal layout-padded body-medium\">Amnesty advarer n\u00e5 mot en utvikling der slike overgrep og lovbrudd gradvis risikerer \u00e5 bli normalen. S\u00e5 hvorfor er ikke n\u00e6ringslivets ledere tydeligere n\u00e5.<\/p>\n<p> <a class=\"_link_f1clr_14\" data-track-id=\"teaser:Gxy024\" data-track-impression=\"true\" data-track-name=\"NHO-sjefen: Slik rammer krigen norske bedrifter\" data-track-element-size=\"small\" data-track-element-type=\"Teaser\" data-track-image-url=\"https:\/\/www.europesays.com\/no\/wp-content\/uploads\/2026\/04\/0b86f7d4-efd5-4bbb-b682-2c49a8e8a507.jpeg\" data-track-layout-name=\"image:right\" data-track-position-source=\"related-article\" href=\"https:\/\/e24.no\/naeringsliv\/i\/Gxy024\/nho-sjefen-slik-rammer-krigen-norske-bedrifter\" rel=\"nofollow noopener\" target=\"_blank\"><img decoding=\"async\" alt=\"\" class=\"_image_f1clr_75\" height=\"3024\" loading=\"lazy\"  src=\"https:\/\/www.europesays.com\/no\/wp-content\/uploads\/2026\/04\/0b86f7d4-efd5-4bbb-b682-2c49a8e8a507.jpeg\"  width=\"4032\"\/><\/p>\n<p class=\"label-small _kicker_f1clr_86\">Les ogs\u00e5<\/p>\n<p>NHO-sjefen: Slik rammer krigen norske bedrifter<\/a>  <\/p>\n<p class=\"_textTheme_1yhmn_1 _paragraph_172ys_4 _paragraph_u2bdr_27 layout-component layout-normal layout-padded body-medium\">De siste \u00e5rene har mange selskaper brukt betydelige ressurser p\u00e5 b\u00e6rekraft, aktsomhetsvurderinger, klimam\u00e5l og ansvarlig virksomhetsstyring. Nettopp derfor blir kontrasten s\u00e5 tydelig n\u00e5r krig, folkerettsbrudd og regional eskalering m\u00f8tes med stillhet, eller med et spr\u00e5k som f\u00f8rst og fremst handler om robusthet, risiko, beredskap og tilpasning.<\/p>\n<p class=\"_textTheme_1yhmn_1 _paragraph_172ys_4 _paragraph_u2bdr_27 layout-component layout-normal layout-padded body-medium\">N\u00e6ringslivets spr\u00e5k bidrar til \u00e5 flytte oppmerksomheten bort fra alvoret i det som skjer, og fra v\u00e5r egen rolle i folkerettsbrudd og grove krigsforbrytelser, til hvordan vi selv skal tilpasse oss forbrytelsene best mulig.<\/p>\n<p class=\"_textTheme_1yhmn_1 _paragraph_172ys_4 _paragraph_u2bdr_27 layout-component layout-normal layout-padded body-medium\">Ogs\u00e5 klimaet betaler prisen. En artikkel i VG viste nylig til anslag om at Iran-krigens to f\u00f8rste uker alene ga utslipp p\u00e5 5 millioner tonn CO\u2082, tilsvarende utslippene til 84 av verdens minste utslippsland. <\/p>\n<p class=\"_textTheme_1yhmn_1 _paragraph_172ys_4 _paragraph_u2bdr_27 layout-component layout-normal layout-padded body-medium\">N\u00e5r selskaper samtidig teller utslipp i egen drift og verdikjede, blir det vanskelig \u00e5 snakke troverdig om gr\u00f8nn omstilling uten ogs\u00e5 \u00e5 snakke om fred. Krig er ikke bare en menneskelig og politisk katastrofe, men ogs\u00e5 en klima- og milj\u00f8belastning i enorm skala.<\/p>\n<p class=\"_textTheme_1yhmn_1 _paragraph_172ys_4 _paragraph_u2bdr_27 layout-component layout-normal layout-padded body-medium\">Akkurat n\u00e5 holdes verden som gisler av noen f\u00e5 menn med enorm makt som viser forakt for folkeretten, demokratiet og de institusjonene som ble bygget opp etter andre verdenskrig. Likevel forholder mange med betydelig makt og p\u00e5virkning seg fortsatt som om dette bare er et politisk anliggende og ikke ang\u00e5r oss alle.<\/p>\n<p class=\"_textTheme_1yhmn_1 _paragraph_172ys_4 _paragraph_u2bdr_27 layout-component layout-normal layout-padded body-medium\">En god n\u00e6ringslivsleder tenker langsiktig og tar ansvar for beslutninger som f\u00e5r konsekvenser over tid. Snart m\u00e5 noen stille det \u00e5penbare sp\u00f8rsm\u00e5let: Hva skal vi med enda mer vekst i en verden hvor det blir stadig vanskeligere \u00e5 leve trygt og godt?<\/p>\n<p class=\"_textTheme_1yhmn_1 _paragraph_172ys_4 _paragraph_u2bdr_27 layout-component layout-normal layout-padded body-medium\">Det kan hende noe skjer i det stille. Likevel er det p\u00e5fallende hvor mye lettere det er \u00e5 f\u00e5 \u00f8ye p\u00e5 n\u00e6ringslivets tyngde i n\u00e6ringspolitiske sp\u00f8rsm\u00e5l enn n\u00e5r krig, folkerett og de langsiktige samfunnskostnadene av vold st\u00e5r p\u00e5 spill. <\/p>\n<p class=\"_textTheme_1yhmn_1 _paragraph_172ys_4 _paragraph_u2bdr_27 layout-component layout-normal layout-padded body-medium\">Dette gjelder ogs\u00e5 NHO. <\/p>\n<p class=\"_textTheme_1yhmn_1 _paragraph_172ys_4 _paragraph_u2bdr_27 layout-component layout-normal layout-padded body-medium\">Ingen forventer at en arbeidsgiverorganisasjon skal f\u00f8re utenrikspolitikk, men NHO er en av landets mest innflytelsesrike lobbyakt\u00f8rer i sp\u00f8rsm\u00e5l om energi, skatt, reguleringer og norske rammevilk\u00e5r. <\/p>\n<p class=\"_textTheme_1yhmn_1 _paragraph_172ys_4 _paragraph_u2bdr_27 layout-component layout-normal layout-padded body-medium\">Samtidig er det sl\u00e5ende hvor raskt n\u00e6ringslivet mobiliserer rundt konsekvensene av krig, og hvor sjelden den samme tyngden brukes p\u00e5 \u00e5rsakene: krig, eskalering og folkerettsbrudd.<\/p>\n<p class=\"_textTheme_1yhmn_1 _paragraph_172ys_4 _paragraph_u2bdr_27 layout-component layout-normal layout-padded body-medium\">N\u00e6ringslivet mobiliserer tungt n\u00e5r egne interesser, rammevilk\u00e5r og konkurransekraft st\u00e5r p\u00e5 spill. Det har betydelig p\u00e5virkningskraft som innkj\u00f8per, investor, arbeidsgiver og premissleverand\u00f8r i samfunnsdebatten.<\/p>\n<p class=\"_textTheme_1yhmn_1 _paragraph_172ys_4 _paragraph_u2bdr_27 layout-component layout-normal layout-padded body-medium\">N\u00e5r deler av verden rives i stykker, er vi langt forbi sp\u00f8rsm\u00e5let om n\u00e6ringslivet m\u00e5 mene noe om alt. Sp\u00f8rsm\u00e5let er heller dette: Hvis n\u00e6ringslivet virkelig f\u00f8ler et ansvar for samfunnsutviklingen og alle menneskene det representerer, hvor er n\u00e6ringslivets stemmer for fred?<\/p>\n<p class=\"_title_smwls_36\"><strong class=\"title-small bold\">Dette er en kronikk<\/strong><\/p>\n<p class=\"_textTheme_1yhmn_1 _paragraph_172ys_4 _paragraph_u2bdr_27 layout-component layout-normal\">Kronikken gir uttrykk for skribentens holdning.<\/p>\n","protected":false},"excerpt":{"rendered":"Krig og nye angrep preger nyhetsbildet. Likevel handler samtalen i n\u00e6ringslivet nesten bare om hvordan virksomheter skal navigere&hellip;\n","protected":false},"author":2,"featured_media":221692,"comment_status":"","ping_status":"","sticky":false,"template":"","format":"standard","meta":{"footnotes":"","_share_on_mastodon":"0"},"categories":[12],"tags":[2004,3851,20,21,24,25,15,1514,474,22,23,157,13,30,28,29,14,16,10166,26,27,42,43,44,45],"class_list":["post-221691","post","type-post","status-publish","format-standard","has-post-thumbnail","category-verden","tag-baerekraft","tag-beredskap","tag-breaking-news","tag-breakingnews","tag-featured-news","tag-featurednews","tag-headlines","tag-klima","tag-krig","tag-latest-news","tag-latestnews","tag-leserinnlegg","tag-news","tag-no","tag-norge","tag-norway","tag-nyheter","tag-overskrifter","tag-samfunnsdebatt","tag-top-stories","tag-topstories","tag-verden","tag-world","tag-world-news","tag-worldnews"],"share_on_mastodon":{"url":"https:\/\/pubeurope.com\/@no\/116464776144595493","error":""},"_links":{"self":[{"href":"https:\/\/www.europesays.com\/no\/wp-json\/wp\/v2\/posts\/221691","targetHints":{"allow":["GET"]}}],"collection":[{"href":"https:\/\/www.europesays.com\/no\/wp-json\/wp\/v2\/posts"}],"about":[{"href":"https:\/\/www.europesays.com\/no\/wp-json\/wp\/v2\/types\/post"}],"author":[{"embeddable":true,"href":"https:\/\/www.europesays.com\/no\/wp-json\/wp\/v2\/users\/2"}],"replies":[{"embeddable":true,"href":"https:\/\/www.europesays.com\/no\/wp-json\/wp\/v2\/comments?post=221691"}],"version-history":[{"count":0,"href":"https:\/\/www.europesays.com\/no\/wp-json\/wp\/v2\/posts\/221691\/revisions"}],"wp:featuredmedia":[{"embeddable":true,"href":"https:\/\/www.europesays.com\/no\/wp-json\/wp\/v2\/media\/221692"}],"wp:attachment":[{"href":"https:\/\/www.europesays.com\/no\/wp-json\/wp\/v2\/media?parent=221691"}],"wp:term":[{"taxonomy":"category","embeddable":true,"href":"https:\/\/www.europesays.com\/no\/wp-json\/wp\/v2\/categories?post=221691"},{"taxonomy":"post_tag","embeddable":true,"href":"https:\/\/www.europesays.com\/no\/wp-json\/wp\/v2\/tags?post=221691"}],"curies":[{"name":"wp","href":"https:\/\/api.w.org\/{rel}","templated":true}]}}