{"id":221876,"date":"2026-04-25T14:28:54","date_gmt":"2026-04-25T14:28:54","guid":{"rendered":"https:\/\/www.europesays.com\/no\/221876\/"},"modified":"2026-04-25T14:28:54","modified_gmt":"2026-04-25T14:28:54","slug":"energipolitikk-stromforsyning-aasland-har-servert-tidenes-loftebrudd","status":"publish","type":"post","link":"https:\/\/www.europesays.com\/no\/221876\/","title":{"rendered":"Energipolitikk, Str\u00f8mforsyning | Aasland har servert tidenes l\u00f8ftebrudd"},"content":{"rendered":"\n<p>Denne uka sprakk nyheten &#8211; Statnett stanser alle reservasjoner nord for Svartisen i Nordland p\u00e5 ubestemt tid. Begrunnelsen er mangel p\u00e5 kapasitet i kraftnettet.<\/p>\n<p>Raser mot budbringeren<\/p>\n<p>N\u00e6ringslivet i Nord-Norge er i sjokk. Mange retter raseriet mot budbringeren, netteieren Statnett, som de mener m\u00e5 settes under en slags administrasjon.<\/p>\n<p>Det er delvis rett \u00e5 kritisere Statnett, men det er ogs\u00e5 en behagelig avsporing for de som er rett adressat, nemlig Storting og Regjering.<\/p>\n<p>Krisen har ligget i kortene siden august 2023. Da satte St\u00f8re, Vedum og Aasland seg p\u00e5 flyet til Hammerfest for \u00e5 varsle at Equinor skal erstatte de eksisterende gassturbinene p\u00e5 Melk\u00f8ya med enorme mengder elektrisk str\u00f8m, som skal komme fra det eksisterende kraftnettet.<\/p>\n<p>P\u00e5 dette tidspunktet var sammenhengen mellom kraftmangel og elektrifisering et av de mest brennbare temaene i Norge. Konflikten mellom idealistiske klimam\u00e5l og krafttilgangen for folk og n\u00e6ringsliv har v\u00e6rt tydelig.<\/p>\n<p>Jeg har selv v\u00e6rt tilstede p\u00e5 arrangementer i nord, og h\u00f8rt St\u00f8re motta kraftige og usminkede advarsler fra toppledere i nordnorsk n\u00e6ringsliv. Uansett hva du gj\u00f8r i nord, du m\u00e5 ikke elektrifisere Melk\u00f8ya, var budskapet til statsministeren.<\/p>\n<p>            Skjalg Fjellheim<\/p>\n<p>Journalist og redakt\u00f8r siden 1990. Bakgrunn som reporter hos Dagbladet, NRK og Nordlys.<\/p>\n<p>Politisk redakt\u00f8r i Nordlys 2015-2023. <\/p>\n<p>Kommunikasjonsdirekt\u00f8r i Helse Nord 2023-2024.<\/p>\n<p>Statssekret\u00e6r i Finansdepartementet (Sp) 2024-2025.<\/p>\n<p>Samfunnsredakt\u00f8r i Nettavisen fra april 2026.<\/p>\n<p>  Med R\u00f8dt i aftenb\u00f8nnen<\/p>\n<p>Jeg har ogs\u00e5 h\u00f8rt erfarne bedriftsledere i nord innr\u00f8mme at de i aftenb\u00f8nnen har tatt med et \u00f8nske om at Sofie Marhaug og R\u00f8dt lykkes i kampen for \u00e5 stanse elektrifiseringen.<\/p>\n<p>Det skjedde ikke. Og Jonas Gahr St\u00f8re lyttet ikke, det gjorde heller ikke Erna Solberg. Det var den store Equinorlobbyen, som har full kontroll p\u00e5 Ap og H\u00f8yre, som vant frem.<\/p>\n<p>En del av gevinsten for dem er at Staten n\u00e5 tar seg av fakturaen og at Equinor slipper \u00e5 betale store summer i CO 2-avgifter.<\/p>\n<p><b>Les mer fra Skjalg Fjellheim: <a href=\"https:\/\/www.nettavisen.no\/norsk-debatt\/nrk-lot-store-angripe-frp-uten-sylvi-listhaug-til-stede\/o\/5-95-3000281\" rel=\"Follow nofollow noopener\" target=\"_blank\">NRK er St\u00f8res taler\u00f8r og Sylvis munnkurv<\/a><\/b><\/p>\n<p>Folket tar regningen<\/p>\n<p>Regningen sendes i stedet videre, den g\u00e5r til befolkning og n\u00e6ringsliv. En skremmende forsmak fikk Nord-Norge denne uka, da Statnett stengte for nye tilkoblinger.<\/p>\n<p>Resultatet er fatalt for Nord-Norge, og for tilliten til det politiske systemet.<\/p>\n<p>Aff\u00e6ren kan bli en dreiebok p\u00e5 hvordan folkepartier forvitrer og til slutt blir borte, n\u00e5r de helt slutter \u00e5 lytte til andre enn de aller mektigste.<\/p>\n<p>Regjeringen lovet at det i 2030 skal v\u00e6re klart b\u00e5de ny nettkapasitet og 3,6 Twh ny fornybar energi i nord.<\/p>\n<p>Et helt urealistisk m\u00e5l, s\u00e5 lenge Norge er bundet av folkeretten knyttet til den samiske reindriften.<\/p>\n<p><b>Les ogs\u00e5: <a href=\"https:\/\/www.nettavisen.no\/norsk-debatt\/hoye-oljepriser-slar-negativt-ut-for-folk-flest\/o\/5-95-2998104\" rel=\"Follow nofollow noopener\" target=\"_blank\">Fest for staten, sparekniv for folk flest<\/a><\/b><\/p>\n<p>En villet politikk<\/p>\n<p>Snakk om \u00e5 bl\u00f8ffe og forlede nordlendingene og finnmarkingene. Det er ingen dristig sp\u00e5dom at oppslutningen for H\u00f8yre og Ap i nord kan komme til \u00e5 f\u00f8lge de nedadg\u00e5ende kurvene for produksjon av ny fornybar energi i Nord-Norge.<\/p>\n<p>Den tyngste erkjennelsen er at dette er villet politikk. Alle har skj\u00f8nt at det som skjer, er uunng\u00e5elig. Fordi Melk\u00f8ya trenger s\u00e5 mye str\u00f8m at det vil bruke opp det nordnorske kraftoverskuddet.<\/p>\n<p>    Full stopp<\/p>\n<p>N\u00e5 er det full stopp for ny industri og nye arbeidsplasser i mange \u00e5r fremover i landsdelen, fordi det ikke er tilstrekkelig energi.<\/p>\n<p>N\u00e5 roper Ap og H\u00f8yre-toppene i nord, sammen med kraftbransjen, p\u00e5 massiv utbygging av vindkraft i Nord-Norge, liksom for \u00e5 sukre pillen med enda mer desperasjon og konflikt.<\/p>\n<p>Det som uansett virker klart, er at beslutningen om elektrifisering i Hammerfest var uansvarlig, den ble tatt uten at konsekvensene ble utredet.<\/p>\n<p>Det er klimapolitikk med vidtrekkende konsekvenser. I praksis kan denne delen av det gr\u00f8nne skiftet i Norge ogs\u00e5 vise seg \u00e5 bli det mest effektive avfolkingsvedtaket i landet i moderne tid.<\/p>\n<p><b>Les ogs\u00e5: <a href=\"https:\/\/www.nettavisen.no\/norsk-debatt\/kraftutbygging-nord-norge-er-ikke-viktig-for-denne-regjeringen\/o\/5-95-2996810\" rel=\"Follow nofollow noopener\" target=\"_blank\">Arbeiderpartiet skrur av lyset i Nord-Norge<\/a><\/b><\/p>\n<p>Elendig h\u00e5ndverk fra politikerne<\/p>\n<p>Politikerne har gjennom elendig h\u00e5ndverk gjennom mange \u00e5r sviktet i sin viktigste oppgave, \u00e5 s\u00f8rge for sikker og stabil tilgang til elektrisk kraft i det arktiske Norge. Det er helt utrolig at det er mulig.<\/p>\n<p>Det kan komme til \u00e5 t\u00f8mme deler av Nord-Norge for folk og bedrifter. Og det er ikke i nasjonens interesse.<\/p>\n","protected":false},"excerpt":{"rendered":"Denne uka sprakk nyheten &#8211; Statnett stanser alle reservasjoner nord for Svartisen i Nordland p\u00e5 ubestemt tid. Begrunnelsen&hellip;\n","protected":false},"author":2,"featured_media":221877,"comment_status":"","ping_status":"","sticky":false,"template":"","format":"standard","meta":{"footnotes":"","_share_on_mastodon":"0"},"categories":[10],"tags":[36,20,21,10177,7023,24,25,15,16507,22,23,13,30,28,29,14,1533,16,3481,8386,26,27],"class_list":["post-221876","post","type-post","status-publish","format-standard","has-post-thumbnail","category-norge","tag-art","tag-breaking-news","tag-breakingnews","tag-elektrifisering-av-melkoya","tag-energipolitikk","tag-featured-news","tag-featurednews","tag-headlines","tag-kraft-og-industriloft-for-finnmark","tag-latest-news","tag-latestnews","tag-news","tag-no","tag-norge","tag-norway","tag-nyheter","tag-opinion","tag-overskrifter","tag-statnett","tag-stromforsyning","tag-top-stories","tag-topstories"],"share_on_mastodon":{"url":"https:\/\/pubeurope.com\/@no\/116465825575237494","error":""},"_links":{"self":[{"href":"https:\/\/www.europesays.com\/no\/wp-json\/wp\/v2\/posts\/221876","targetHints":{"allow":["GET"]}}],"collection":[{"href":"https:\/\/www.europesays.com\/no\/wp-json\/wp\/v2\/posts"}],"about":[{"href":"https:\/\/www.europesays.com\/no\/wp-json\/wp\/v2\/types\/post"}],"author":[{"embeddable":true,"href":"https:\/\/www.europesays.com\/no\/wp-json\/wp\/v2\/users\/2"}],"replies":[{"embeddable":true,"href":"https:\/\/www.europesays.com\/no\/wp-json\/wp\/v2\/comments?post=221876"}],"version-history":[{"count":0,"href":"https:\/\/www.europesays.com\/no\/wp-json\/wp\/v2\/posts\/221876\/revisions"}],"wp:featuredmedia":[{"embeddable":true,"href":"https:\/\/www.europesays.com\/no\/wp-json\/wp\/v2\/media\/221877"}],"wp:attachment":[{"href":"https:\/\/www.europesays.com\/no\/wp-json\/wp\/v2\/media?parent=221876"}],"wp:term":[{"taxonomy":"category","embeddable":true,"href":"https:\/\/www.europesays.com\/no\/wp-json\/wp\/v2\/categories?post=221876"},{"taxonomy":"post_tag","embeddable":true,"href":"https:\/\/www.europesays.com\/no\/wp-json\/wp\/v2\/tags?post=221876"}],"curies":[{"name":"wp","href":"https:\/\/api.w.org\/{rel}","templated":true}]}}