{"id":22205,"date":"2025-08-30T09:51:07","date_gmt":"2025-08-30T09:51:07","guid":{"rendered":"https:\/\/www.europesays.com\/no\/22205\/"},"modified":"2025-08-30T09:51:07","modified_gmt":"2025-08-30T09:51:07","slug":"ulykker-trafikk-stort-jordras-i-levanger-politiet-bekrefter-en-person-savnet-e6-og-jernbanen-er-stengt","status":"publish","type":"post","link":"https:\/\/www.europesays.com\/no\/22205\/","title":{"rendered":"Ulykker, Trafikk | Stort jordras i Levanger: Politiet bekrefter \u00e9n person savnet \u2013 E6 og jernbanen er stengt"},"content":{"rendered":"\n<p>L\u00f8rdag morgen har et st\u00f8rre ras tatt med seg deler av b\u00e5de nye og gamle E6, samt jernbanelinja ved Nesvatnet i Levanger kommune.<\/p>\n<p>Tr\u00f8ndelag politidistrikt opplyser at \u00e9n bil skal ha havnet i vannet, og at det ogs\u00e5 er fare for et hus p\u00e5 stedet. <\/p>\n<p>Kort tid etterp\u00e5 opplyste politiet at en person som var havnet i vannet hadde kommet seg opp. Vedkommende ble fraktet til Levanger sykehus, melder politiet i Tr\u00f8ndelag.<\/p>\n<p>\u00c9n person savnet<\/p>\n<p>Det foreg\u00e5r n\u00e5 omfattende s\u00f8k i omr\u00e5det med blant annet redningshelikopter. <\/p>\n<p><b>\u00ab\u00c9n person er ikke gjort rede for\u00bb, melder Tr\u00f8ndelag politidistrikt i sin operasjonslogg klokken 10.24.<\/b><\/p>\n<p>Det er ogs\u00e5 uvisst om det er \u00e9n bil til som har havnet i vannet med raset, if\u00f8lge politiet. Tre personer fra boliger i n\u00e6rheten av rasstedet er ogs\u00e5 evakuert. <\/p>\n<p> E6 vil trolig bli stengt i flere dager som f\u00f8lge av raset. Begge kj\u00f8refelt er helt rast ut, som bilder fra stedet ogs\u00e5 viser.<\/p>\n<p>Tr\u00f8nderbanen, som er navnet p\u00e5 den s\u00f8rligste delen av Nordlandsbanen, er ogs\u00e5 rammet. <\/p>\n<p>Vedlikehold p\u00e5 jernbanen<\/p>\n<p>Til <a href=\"https:\/\/www.t-a.no\/stort-ras-i-asen-bil-i-vannet-fare-for-hus\/s\/5-116-2210262\" rel=\"Follow nofollow noopener\" target=\"_blank\">Tr\u00f8nder-Avisa<\/a> opplyser pressevakt Randi Ness i SJ Nord at Bane NOR driver et stort vedlikeholdsarbeid p\u00e5 Tr\u00f8nderbanen i helga, noe som betyr at togene st\u00e5r, og at det kj\u00f8res buss for tog.<\/p>\n<p>Trafikkoperat\u00f8r Andreas Johansen i Vegtrafikksentralen Midt forteller til den samme avisa at situasjonen enn\u00e5 er uoversiktlig.<\/p>\n<p>\u2013 Dette har skjedd ganske nylig, og det er for tidlig \u00e5 si noe om hvor lang tid det vil ta, opplyser han klokken 09.00.<\/p>\n<p>\u2013 Vi kommer tilbake med omkj\u00f8ringsmuligheter etter hvert. Bilistene langs veien m\u00e5 bare st\u00e5 i ro og avvente at det blir kommunisert noe annet. Personbiler har st\u00f8rre muligheter til \u00e5 kj\u00f8re andre ruter enn tungtransport, sier Johansen til <a href=\"https:\/\/www.t-a.no\/stort-ras-i-asen-bil-i-vannet-fare-for-hus\/s\/5-116-2210262\" rel=\"Follow nofollow noopener\" target=\"_blank\">Tr\u00f8nder-Avisa<\/a>.<\/p>\n<p>Politiet opplyser n\u00e5 at det er omkj\u00f8ringsmuligheter via Gamle Kongeveg. <\/p>\n<p>Les mer om: artikkelemnene<\/p>\n","protected":false},"excerpt":{"rendered":"L\u00f8rdag morgen har et st\u00f8rre ras tatt med seg deler av b\u00e5de nye og gamle E6, samt jernbanelinja&hellip;\n","protected":false},"author":2,"featured_media":22206,"comment_status":"","ping_status":"","sticky":false,"template":"","format":"standard","meta":{"footnotes":""},"categories":[10],"tags":[36,20,21,24,25,15,22,23,13,30,28,29,14,16,1510,26,27,224,270,1204],"class_list":{"0":"post-22205","1":"post","2":"type-post","3":"status-publish","4":"format-standard","5":"has-post-thumbnail","7":"category-norge","8":"tag-art","9":"tag-breaking-news","10":"tag-breakingnews","11":"tag-featured-news","12":"tag-featurednews","13":"tag-headlines","14":"tag-latest-news","15":"tag-latestnews","16":"tag-news","17":"tag-no","18":"tag-norge","19":"tag-norway","20":"tag-nyheter","21":"tag-overskrifter","22":"tag-story","23":"tag-top-stories","24":"tag-topstories","25":"tag-trafikk","26":"tag-trondelag","27":"tag-ulykker"},"share_on_mastodon":{"url":"","error":""},"_links":{"self":[{"href":"https:\/\/www.europesays.com\/no\/wp-json\/wp\/v2\/posts\/22205","targetHints":{"allow":["GET"]}}],"collection":[{"href":"https:\/\/www.europesays.com\/no\/wp-json\/wp\/v2\/posts"}],"about":[{"href":"https:\/\/www.europesays.com\/no\/wp-json\/wp\/v2\/types\/post"}],"author":[{"embeddable":true,"href":"https:\/\/www.europesays.com\/no\/wp-json\/wp\/v2\/users\/2"}],"replies":[{"embeddable":true,"href":"https:\/\/www.europesays.com\/no\/wp-json\/wp\/v2\/comments?post=22205"}],"version-history":[{"count":0,"href":"https:\/\/www.europesays.com\/no\/wp-json\/wp\/v2\/posts\/22205\/revisions"}],"wp:featuredmedia":[{"embeddable":true,"href":"https:\/\/www.europesays.com\/no\/wp-json\/wp\/v2\/media\/22206"}],"wp:attachment":[{"href":"https:\/\/www.europesays.com\/no\/wp-json\/wp\/v2\/media?parent=22205"}],"wp:term":[{"taxonomy":"category","embeddable":true,"href":"https:\/\/www.europesays.com\/no\/wp-json\/wp\/v2\/categories?post=22205"},{"taxonomy":"post_tag","embeddable":true,"href":"https:\/\/www.europesays.com\/no\/wp-json\/wp\/v2\/tags?post=22205"}],"curies":[{"name":"wp","href":"https:\/\/api.w.org\/{rel}","templated":true}]}}