{"id":222056,"date":"2026-04-25T18:33:09","date_gmt":"2026-04-25T18:33:09","guid":{"rendered":"https:\/\/www.europesays.com\/no\/222056\/"},"modified":"2026-04-25T18:33:09","modified_gmt":"2026-04-25T18:33:09","slug":"statnett-kraftmarkedet-regningen-fra-atte-ar-med-hoyre-og-frp-kommer-na","status":"publish","type":"post","link":"https:\/\/www.europesays.com\/no\/222056\/","title":{"rendered":"Statnett, Kraftmarkedet | Regningen fra \u00e5tte \u00e5r med H\u00f8yre og Frp kommer n\u00e5"},"content":{"rendered":"\n<p><b>La meg v\u00e6re tydelig f\u00f8rst: <\/b>Statnetts beslutning om \u00e5 stanse reservasjoner av nettkapasitet for ny stor industri nord for Svartisen, og \u00e5 sette ned grensen for vanlig forbruk i \u00d8st-Finnmark til 1 MW, er dramatisk og alvorlig. Det rammer prosjekter som skulle skape arbeidsplasser her, og det treffer bedrifter som har satset p\u00e5 at Finnmark skal vokse. Her har Statnett feilet med \u00e5 v\u00e6re i forkant i sitt systemansvar.<\/p>\n<p>  <a href=\"https:\/\/www.nordnorskdebatt.no\/5-124-425159\" class=\"related-teaser has-image article--c-MkAkR\" rel=\"nofollow noopener\" target=\"_blank\"><\/p>\n<p>    <img decoding=\"async\" width=\"155\"  loading=\"lazy\"  src=\"https:\/\/www.europesays.com\/no\/wp-content\/uploads\/2026\/04\/Jonas+og+Cecilie.jpg\" alt=\"\" class=\"brick-c-cFOWSL\" style=\"\"\/><\/p>\n<p>\n            Les ogs\u00e5<\/p>\n<p>            Arbeiderpartiet sl\u00e5r av lyset i Nord-Norge\n        <\/p>\n<p>  <\/a><\/p>\n<p><b>Thorheim treffer<\/b> likevel ikke godt med kritikken av Arbeiderpartiets prioriteringer og hvor kraft og nettutfordringene for Nord-Norge har oppst\u00e5tt.<\/p>\n<p><b>N\u00e5r vi n\u00e5 <\/b>ser p\u00e5 hvorfor nettsituasjonen er som den er i Nord Norge i dag, m\u00e5 vi se tilbake i tid. Og det er ikke spesielt hyggelig for Thorheims parti.<\/p>\n<p><b>Nettet i nord<\/b> skulle v\u00e6rt tatt tak i for minst 8 \u00e5r siden, for det tar mellom 8 tog 15 \u00e5r fra en linje er p\u00e5begynt til den st\u00e5r ferdig. Skulle vi sett prosjekter ferdigstilt i dag, m\u00e5tte de absolutt senest ha blitt startet for 8 \u00e5r siden, alts\u00e5 fire \u00e5r inn i Solberg-regjeringens periode. Den store forbruksveksten begynte i 2017 og 2018, mens Thorheims parti satt i regjering med Terje S\u00f8viknes som olje- og energiminister fra Frp. De s\u00e5 det komme. De gjorde ingenting.<\/p>\n<p><b>Vi jobber beinhardt<\/b> for \u00e5 f\u00e5 fart p\u00e5 utbyggingen og har snakket om mer kraft og mer nett p\u00e5 inn- og ut-pust de siste \u00e5rene.<\/p>\n<p><b>Men ingen, <\/b>uansett politisk st\u00e5sted kan si seg forn\u00f8yde med den situasjonen vi st\u00e5r i n\u00e5. Kraft- og nettsituasjonen i Nord-Norge er alvorlig. Det krever et krafttak for mer nett raskere for at vi skal komme oss ut av dette, vi hadde trengt at H\u00f8yre og Frp startet jobben tidligere for vi kommer ikke unna at det er et stort etterslep som m\u00e5 tas igjen. Det sitter Thorheim sitt parti med en stor del av ansvaret for. Det hadde kledd han \u00e5 anerkjenne det.<\/p>\n<p><b>Arbeiderpartiet har<\/b> politisk lansert Kraftl\u00f8ftet for Finnmark i 2023. Vi har fjernet tidkrevende byr\u00e5krati og styrket energimyndighetenes kapasitet. Vi har f\u00e5tt p\u00e5 plass hurtigspor for enkle og lite konfliktfylte nettutbygginger. Statnett har investeringsplaner p\u00e5 150 milliarder kroner, og det jobbes konkret med nettforsterkninger i hele regionen.<\/p>\n<p><b>Mens H\u00f8yre og Frp <\/b>stod og s\u00e5 p\u00e5, har Arbeiderpartiet st\u00e5tt i kraftig motvind de siste \u00e5rene for kraft og nett. Lokale helter som Wenche Pedersen, ordf\u00f8rer i Vads\u00f8 og leder av \u00d8st-Finnmarkr\u00e5det, m\u00e5 vi snart d\u00f8pe 420-linja til Varangetbotn etter. Hun har advart om at staten har ligget for langt bak p\u00e5 nettutbygging i hele landet. Hun har st\u00e5tt p\u00e5 for regionen selv n\u00e5r motstanden mot kraftlinjer, vindkraft og nye stasjoner har v\u00e6rt massiv, fra kommunestyrer, organisasjoner og mediekommentatorer, lokalt og sentralt. Det er folk som henne, ikke Thorheim, som har holdt saken varm gjennom \u00e5r der f\u00e5 andre ville ta den.<\/p>\n<p><b>Vi m\u00e5 samtidig <\/b>klare \u00e5 v\u00e6re \u00e6rlige om hvorfor det er s\u00e5 krevende \u00e5 bygge ut b\u00e5de kraftproduksjon og nett raskt nok, spesielt i Nord. Det er fordi utbygging av kraft og nett ber\u00f8rer lokalsamfunn, reindriftsinteresser og naturvern. Disse interessene skal behandles med respekt, og hvis vi ikke gj\u00f8r det p\u00e5drar vi oss lett noen strafferunder i etterkant. Samtidig m\u00e5 vi jobbe for \u00e5 finne alle l\u00f8sninger som tar ned behandlingstiden og ta beslutninger i tide. Dette er et ansvar hele politiske Norge deler, og det er en jobb vi m\u00e5 gj\u00f8re sammen hvis vi skal f\u00e5 fart p\u00e5 utbyggingen av den kritiske infrastrukturen som landsdelen trenger.<\/p>\n","protected":false},"excerpt":{"rendered":"La meg v\u00e6re tydelig f\u00f8rst: Statnetts beslutning om \u00e5 stanse reservasjoner av nettkapasitet for ny stor industri nord&hellip;\n","protected":false},"author":2,"featured_media":222057,"comment_status":"","ping_status":"","sticky":false,"template":"","format":"standard","meta":{"footnotes":"","_share_on_mastodon":"0"},"categories":[5],"tags":[36,20,21,24,25,15,19,9772,6697,22,23,17,18,20847,13,30,28,29,14,1533,16,3481,26,27],"class_list":["post-222056","post","type-post","status-publish","format-standard","has-post-thumbnail","category-overskrifter","tag-art","tag-breaking-news","tag-breakingnews","tag-featured-news","tag-featurednews","tag-headlines","tag-hovedoppslag","tag-kraftlinjer","tag-kraftmarkedet","tag-latest-news","tag-latestnews","tag-main-news","tag-mainnews","tag-naeringslivet-i-nord","tag-news","tag-no","tag-norge","tag-norway","tag-nyheter","tag-opinion","tag-overskrifter","tag-statnett","tag-top-stories","tag-topstories"],"share_on_mastodon":{"url":"https:\/\/pubeurope.com\/@no\/116466784922634580","error":""},"_links":{"self":[{"href":"https:\/\/www.europesays.com\/no\/wp-json\/wp\/v2\/posts\/222056","targetHints":{"allow":["GET"]}}],"collection":[{"href":"https:\/\/www.europesays.com\/no\/wp-json\/wp\/v2\/posts"}],"about":[{"href":"https:\/\/www.europesays.com\/no\/wp-json\/wp\/v2\/types\/post"}],"author":[{"embeddable":true,"href":"https:\/\/www.europesays.com\/no\/wp-json\/wp\/v2\/users\/2"}],"replies":[{"embeddable":true,"href":"https:\/\/www.europesays.com\/no\/wp-json\/wp\/v2\/comments?post=222056"}],"version-history":[{"count":0,"href":"https:\/\/www.europesays.com\/no\/wp-json\/wp\/v2\/posts\/222056\/revisions"}],"wp:featuredmedia":[{"embeddable":true,"href":"https:\/\/www.europesays.com\/no\/wp-json\/wp\/v2\/media\/222057"}],"wp:attachment":[{"href":"https:\/\/www.europesays.com\/no\/wp-json\/wp\/v2\/media?parent=222056"}],"wp:term":[{"taxonomy":"category","embeddable":true,"href":"https:\/\/www.europesays.com\/no\/wp-json\/wp\/v2\/categories?post=222056"},{"taxonomy":"post_tag","embeddable":true,"href":"https:\/\/www.europesays.com\/no\/wp-json\/wp\/v2\/tags?post=222056"}],"curies":[{"name":"wp","href":"https:\/\/api.w.org\/{rel}","templated":true}]}}