{"id":222382,"date":"2026-04-26T08:21:13","date_gmt":"2026-04-26T08:21:13","guid":{"rendered":"https:\/\/www.europesays.com\/no\/222382\/"},"modified":"2026-04-26T08:21:13","modified_gmt":"2026-04-26T08:21:13","slug":"bortvisning-ost-politidistrikt-trusler-og-slassing-flere-bortvist","status":"publish","type":"post","link":"https:\/\/www.europesays.com\/no\/222382\/","title":{"rendered":"Bortvisning, \u00d8st politidistrikt | Trusler og sl\u00e5ssing: Flere bortvist"},"content":{"rendered":"\n<p>\u2013 Politiet har roet gemyttene i Jessheim sentrum, lyder en melding i politiloggen natt til s\u00f8ndag.<\/p>\n<p>Det var i 02.40-tiden at tre personer var involvert i sl\u00e5ssing, if\u00f8lge operasjonsleder i \u00d8st politidistrikt, Gisle Sveen.<\/p>\n<p>\u2013 En ble tatt kontroll p\u00e5 av patruljen, sier han til Romerikes Blad.<\/p>\n<p>To menn \u2013 en i 20-\u00e5rene og en i 40-\u00e5rene \u2013 endte opp med \u00e5 bli bortvist fra sentrum.<\/p>\n<p>Like etterp\u00e5 skal politiet ha bortvist nok en person, en mann i 30-\u00e5rene.<\/p>\n<p>\u2013 En vakt p\u00e5 et utested skal ha blitt truet, sier Sveen.<\/p>\n<p>  <a href=\"https:\/\/www.rb.no\/5-43-2733159\" class=\"related-teaser has-image article--c-MkAkR\" rel=\"nofollow noopener\" target=\"_blank\"><\/p>\n<p>    <img decoding=\"async\" width=\"155\"  loading=\"lazy\"  src=\"https:\/\/www.europesays.com\/no\/wp-content\/uploads\/2026\/04\/sladd+jessheim.jpg\" alt=\"\" class=\"brick-c-cFOWSL\" style=\"\"\/><\/p>\n<p>\n            Les ogs\u00e5<\/p>\n<p>            Gullsmed-tyveri p\u00e5 Jessheim\n        <\/p>\n<p>  <\/a><\/p>\n<p>  <a href=\"https:\/\/www.rb.no\/5-43-2733491\" class=\"related-teaser has-image article--c-MkAkR\" rel=\"nofollow noopener\" target=\"_blank\"><\/p>\n<p>    <img decoding=\"async\" width=\"155\"  loading=\"lazy\"  src=\"https:\/\/www.europesays.com\/no\/wp-content\/uploads\/2026\/04\/Skjermbilde+2026-04-25+kl.+22.08.52.png\" alt=\"\" class=\"brick-c-cFOWSL\" style=\"\"\/><\/p>\n<p>\n            Les ogs\u00e5<\/p>\n<p>            \u2013 Begynte \u00e5 brenne under kj\u00f8ring\n        <\/p>\n<p>  <\/a><\/p>\n","protected":false},"excerpt":{"rendered":"\u2013 Politiet har roet gemyttene i Jessheim sentrum, lyder en melding i politiloggen natt til s\u00f8ndag. Det var&hellip;\n","protected":false},"author":2,"featured_media":7393,"comment_status":"","ping_status":"","sticky":false,"template":"","format":"standard","meta":{"footnotes":"","_share_on_mastodon":"0"},"categories":[10],"tags":[36,20988,20,21,24,25,15,1921,22,23,13,30,28,29,14,16,415,1510,26,27],"class_list":["post-222382","post","type-post","status-publish","format-standard","has-post-thumbnail","category-norge","tag-art","tag-bortvisning","tag-breaking-news","tag-breakingnews","tag-featured-news","tag-featurednews","tag-headlines","tag-jessheim","tag-latest-news","tag-latestnews","tag-news","tag-no","tag-norge","tag-norway","tag-nyheter","tag-overskrifter","tag-ost-politidistrikt","tag-story","tag-top-stories","tag-topstories"],"share_on_mastodon":{"url":"https:\/\/pubeurope.com\/@no\/116470041169916424","error":""},"_links":{"self":[{"href":"https:\/\/www.europesays.com\/no\/wp-json\/wp\/v2\/posts\/222382","targetHints":{"allow":["GET"]}}],"collection":[{"href":"https:\/\/www.europesays.com\/no\/wp-json\/wp\/v2\/posts"}],"about":[{"href":"https:\/\/www.europesays.com\/no\/wp-json\/wp\/v2\/types\/post"}],"author":[{"embeddable":true,"href":"https:\/\/www.europesays.com\/no\/wp-json\/wp\/v2\/users\/2"}],"replies":[{"embeddable":true,"href":"https:\/\/www.europesays.com\/no\/wp-json\/wp\/v2\/comments?post=222382"}],"version-history":[{"count":0,"href":"https:\/\/www.europesays.com\/no\/wp-json\/wp\/v2\/posts\/222382\/revisions"}],"wp:featuredmedia":[{"embeddable":true,"href":"https:\/\/www.europesays.com\/no\/wp-json\/wp\/v2\/media\/7393"}],"wp:attachment":[{"href":"https:\/\/www.europesays.com\/no\/wp-json\/wp\/v2\/media?parent=222382"}],"wp:term":[{"taxonomy":"category","embeddable":true,"href":"https:\/\/www.europesays.com\/no\/wp-json\/wp\/v2\/categories?post=222382"},{"taxonomy":"post_tag","embeddable":true,"href":"https:\/\/www.europesays.com\/no\/wp-json\/wp\/v2\/tags?post=222382"}],"curies":[{"name":"wp","href":"https:\/\/api.w.org\/{rel}","templated":true}]}}