{"id":22250,"date":"2025-08-30T11:24:08","date_gmt":"2025-08-30T11:24:08","guid":{"rendered":"https:\/\/www.europesays.com\/no\/22250\/"},"modified":"2025-08-30T11:24:08","modified_gmt":"2025-08-30T11:24:08","slug":"datoene-for-bodo-glimt-mot-tottenham-juventus-og-manchester-city","status":"publish","type":"post","link":"https:\/\/www.europesays.com\/no\/22250\/","title":{"rendered":"Datoene for Bod\u00f8\/Glimt mot Tottenham, Juventus og Manchester City"},"content":{"rendered":"\n<p class=\"_lead_1bvmi_2 _lead_xtcu6_50 layout-component text-serif-m layout-normal text-serif-l layout-component layout-wide layout-padded _wide_17hqh_1 layout-padded\">Manchester City kan f\u00e5 en kald opplevelse p\u00e5 Aspmyra.<\/p>\n<p><img alt=\" Foto: Jason Cairnduff \/ Reuters \/ NTB\" class=\"_image_qp4xg_65 layout-component layout-wide\" data-fullscreen- data-track-element-type=\"Article image fullscreen\" data-track-name=\"ImageFullscreen\" fetchpriority=\"high\" decoding=\"sync\" loading=\"eager\" height=\"1440\" itemprop=\"image\"  src=\"https:\/\/www.europesays.com\/no\/wp-content\/uploads\/2025\/08\/afad3658-6ca0-434e-be5a-451e6e382fd8\"  style=\"object-position:0% 0%\" width=\"2020\"\/> Foto: Jason Cairnduff \/ Reuters \/ NTB<\/p>\n<ul aria-hidden=\"true\" class=\"_images_1y6fe_106\">\n<li><a class=\"_link_1y6fe_111\" href=\"https:\/\/www.vg.no\/forfatter\/mats-arntzen\" style=\"z-index:1\" title=\"Mats Arntzen\" rel=\"nofollow noopener\" target=\"_blank\"><img alt=\"Bilde av Mats Arntzen\" class=\"_image_1y6fe_88\" fetchpriority=\"low\" loading=\"lazy\" decoding=\"async\" itemprop=\"image\"  src=\"https:\/\/www.europesays.com\/no\/wp-content\/uploads\/2025\/08\/1756553048_911_29b4beac-bbee-4d70-98b8-fb24e4b95afc\"  width=\"480\"\/><\/a><\/li>\n<\/ul>\n<p> Oppdatert l\u00f8rdag 30. august kl. 12:41     <\/p>\n<p class=\"_paragraph_1bvmi_4 _paragraph_xtcu6_10 layout-component text-serif-m layout-normal text-serif-m layout-padded\"><a href=\"https:\/\/www.vg.no\/tag\/bodoe-glimt?utm_source=vg-article&amp;utm_medium=auto-tagger&amp;utm_campaign=qP0wV0\" class=\"_link_1bvmi_39\" rel=\"nofollow noopener\" target=\"_blank\">Bod\u00f8\/Glimt<\/a> \u00e5pner borte mot Slavia Praha i f\u00f8rste runde.<\/p>\n<p class=\"_paragraph_1bvmi_4 _paragraph_xtcu6_10 layout-component text-serif-m layout-normal text-serif-m layout-padded\">Den f\u00f8rste hjemmekampen blir mot Tottenham i andre runde.<\/p>\n<p class=\"_paragraph_1bvmi_4 _paragraph_xtcu6_10 layout-component text-serif-m layout-normal text-serif-m layout-padded\">Bod\u00f8\/Glimt spiller hjemme mot Juventus 25. november og borte mot Borussia Dortmund 10. desember.<\/p>\n<p class=\"_paragraph_1bvmi_4 _paragraph_xtcu6_10 layout-component text-serif-m layout-normal text-serif-m layout-padded\">Her er alle datoene og kamptidspunktene for Bod\u00f8\/Glimts kamper:<\/p>\n<ul class=\"_list_1bvmi_3 _list_xtcu6_9 _unordered_1bvmi_99 layout-component text-serif-m layout-normal text-serif-m layout-padded\">\n<li class=\"_item_1bvmi_30\">17. september: Slavia Praha &#8211; Bod\u00f8\/Glimt 18:45<\/li>\n<li class=\"_item_1bvmi_30\">30. september: Bod\u00f8\/Glimt &#8211; Tottenham 21:00<\/li>\n<li class=\"_item_1bvmi_30\">22. oktober:\u00a0Galatasaray &#8211; Bod\u00f8\/Glimt 18:45<\/li>\n<li class=\"_item_1bvmi_30\">4. november:\u00a0Bod\u00f8\/Glimt &#8211; Monaco 21:00<\/li>\n<li class=\"_item_1bvmi_30\">25. november:\u00a0Bod\u00f8\/Glimt &#8211; Juventus 21:00<\/li>\n<li class=\"_item_1bvmi_30\">10. desember:\u00a0Borussia Dortmund &#8211; Bod\u00f8\/Glimt 21:00<\/li>\n<li class=\"_item_1bvmi_30\">20. januar:\u00a0Bod\u00f8\/Glimt &#8211; Manchester City 18:45<\/li>\n<li class=\"_item_1bvmi_30\">28. januar:\u00a0Atletico Madrid &#8211; Bod\u00f8\/Glimt 21:00<\/li>\n<\/ul>\n<p class=\"_paragraph_1bvmi_4 _paragraph_xtcu6_10 layout-component text-serif-m layout-normal text-serif-m layout-padded\">Hele Champions League-oppsettet finner du p\u00e5 <a href=\"https:\/\/www.uefa.com\/uefachampionsleague\/news\/029c-1e9a2f63fe2d-ebf9ad643892-1000--202526-champions-league-all-the-league-phase-fixtures\/\" class=\"_link_1bvmi_39\" rel=\"nofollow noopener\" target=\"_blank\">UEFAs sider<\/a>. Der kan du trykke deg videre og sortere b\u00e5de etter lag og kampdag.<\/p>\n<p class=\"_paragraph_1bvmi_4 _paragraph_xtcu6_10 layout-component text-serif-m layout-normal text-serif-m layout-padded\">\u00c5tte lag g\u00e5r direkte videre til \u00e5ttedelsfinalen. Nummer 9 til 24 spiller en ekstra playoffkamp, mens de 12 svakeste lagene ryker ut.<\/p>\n","protected":false},"excerpt":{"rendered":"Manchester City kan f\u00e5 en kald opplevelse p\u00e5 Aspmyra. Foto: Jason Cairnduff \/ Reuters \/ NTB Oppdatert l\u00f8rdag&hellip;\n","protected":false},"author":2,"featured_media":22251,"comment_status":"","ping_status":"","sticky":false,"template":"","format":"standard","meta":{"footnotes":""},"categories":[59],"tags":[517,706,810,92,671,30,28,29,83,82],"class_list":{"0":"post-22250","1":"post","2":"type-post","3":"status-publish","4":"format-standard","5":"has-post-thumbnail","7":"category-sport","8":"tag-bodo-glimt","9":"tag-champions-league","10":"tag-erling-braut-haaland","11":"tag-fotball","12":"tag-manchester-city","13":"tag-no","14":"tag-norge","15":"tag-norway","16":"tag-sport","17":"tag-sports"},"share_on_mastodon":{"url":"","error":""},"_links":{"self":[{"href":"https:\/\/www.europesays.com\/no\/wp-json\/wp\/v2\/posts\/22250","targetHints":{"allow":["GET"]}}],"collection":[{"href":"https:\/\/www.europesays.com\/no\/wp-json\/wp\/v2\/posts"}],"about":[{"href":"https:\/\/www.europesays.com\/no\/wp-json\/wp\/v2\/types\/post"}],"author":[{"embeddable":true,"href":"https:\/\/www.europesays.com\/no\/wp-json\/wp\/v2\/users\/2"}],"replies":[{"embeddable":true,"href":"https:\/\/www.europesays.com\/no\/wp-json\/wp\/v2\/comments?post=22250"}],"version-history":[{"count":0,"href":"https:\/\/www.europesays.com\/no\/wp-json\/wp\/v2\/posts\/22250\/revisions"}],"wp:featuredmedia":[{"embeddable":true,"href":"https:\/\/www.europesays.com\/no\/wp-json\/wp\/v2\/media\/22251"}],"wp:attachment":[{"href":"https:\/\/www.europesays.com\/no\/wp-json\/wp\/v2\/media?parent=22250"}],"wp:term":[{"taxonomy":"category","embeddable":true,"href":"https:\/\/www.europesays.com\/no\/wp-json\/wp\/v2\/categories?post=22250"},{"taxonomy":"post_tag","embeddable":true,"href":"https:\/\/www.europesays.com\/no\/wp-json\/wp\/v2\/tags?post=22250"}],"curies":[{"name":"wp","href":"https:\/\/api.w.org\/{rel}","templated":true}]}}