{"id":222764,"date":"2026-04-26T19:45:16","date_gmt":"2026-04-26T19:45:16","guid":{"rendered":"https:\/\/www.europesays.com\/no\/222764\/"},"modified":"2026-04-26T19:45:16","modified_gmt":"2026-04-26T19:45:16","slug":"reagerer-blir-satt-ut","status":"publish","type":"post","link":"https:\/\/www.europesays.com\/no\/222764\/","title":{"rendered":"Reagerer: &#8211; Blir satt ut"},"content":{"rendered":"<p>&#8211; Vi kan ikke akseptere \u00e5 ha s\u00e5nne tilstander i norske fengsler. Punktum. Jeg blir helt satt ut av \u00e5 se det, sier stortingsrepresentant Farukh Qureshi (Ap).\u00a0<\/p>\n<p>Han jobbet ti \u00e5r som fengselsbetjent i Oslo fengsel f\u00f8r han gikk til politiet. N\u00e5 er han medlem av justiskomiteen p\u00e5 Stortinget.<\/p>\n<p>Videoen over viser hvordan flere innsatte er samlet p\u00e5 ei fengselscelle i Oslo fengsel og at det hele filmes. Vedkommende som har lagt ut filmene p\u00e5 sosiale medier, byttet fengsel kort tid etter. Det fikk derfor ingen konsekvenser.<\/p>\n<p>Det vil Qureshi gj\u00f8re noe med.\u00a0<\/p>\n<p>Dagbladet m\u00f8ter ham i Oslo fengsel sammen med fengselsbetjent og vaktleder Karoline &#8211; som ogs\u00e5 er styremedlem i Oslo Fengselfunksjon\u00e6rers Forening (OFF). Hun \u00f8nsker ikke etternavnet sitt p\u00e5 trykk.<\/p>\n<p>        <img loading=\"lazy\" decoding=\"async\" src=\"https:\/\/www.europesays.com\/no\/wp-content\/uploads\/2026\/04\/84523965.webp.webp\" width=\"686\" height=\"460\" title=\"PEKER P\u00c5 PROBLEMET: Fengselsbetjent Karoline (t.v.) og tidligere kollega Farukh Qureshi - som n\u00e5 sitter p\u00e5 Stortinget for Arbeiderpartiet - forteller om mobil-problemene. Foto: J\u00f8rn H. Moen \/ Dagbladet\" alt=\"\" class=\"\" style=\"--aspect-ratio-image: 1.49; \"\/><\/p>\n<p>\n        PEKER P\u00c5 PROBLEMET: Fengselsbetjent Karoline (t.v.) og tidligere kollega Farukh Qureshi &#8211; som n\u00e5 sitter p\u00e5 Stortinget for Arbeiderpartiet &#8211; forteller om mobil-problemene. Foto: J\u00f8rn H. Moen \/ Dagbladet\n    <\/p>\n<p>&#8211; Ingenting \u00e5 tape\t<\/p>\n<p>Fengselsbetjenten viser Dagbladet flere telefoner som er beslaglagt. Noen av dem er s\u00e5 sm\u00e5 at de har blitt gjemt i en kaviartube og p\u00e5 innsiden av en kortstokk.<\/p>\n<p>Det er ogs\u00e5 eksempler p\u00e5 at telefoner er gjemt i innmaten i br\u00f8d, i syltet\u00f8ykrukka eller inne i sm\u00f8ret i kj\u00f8leskapet. Det gj\u00f8res fors\u00f8k p\u00e5 \u00e5 kaste dem over murene.\u00a0<\/p>\n<p>        <img loading=\"lazy\" decoding=\"async\" src=\"https:\/\/www.europesays.com\/no\/wp-content\/uploads\/2026\/04\/84523974.webp.webp\" width=\"980\" height=\"481\" title=\"VARIERER: Type telefon og st\u00f8rrelse varierer. En smarttelefon er mye verdt i fengslene, mens en mindre telefon kan v\u00e6re enklere \u00e5 skjule. Foto: J\u00f8rn H. Moen \/ Dagbladet\" alt=\"\" class=\"\" style=\"--aspect-ratio-image: 2.04; \"\/><\/p>\n<p>\n        VARIERER: Type telefon og st\u00f8rrelse varierer. En smarttelefon er mye verdt i fengslene, mens en mindre telefon kan v\u00e6re enklere \u00e5 skjule. Foto: J\u00f8rn H. Moen \/ Dagbladet\n    <\/p>\n<p>I 2024 ble det funnet 272 mobiltelefoner i norske fengsler, if\u00f8lge \u00e5rsrapporten til kriminalomsorgen. Det er en \u00f8kning fra 181 i 2023.<\/p>\n<p> \u00abDet er likevel grunn til \u00e5 anta at problemet med ulovlig<br \/>\nbruk av mobiltelefoner er st\u00f8rre enn det som avdekkes.<br \/>\nKriminalomsorgen har indikasjoner p\u00e5 at det brukes<br \/>\nmobiltelefoner til b\u00e5de \u00e5 planlegge og opprettholde<br \/>\nkriminell virksomhet fra innsiden av fengslene\u00bb, st\u00e5r det.<\/p>\n<p>&#8211; Det er alltid feil folk vi finner med en telefon. Det er ikke de som vil ringe barna sine for \u00e5 si god natt. Det er de som driver business p\u00e5 utsiden &#8211; gjengmedlemmer og gjengtopper. De sitter p\u00e5 avdelingene her og er helt avhengige av \u00e5 f\u00e5 opprettholdt kontakten med nettverket sitt, sier Karoline.\u00a0<\/p>\n<p>Hun peker blant annet p\u00e5 Foxtrot-medlemmer som soner i Norge.\u00a0<\/p>\n<p>&#8211; De har stor nytte av en s\u00e5nn telefon. Det vil vi unng\u00e5. Det er kanskje et av de st\u00f8rste problemene, at vi ikke klarer \u00e5 unng\u00e5 at feil folk f\u00e5r kloa i en telefon, sier Karoline. <\/p>\n<p>Hun legger til:\u00a0<\/p>\n<p> &#8211; De har p\u00e5 en m\u00e5te ingenting \u00e5 tape, men alt \u00e5 vinne. <\/p>\n<p>    <a itemprop=\"url\" href=\"https:\/\/www.dagbladet.no\/meninger\/grenselost-og-hensynslost\/84299283\" rel=\"nofollow noopener\" target=\"_blank\"><\/p>\n<p>        <img loading=\"lazy\" decoding=\"async\" src=\"https:\/\/www.europesays.com\/no\/wp-content\/uploads\/2026\/04\/84300100.webp.webp\" width=\"980\" height=\"441\" title=\"Grensel\u00f8st og hensynsl\u00f8st\" alt=\"\" class=\"lazyload\" style=\"--aspect-ratio-image: 2.22; \"\/><\/p>\n<p>        Grensel\u00f8st og hensynsl\u00f8st<\/p>\n<p>    <\/a><\/p>\n<p>&#8211; Fullstendig uh\u00f8rt\t<\/p>\n<p>Derfor tar Farukh Qureshi n\u00e5 til orde for \u00e5 gj\u00f8re mobilsmuglingen straffbar.<\/p>\n<p>&#8211;\u00a0 Mobiltelefonene brukes for \u00e5 p\u00e5virke vitner og fortsette kriminaliteten. I verste fall s\u00e5 kan mobiltelefonene brukes til \u00e5 rekruttere barn og ungdom inn i kriminalitet. Det sier jo en hel del om farepotensialet. Fram til n\u00e5 s\u00e5 har det v\u00e6rt ganske lav risiko med tanke p\u00e5 at det ikke er straffbart, sier han.<\/p>\n<p>        <img loading=\"lazy\" decoding=\"async\" src=\"https:\/\/www.europesays.com\/no\/wp-content\/uploads\/2026\/04\/84524046.webp.webp\" width=\"686\" height=\"460\" title=\"ALVORLIG: Farukh Qureshi reagerer p\u00e5 at det er tiln\u00e6rmet ingen risiko \u00e5 bli tatt med en ulovlig telefon, all den tid telefonen kan gj\u00f8re stor skade - blant annet ved \u00e5 p\u00e5virke vitner eller drive med kriminalitet. Foto: J\u00f8rn H. Moen \/ Dagbladet\" alt=\"\" class=\"\" style=\"--aspect-ratio-image: 1.49; \"\/><\/p>\n<p>\n        ALVORLIG: Farukh Qureshi reagerer p\u00e5 at det er tiln\u00e6rmet ingen risiko \u00e5 bli tatt med en ulovlig telefon, all den tid telefonen kan gj\u00f8re stor skade &#8211; blant annet ved \u00e5 p\u00e5virke vitner eller drive med kriminalitet. Foto: J\u00f8rn H. Moen \/ Dagbladet\n    <\/p>\n<p>Hvis du som innsatt blir tatt med en ulovlig mobiltelefon blir du utelukket fra fellesskapet og du kan eventuelt bli flyttet til en annen avdeling.\u00a0<\/p>\n<p>&#8211; Etter at du g\u00e5r av den utelukkelsen etter et par dager, s\u00e5 er det ikke noe mer. Det er p\u00e5 en m\u00e5te null risiko. Og s\u00e5 er det null risiko for dem som smugler det inn. Det er kanskje der det b\u00f8r gj\u00f8res noen grep, sier Karoline.\u00a0<\/p>\n<p>Det er i sterk kontrast til om du smugler inn narkotika, som er omfattet av narkotikalovgivningen. Det finnes ikke en slik lov som omfatter mobiltelefonene.\u00a0<\/p>\n<p> Politiet skriver i sin trusselvurdering for 2026 om kriminelle nettverk:\u00a0<\/p>\n<p>\u00abMange av nettverkene utviser betydelig motstandsdyktighet ved at de klarer \u00e5 fortsette narkotikavirksomheten til tross for at sentrale akt\u00f8rer blir fengslet. Dette gj\u00f8res enten ved at andre akt\u00f8rer tar over, eller at akt\u00f8rene fortsetter sin kriminelle virksomhet for eksempel ved hjelp av mobiltelefon i fengselet\u00bb. <\/p>\n<p>&#8211; Det er jo fullstendig uh\u00f8rt. Vi er i en situasjon hvor innsatte kan gj\u00f8re dette med s\u00e5 \u00e5 si ingen risiko.\u00a0Med den situasjonen vi er i n\u00e5, kan vi ikke v\u00e6re naive og er derfor n\u00f8dt til \u00e5 ha et forbud som er bredt nok.<\/p>\n<p>        <img loading=\"lazy\" decoding=\"async\" src=\"https:\/\/www.europesays.com\/no\/wp-content\/uploads\/2026\/04\/84523994.webp.webp\" width=\"980\" height=\"559\" title=\"INNE I KORTSTOKKEN: Oslo fengsel oppdaget en telefon som var gjemt inni kortstokken. Foto: J\u00f8rn H. Moen \/ Dagbladet\" alt=\"\" class=\"\" style=\"--aspect-ratio-image: 1.75; \"\/><\/p>\n<p>\n        INNE I KORTSTOKKEN: Oslo fengsel oppdaget en telefon som var gjemt inni kortstokken. Foto: J\u00f8rn H. Moen \/ Dagbladet\n    <\/p>\n<p>\u00abBig business\u00bb\t<\/p>\n<p>Begge forteller om hvordan mobiltelefonen gir status i fengselet.\u00a0<\/p>\n<p>&#8211; Det er mye makt og verdi &#8211; i tillegg til at de har tilgang p\u00e5 hele verden og forbig\u00e5r kriminalomsorgens kommunikasjonskontroll, sier Qureshi.\u00a0<\/p>\n<p>Karoline forklarer at telefonene ofte g\u00e5r p\u00e5 rundgang i fengslene, og at de har sett at noen f\u00e5 tjener gode penger p\u00e5 \u00e5 l\u00e5ne ut telefon til andre innsatte. Det kan koste flere tusen \u00e5 l\u00e5ne en smarttelefon.<\/p>\n<p>&#8211; Det er faktisk big business, sier hun &#8211; og forteller at hun har h\u00f8rt om tilfeller der noen har v\u00e6rt villig til \u00e5 betale opp mot 100 000 kroner for en telefon.<\/p>\n<p>Det gj\u00f8r det ogs\u00e5 vanskelig \u00e5 oppdage dem.<\/p>\n<p>F\u00f8r kunne ansatte finne et sim-kort som et f\u00f8rste tegn p\u00e5 at det var en ulovlig telefon i oml\u00f8p. N\u00e5 byttes telefonen mellom personer med e-sim. Det legger igjen f\u00e6rre spor.<\/p>\n<p>    <a itemprop=\"url\" href=\"https:\/\/www.dagbladet.no\/nyheter\/har-5-jappare-redo\/84291479\" rel=\"nofollow noopener\" target=\"_blank\"><\/p>\n<p>        <img loading=\"lazy\" decoding=\"async\" src=\"https:\/\/www.europesays.com\/no\/wp-content\/uploads\/2026\/04\/84315378.webp.webp\" width=\"980\" height=\"441\" title=\"\u00abHar 5 jappare redo\u00bb\" alt=\"\" class=\"lazyload\" style=\"--aspect-ratio-image: 2.22; \"\/><\/p>\n<p>        \u00abHar 5 jappare redo\u00bb<\/p>\n<p>    <\/a><\/p>\n<p> &#8211; Du trenger ikke s\u00e5 fryktelig mange telefoner,\u00a0\u00e9n telefon er nok til \u00e5 mette en hel avdeling, sier hun. <\/p>\n<p>Kan fjernslettes\t<\/p>\n<p> En av telefonene Karoline viser frem, ble tatt fra en innsatt mens han var i en Facetime-samtale p\u00e5 cella si. Ofte blir telefonene oppdaget under visitering p\u00e5 fengselscellene.\u00a0<\/p>\n<p> Dagbladet f\u00e5r bes\u00f8ke flere fengselsceller. Flere innsatte viser velvillig fram rommene sine. I flere av dem bugner det av gjenstander.<\/p>\n<p>        <img loading=\"lazy\" decoding=\"async\" src=\"https:\/\/www.europesays.com\/no\/wp-content\/uploads\/2026\/04\/84524025.webp.webp\" width=\"667\" height=\"447\" title=\"MYE \u00c5 GJENNOMG\u00c5: For \u00e5 oppdage telefonene, m\u00e5 gjerne fengselsbetjentene visitere cella. Da kan det v\u00e6re mye \u00e5 gjennomg\u00e5. Foto: J\u00f8rn H. Moen \/ Dagbladet\" alt=\"\" class=\"\" style=\"--aspect-ratio-image: 1.49; \"\/><\/p>\n<p>\n        MYE \u00c5 GJENNOMG\u00c5: For \u00e5 oppdage telefonene, m\u00e5 gjerne fengselsbetjentene visitere cella. Da kan det v\u00e6re mye \u00e5 gjennomg\u00e5. Foto: J\u00f8rn H. Moen \/ Dagbladet\n    <\/p>\n<p>&#8211; Selv om det bare er ti kvadrat, s\u00e5 er de jo ofte stappfulle. Og s\u00e5 skal du p\u00e5 en m\u00e5te v\u00e6re god p\u00e5 \u00e5 s\u00f8ke etter denne, sier Qureshi &#8211; og peker p\u00e5 den lille telefonen.<\/p>\n<p>Han roser de ansattes innsats i jakten p\u00e5 telefonene.\u00a0<\/p>\n<p>Karoline peker p\u00e5 enda en utfordring. Hun forteller om en episode der de fikk tak i en smarttelefon, og s\u00e5 varslene fra blant annet Snapchat dukke opp p\u00e5 skjermen.<\/p>\n<p>&#8211; S\u00e5 gikk det 20 minutter, og s\u00e5 var telefonen helt d\u00f8d.\u00a0I l\u00f8pet av de 20 minuttene har han f\u00e5tt ropt ut av vinduet eller f\u00e5tt noen andre til \u00e5 ringe ut og advare om at den var tatt. S\u00e5 slettet han hele kontoen.<\/p>\n<p>        <img loading=\"lazy\" decoding=\"async\" src=\"https:\/\/www.europesays.com\/no\/wp-content\/uploads\/2026\/04\/84524011.webp.webp\" width=\"686\" height=\"460\" title=\"VANSKELIG \u00c5 OPPDAGE: Telefonene er vanskelige \u00e5 oppdage. De sm\u00e5 telefonene er lette \u00e5 gjemme. Smarttelefonene g\u00e5r ofte p\u00e5 rundgang og kan dermed bytte eier flere ganger. Foto: J\u00f8rn H. Moen \/ Dagbladet\" alt=\"\" class=\"\" style=\"--aspect-ratio-image: 1.49; \"\/><\/p>\n<p>\n        VANSKELIG \u00c5 OPPDAGE: Telefonene er vanskelige \u00e5 oppdage. De sm\u00e5 telefonene er lette \u00e5 gjemme. Smarttelefonene g\u00e5r ofte p\u00e5 rundgang og kan dermed bytte eier flere ganger. Foto: J\u00f8rn H. Moen \/ Dagbladet\n    <\/p>\n<p>&#8211; Vil virke avskrekkende\t<\/p>\n<p>Begge tror at \u00e5 gj\u00f8re det straffbart, kan gj\u00f8re at f\u00e6rre t\u00f8rr \u00e5 ta risikoen med \u00e5 smugle dem inn.\u00a0<\/p>\n<p>&#8211; Jeg tror at signaleffekten her er veldig, veldig viktig og samtidig vil bidra til at f\u00e6rre mobiltelefoner blir tatt inn i norske fengsler. S\u00e5 er det jo ikke et enkeltst\u00e5ende tiltak i seg selv som l\u00f8ser dette, men jeg tror dette er et viktig tiltak, sier Qureshi.<\/p>\n<p data-lab-italic=\"italic\" class=\"italic m-italic\">&#8211; Hva slags konsekvenser er det man ser for seg?<\/p>\n<p>&#8211; Det m\u00e5 departementet komme tilbake med. Sett fra mitt st\u00e5sted er ikke alvorlighetsgraden i dette til \u00e5 misforst\u00e5, og jeg tenker et straffebud m\u00e5 gjenspeile det.<\/p>\n<p>Han understreker:\u00a0<\/p>\n<p>&#8211; Det m\u00e5 oppleves som at risikoen er h\u00f8yere hvis man involverer seg i dette. Forh\u00e5pentligvis vil det virke avskrekkende, sier han.\u00a0<\/p>\n","protected":false},"excerpt":{"rendered":"&#8211; Vi kan ikke akseptere \u00e5 ha s\u00e5nne tilstander i norske fengsler. Punktum. Jeg blir helt satt ut&hellip;\n","protected":false},"author":2,"featured_media":222765,"comment_status":"","ping_status":"","sticky":false,"template":"","format":"standard","meta":{"footnotes":"","_share_on_mastodon":"0"},"categories":[10],"tags":[499,20,21,24,25,15,2539,148,9942,22,23,13,30,28,29,14,17471,16,26,27],"class_list":["post-222764","post","type-post","status-publish","format-standard","has-post-thumbnail","category-norge","tag-arbeiderpartiet","tag-breaking-news","tag-breakingnews","tag-featured-news","tag-featurednews","tag-headlines","tag-innenriks","tag-kriminalitet","tag-kriminalomsorg","tag-latest-news","tag-latestnews","tag-news","tag-no","tag-norge","tag-norway","tag-nyheter","tag-oslo-fengsel","tag-overskrifter","tag-top-stories","tag-topstories"],"share_on_mastodon":{"url":"https:\/\/pubeurope.com\/@no\/116472731011031350","error":""},"_links":{"self":[{"href":"https:\/\/www.europesays.com\/no\/wp-json\/wp\/v2\/posts\/222764","targetHints":{"allow":["GET"]}}],"collection":[{"href":"https:\/\/www.europesays.com\/no\/wp-json\/wp\/v2\/posts"}],"about":[{"href":"https:\/\/www.europesays.com\/no\/wp-json\/wp\/v2\/types\/post"}],"author":[{"embeddable":true,"href":"https:\/\/www.europesays.com\/no\/wp-json\/wp\/v2\/users\/2"}],"replies":[{"embeddable":true,"href":"https:\/\/www.europesays.com\/no\/wp-json\/wp\/v2\/comments?post=222764"}],"version-history":[{"count":0,"href":"https:\/\/www.europesays.com\/no\/wp-json\/wp\/v2\/posts\/222764\/revisions"}],"wp:featuredmedia":[{"embeddable":true,"href":"https:\/\/www.europesays.com\/no\/wp-json\/wp\/v2\/media\/222765"}],"wp:attachment":[{"href":"https:\/\/www.europesays.com\/no\/wp-json\/wp\/v2\/media?parent=222764"}],"wp:term":[{"taxonomy":"category","embeddable":true,"href":"https:\/\/www.europesays.com\/no\/wp-json\/wp\/v2\/categories?post=222764"},{"taxonomy":"post_tag","embeddable":true,"href":"https:\/\/www.europesays.com\/no\/wp-json\/wp\/v2\/tags?post=222764"}],"curies":[{"name":"wp","href":"https:\/\/api.w.org\/{rel}","templated":true}]}}