{"id":222949,"date":"2026-04-27T05:04:33","date_gmt":"2026-04-27T05:04:33","guid":{"rendered":"https:\/\/www.europesays.com\/no\/222949\/"},"modified":"2026-04-27T05:04:33","modified_gmt":"2026-04-27T05:04:33","slug":"tilstar-ranet-pa-postens-brevsenter-i-oslo","status":"publish","type":"post","link":"https:\/\/www.europesays.com\/no\/222949\/","title":{"rendered":"Tilst\u00e5r ranet p\u00e5 Postens brevsenter i Oslo"},"content":{"rendered":"\n<p class=\"_lead_145nj_2 _lead_6fko5_53 layout-component text-serif-m layout-normal text-serif-l layout-component layout-wide layout-padded _wide_17hqh_1 layout-padded\">For 23 \u00e5r siden ble Postens brevsenter inntatt av ranere med automatv\u00e5pen. N\u00e5 tilst\u00e5r Nokas-raner Erling Havn\u00e5 (68) at han var med p\u00e5 det.<\/p>\n<p><img alt=\"Holdt kjeft for mamma: Erling Havn\u00e5 kunne ikke si noe om at han sto bak ranet \u2013 f\u00f8r n\u00e5.  Foto: J\u00f8rgen Braastad \/ VG\" class=\"_image_jw3bv_65 layout-component layout-wide\" data-fullscreen- data-track-element-type=\"Article image fullscreen\" data-track-name=\"ImageFullscreen\" fetchpriority=\"high\" decoding=\"sync\" loading=\"eager\" height=\"5464\" itemprop=\"image\"  src=\"https:\/\/www.europesays.com\/no\/wp-content\/uploads\/2026\/04\/833a8e8d-3c3e-4db4-8a32-4824b6a0ac53.jpeg\"  style=\"object-position:0% 0%\" width=\"8192\"\/>Holdt kjeft for mamma: Erling Havn\u00e5 kunne ikke si noe om at han sto bak ranet \u2013 f\u00f8r n\u00e5.  Foto: J\u00f8rgen Braastad \/ VGArendal og Oslo Oppdatert mandag 27. april kl. 05:34     <\/p>\n<p class=\"_paragraph_145nj_4 _paragraph_6fko5_10 layout-component text-serif-m layout-normal text-serif-m layout-padded\">Innr\u00f8mmelsen kommer i en ny episode av Krimpodden. <\/p>\n<p class=\"_paragraph_145nj_4 _paragraph_6fko5_10 layout-component text-serif-m layout-normal text-serif-m layout-padded\">\u2013 Det er bare tull \u00e5 nekte for det n\u00e5, sier han. <\/p>\n<p class=\"_paragraph_145nj_4 _paragraph_6fko5_10 layout-component text-serif-m layout-normal text-serif-m layout-padded\">Det var en m\u00f8rk oktoberkveld i 2003 at det ble beg\u00e5tt et v\u00e6pnet ran mot Postens Brevsenter i Oslo sentrum. Ranerne tok to gisler og tvang dem til \u00e5 vise veien til fjerde etasje der verdiposten befant seg. De var ikledd kjeledresser, hansker og finlandshetter. De var bev\u00e6pnet med minst to automatv\u00e5pen, et av dem en KalashnikovKalashnikovKalashnikov, ofte kalt AK-47, er et sovjetisk automatgev\u00e6r utviklet av Mikhail Kalashnikov rundt 1947. Det er kjent for sin robuste konstruksjon, h\u00f8ye driftssikkerhet og er et av verdens mest utbredte skytev\u00e5pen.. <\/p>\n<p class=\"_paragraph_145nj_4 _paragraph_6fko5_10 layout-component text-serif-m layout-normal text-serif-m layout-padded\"><a href=\"https:\/\/www.vg.no\/tag\/erling-havnaa?utm_source=vg-article&amp;utm_medium=auto-tagger&amp;utm_campaign=M77E5r\" class=\"_link_145nj_39\" rel=\"nofollow noopener\" target=\"_blank\">Erling Havn\u00e5<\/a> ble d\u00f8mt for ranet tre \u00e5r senere, men han rakk \u00e5 beg\u00e5 nok et grovt ran f\u00f8r han ble p\u00e5grepet. Men <a href=\"https:\/\/www.vg.no\/nyheter\/i\/zWeE4\/havnaa-nekter-straffskyld-for-postens-brevsenter-ranet\" data-track-element-type=\"Link\" data-track-id=\"link:zWeE4\" class=\"_link_145nj_39\" rel=\"nofollow noopener\" target=\"_blank\">han har aldri f\u00f8r snakket<\/a> om at han var med p\u00e5 sjokkranet ved Oslo S.<\/p>\n<p class=\"_paragraph_145nj_4 _paragraph_6fko5_10 layout-component text-serif-m layout-normal text-serif-m layout-padded\">\u2013 Moren min jobbet p\u00e5 Posten. Det var jo veldig leit for henne. Hvis jeg innr\u00f8mmet det, s\u00e5 kunne de tro at jeg hadde f\u00e5tt opplysninger fra henne. S\u00e5 jeg valgte \u00e5 holde kjeft s\u00e5 lenge hun levde, sier han. <br \/>Da ranet av brevsenteret ble tema i lagmannsretten i 2006 sa Havn\u00e5:<\/p>\n<p>\u2013 Det var veldig overraskende at jeg ble tiltalt for det ranet. Jeg har ikke hatt noe med det \u00e5 gj\u00f8re. Moren min har jo jobbet der i alle \u00e5r.<\/p>\n<p class=\"_paragraph_145nj_4 _paragraph_6fko5_10 layout-component text-serif-m layout-normal text-serif-m layout-padded\"><strong class=\"_strong_145nj_25\">I Krimpoddens nye serie \u00abSleggemannen\u00bb kan du h\u00f8re historien om hvordan en vanlig familiefar endte opp som en av landets mest kjente ranere. <\/strong><\/p>\n<p>   Sleggemannen ble f\u00f8dt<\/p>\n<p class=\"_paragraph_145nj_4 _paragraph_6fko5_10 layout-component text-serif-m layout-normal text-serif-m layout-padded\">Erling Havn\u00e5 sin oppgave var \u00e5 bane vei inn i lokalene. Det gjorde han ved \u00e5 bruke en slegge. <\/p>\n<p class=\"_paragraph_145nj_4 _paragraph_6fko5_10 layout-component text-serif-m layout-normal text-serif-m layout-padded\">F\u00f8r ranerne tok seg inn i bygningen, plasserte de en stor dukke i forsetet til bilen som satt utenfor. Dukken hadde p\u00e5 seg kl\u00e6r og finlandshette. Det var for \u00e5 forlede politiet til i tro at de skulle flykte samme sted som de kom inn. <\/p>\n<p><img alt=\"Da ransalarmen gikk i Oslo oktober 2003, ble det igangsatt en massiv politiaksjon. Her fra sentralstasjonen i Oslo.  Foto: Frode Hansen \/ VG\" class=\"_image_jw3bv_65 layout-component layout-normal\" data-fullscreen- data-track-element-type=\"Article image fullscreen\" data-track-name=\"ImageFullscreen\" decoding=\"async\" loading=\"lazy\" height=\"1312\" itemprop=\"image\"  src=\"https:\/\/www.europesays.com\/no\/wp-content\/uploads\/2026\/04\/fc8aea9f-57f9-4025-8b60-e96aafac02bb.jpeg\"  style=\"object-position:0% 0%\" width=\"2000\"\/>Da ransalarmen gikk i Oslo oktober 2003, ble det igangsatt en massiv politiaksjon. Her fra sentralstasjonen i Oslo.  Foto: Frode Hansen \/ VG<\/p>\n<p class=\"_paragraph_145nj_4 _paragraph_6fko5_10 layout-component text-serif-m layout-normal text-serif-m layout-padded\">Ranerne fikk til slutt med seg 401.893 kroner fra Postens Brevsenter. Mye mindre enn de fleste ranerne forventet. Politiet var kommet til stedet mens ranet p\u00e5gikk, og det oppsto en skuddveksling da ranerne forlot bygget.<\/p>\n<p class=\"_paragraph_145nj_4 _paragraph_6fko5_10 layout-component text-serif-m layout-normal text-serif-m layout-padded\">De forlot \u00e5stedet uten sleggen. P\u00e5 denne ble det senere funnet DNA fra Erling Havn\u00e5. Politiet fant ogs\u00e5 DNA-et hans p\u00e5 en svart bag som ble etterlatt i lokalene. <\/p>\n<p><img alt=\"Ranerne avfyrte skudd mot politiet under ranet i Oslo. Her er en glassrute som ble truffet.   Foto: Helge Mikalsen \/ VG\" class=\"_image_jw3bv_65 layout-component layout-normal\" data-fullscreen- data-track-element-type=\"Article image fullscreen\" data-track-name=\"ImageFullscreen\" decoding=\"async\" loading=\"lazy\" height=\"1960\" itemprop=\"image\"  src=\"https:\/\/www.europesays.com\/no\/wp-content\/uploads\/2026\/04\/a40f8244-fac6-4707-9689-a573df1fc0ab.jpeg\"  style=\"object-position:0% 0%\" width=\"3008\"\/>Ranerne avfyrte skudd mot politiet under ranet i Oslo. Her er en glassrute som ble truffet.   Foto: Helge Mikalsen \/ VG<\/p>\n<p class=\"_paragraph_145nj_4 _paragraph_6fko5_10 layout-component text-serif-m layout-normal text-serif-m layout-padded\">F\u00f8r dette ranet, hadde Havn\u00e5 levd et liv som en helt normal familiefar. Han hadde plettfri vandel, og knapt f\u00e5tt en parkeringsbot hele sitt liv. <\/p>\n<p class=\"_paragraph_145nj_4 _paragraph_6fko5_10 layout-component text-serif-m layout-normal text-serif-m layout-padded\">Etterp\u00e5 forteller han at han var utenfor seg selv. Men han var ikke redd for \u00e5 bli tatt.<\/p>\n<p class=\"_paragraph_145nj_4 _paragraph_6fko5_10 layout-component text-serif-m layout-normal text-serif-m layout-padded\">\u2013 Du hadde null frykt for \u00e5 bli tatt? <\/p>\n<p class=\"_paragraph_145nj_4 _paragraph_6fko5_10 layout-component text-serif-m layout-normal text-serif-m layout-padded\">\u2013 Jeg hadde ingen frykt. <\/p>\n<p class=\"_paragraph_145nj_4 _paragraph_6fko5_10 layout-component text-serif-m layout-normal text-serif-m layout-padded\">H\u00f8r Krimpoddens episode om ranet:<\/p>\n<p>   D\u00f8mt til 16 \u00e5rs fengsel<\/p>\n<p class=\"_paragraph_145nj_4 _paragraph_6fko5_10 layout-component text-serif-m layout-normal text-serif-m layout-padded\">Havn\u00e5 blir ikke p\u00e5grepet for ranet i Oslo. <\/p>\n<p class=\"_paragraph_145nj_4 _paragraph_6fko5_10 layout-component text-serif-m layout-normal text-serif-m layout-padded\">Han blir ikke tatt f\u00f8r lenge etterp\u00e5. <\/p>\n<p class=\"_paragraph_145nj_4 _paragraph_6fko5_10 layout-component text-serif-m layout-normal text-serif-m layout-padded\">Han blir p\u00e5grepet etter at han hadde v\u00e6rt med p\u00e5 enda et grovt ran, nemlig Nokas-ranet i Stavanger i april 2004. <\/p>\n<p><img alt=\"Etter \u00e5 ha skutt 113 skudd mot det sikrede vinduet, tok ranerne seg inn i tellesentralen til Nokas i Stavanger.   Foto: Nokas\" class=\"_image_jw3bv_65 layout-component layout-normal\" data-fullscreen- data-track-element-type=\"Article image fullscreen\" data-track-name=\"ImageFullscreen\" decoding=\"async\" loading=\"lazy\" height=\"576\" itemprop=\"image\"  src=\"https:\/\/www.europesays.com\/no\/wp-content\/uploads\/2026\/04\/2619326a-fbe8-4fdf-b373-4d6d1c7975b4.jpeg\"  style=\"object-position:0% 0%\" width=\"768\"\/>Etter \u00e5 ha skutt 113 skudd mot det sikrede vinduet, tok ranerne seg inn i tellesentralen til Nokas i Stavanger.   Foto: Nokas<\/p>\n<p class=\"_paragraph_145nj_4 _paragraph_6fko5_10 layout-component text-serif-m layout-normal text-serif-m layout-padded\">Modusen for Nokas-ranet var n\u00e6rmest identisk: Et stort ranslag med kjeledresser, finlandshetter og hansker. Ogs\u00e5 denne gangen er mennene tungt bev\u00e6pnet, med AG3, MP5-maskinpistoler og Kalasjnikov-automatgev\u00e6r. <\/p>\n<p class=\"_paragraph_145nj_4 _paragraph_6fko5_10 layout-component text-serif-m layout-normal text-serif-m layout-padded\">Under dette ranet gikk mye galt. <\/p>\n<p class=\"_paragraph_145nj_4 _paragraph_6fko5_10 layout-component text-serif-m layout-normal text-serif-m layout-padded\">Det mest brutale var skuddene som f\u00f8rte til at politif\u00f8rstebetjent Arne Sigve Klungland ble drept. <\/p>\n<p><img alt=\"Erling Havn\u00e5 i bl\u00e5tt etter at han ble p\u00e5grepet og fengslet etter Nokas-ranet.   Foto: Roger Neumann \/ VG\" class=\"_image_jw3bv_65 layout-component layout-normal\" data-fullscreen- data-track-element-type=\"Article image fullscreen\" data-track-name=\"ImageFullscreen\" decoding=\"async\" loading=\"lazy\" height=\"2247\" itemprop=\"image\"  src=\"https:\/\/www.europesays.com\/no\/wp-content\/uploads\/2026\/04\/0f366e0d-bb1a-4e36-acb2-a94ed6949f60.jpeg\"  style=\"object-position:0% 0%\" width=\"3474\"\/>Erling Havn\u00e5 i bl\u00e5tt etter at han ble p\u00e5grepet og fengslet etter Nokas-ranet.   Foto: Roger Neumann \/ VG<\/p>\n<p class=\"_paragraph_145nj_4 _paragraph_6fko5_10 layout-component text-serif-m layout-normal text-serif-m layout-padded\">Havn\u00e5 ble p\u00e5grepet tre m\u00e5neder etter Nokas-ranet. Da dommen mot ham og de ti andre involverte senere falt, ble han d\u00f8mt til 16 \u00e5rs fengsel. <\/p>\n<p class=\"_paragraph_145nj_4 _paragraph_6fko5_10 layout-component text-serif-m layout-normal text-serif-m layout-padded\">Han ble d\u00f8mt for b\u00e5de Nokas-ranet og ranet i Oslo. Han innr\u00f8mmet aldri det siste ranet \u2013 f\u00f8r n\u00e5. <\/p>\n<p class=\"_paragraph_145nj_4 _paragraph_6fko5_10 layout-component text-serif-m layout-normal text-serif-m layout-padded\">\u2013 Du ble jo d\u00f8mt for det? <\/p>\n<p class=\"_paragraph_145nj_4 _paragraph_6fko5_10 layout-component text-serif-m layout-normal text-serif-m layout-padded\">\u2013 Jeg har aldri sagt at dette var forferdelig urettferdig. Jeg har aldri sagt det. Jeg har bare tatt den straffen, liksom. <\/p>\n","protected":false},"excerpt":{"rendered":"For 23 \u00e5r siden ble Postens brevsenter inntatt av ranere med automatv\u00e5pen. N\u00e5 tilst\u00e5r Nokas-raner Erling Havn\u00e5 (68)&hellip;\n","protected":false},"author":2,"featured_media":222950,"comment_status":"","ping_status":"","sticky":false,"template":"","format":"standard","meta":{"footnotes":"","_share_on_mastodon":"0"},"categories":[5],"tags":[20,21,6372,24,25,15,19,148,22,23,17,18,13,30,15294,28,29,14,16,3878,26,27],"class_list":["post-222949","post","type-post","status-publish","format-standard","has-post-thumbnail","category-overskrifter","tag-breaking-news","tag-breakingnews","tag-erling-havna","tag-featured-news","tag-featurednews","tag-headlines","tag-hovedoppslag","tag-kriminalitet","tag-latest-news","tag-latestnews","tag-main-news","tag-mainnews","tag-news","tag-no","tag-nokas","tag-norge","tag-norway","tag-nyheter","tag-overskrifter","tag-ran","tag-top-stories","tag-topstories"],"share_on_mastodon":{"url":"https:\/\/pubeurope.com\/@no\/116474928834268884","error":""},"_links":{"self":[{"href":"https:\/\/www.europesays.com\/no\/wp-json\/wp\/v2\/posts\/222949","targetHints":{"allow":["GET"]}}],"collection":[{"href":"https:\/\/www.europesays.com\/no\/wp-json\/wp\/v2\/posts"}],"about":[{"href":"https:\/\/www.europesays.com\/no\/wp-json\/wp\/v2\/types\/post"}],"author":[{"embeddable":true,"href":"https:\/\/www.europesays.com\/no\/wp-json\/wp\/v2\/users\/2"}],"replies":[{"embeddable":true,"href":"https:\/\/www.europesays.com\/no\/wp-json\/wp\/v2\/comments?post=222949"}],"version-history":[{"count":0,"href":"https:\/\/www.europesays.com\/no\/wp-json\/wp\/v2\/posts\/222949\/revisions"}],"wp:featuredmedia":[{"embeddable":true,"href":"https:\/\/www.europesays.com\/no\/wp-json\/wp\/v2\/media\/222950"}],"wp:attachment":[{"href":"https:\/\/www.europesays.com\/no\/wp-json\/wp\/v2\/media?parent=222949"}],"wp:term":[{"taxonomy":"category","embeddable":true,"href":"https:\/\/www.europesays.com\/no\/wp-json\/wp\/v2\/categories?post=222949"},{"taxonomy":"post_tag","embeddable":true,"href":"https:\/\/www.europesays.com\/no\/wp-json\/wp\/v2\/tags?post=222949"}],"curies":[{"name":"wp","href":"https:\/\/api.w.org\/{rel}","templated":true}]}}