{"id":223299,"date":"2026-04-27T14:22:13","date_gmt":"2026-04-27T14:22:13","guid":{"rendered":"https:\/\/www.europesays.com\/no\/223299\/"},"modified":"2026-04-27T14:22:13","modified_gmt":"2026-04-27T14:22:13","slug":"jeg-kjenner-pa-en-skyldfolelse","status":"publish","type":"post","link":"https:\/\/www.europesays.com\/no\/223299\/","title":{"rendered":"\u2013 Jeg kjenner p\u00e5 en skyldf\u00f8lelse"},"content":{"rendered":"\n<p class=\"_lead_145nj_2 _lead_6fko5_53 layout-component text-serif-m layout-normal text-serif-l layout-component layout-wide layout-padded _wide_17hqh_1 layout-padded\">I retten forklarte han om hvordan tiltalte truet med \u00e5 drepe ham.<\/p>\n<p><img alt=\"Gabriel Calderon forklarer hvordan kniven ble rettet mot ham av mannen i 40-\u00e5rene som st\u00e5r tiltalt for drap, drapsfors\u00f8k og vold.  Foto: Espen Sj\u00f8lingstad Hoen \/ VG\" class=\"_image_jw3bv_65 layout-component layout-wide\" data-fullscreen- data-track-element-type=\"Article image fullscreen\" data-track-name=\"ImageFullscreen\" fetchpriority=\"high\" decoding=\"sync\" loading=\"eager\" height=\"4745\" itemprop=\"image\"  src=\"https:\/\/www.europesays.com\/no\/wp-content\/uploads\/2026\/04\/8af9ed0c-004a-4757-838a-f59edfbfcbc1.jpeg\"  style=\"object-position:0% 0%\" width=\"6324\"\/>Gabriel Calderon forklarer hvordan kniven ble rettet mot ham av mannen i 40-\u00e5rene som st\u00e5r tiltalt for drap, drapsfors\u00f8k og vold.  Foto: Espen Sj\u00f8lingstad Hoen \/ VG<\/p>\n<ul aria-hidden=\"true\" class=\"_images_ntbth_112\">\n<li><a class=\"_link_ntbth_117\" href=\"https:\/\/www.vg.no\/forfatter\/hedda-kurseth\" style=\"z-index:1\" title=\"Hedda Kurseth\" rel=\"nofollow noopener\" target=\"_blank\"><img alt=\"Bilde av Hedda Kurseth\" class=\"_image_ntbth_93\" fetchpriority=\"low\" loading=\"lazy\" decoding=\"async\" itemprop=\"image\"  src=\"https:\/\/www.europesays.com\/no\/wp-content\/uploads\/2026\/04\/1777299731_797_b6ad06ce-2f4e-4492-9dd9-7cfbdae81f6d.jpeg\"  width=\"480\"\/><\/a><\/li>\n<\/ul>\n<p>Ringerike og Hallingdal Tingrett Oppdatert mandag 27. april kl. 16:11     <\/p>\n<p class=\"_paragraph_145nj_4 _paragraph_6fko5_10 layout-component text-serif-m layout-normal text-serif-m layout-padded\">En mann i 40-\u00e5rene m\u00f8tte <a href=\"https:\/\/www.vg.no\/nyheter\/i\/3pB5PA\/drepte-ekskona-paa-gaten-i-hoenefoss-erkjenner-straffskyld-for-drap\" data-track-element-type=\"Link\" data-track-id=\"link:3pB5PA\" class=\"_link_145nj_39\" rel=\"nofollow noopener\" target=\"_blank\">mandag i tingretten<\/a> blant annet for drapet av sin ekskone og drapsfors\u00f8k. <\/p>\n<p class=\"_paragraph_145nj_4 _paragraph_6fko5_10 layout-component text-serif-m layout-normal text-serif-m layout-padded\">Gabriel Calderon kom kj\u00f8rende forbi under hendelsen i <a href=\"https:\/\/www.vg.no\/tag\/hoenefoss?utm_source=vg-article&amp;utm_medium=auto-tagger&amp;utm_campaign=n1Lmmo\" class=\"_link_145nj_39\" rel=\"nofollow noopener\" target=\"_blank\">H\u00f8nefoss<\/a> i juni 2025. Mandag inntok han vitneboksen. <\/p>\n<p class=\"_paragraph_145nj_4 _paragraph_6fko5_10 layout-component text-serif-m layout-normal text-serif-m layout-padded\">\u2013 Volden han utf\u00f8rte mot henne var som \u00e5 se p\u00e5 film, forklarte han.<\/p>\n<p class=\"_paragraph_145nj_4 _paragraph_6fko5_10 layout-component text-serif-m layout-normal text-serif-m layout-padded\"><strong class=\"_strong_145nj_25\">Tiltalte nektet straffskyld for drapsfors\u00f8k mot Gabriel Calderon i retten og skal fortsette sin forklaring denne uken. <\/strong><\/p>\n<p><img alt=\"Gabriel Calderon i tingretten i H\u00f8nefoss mandag.   Foto: Hedda Kurseth \/ VG\" class=\"_image_jw3bv_65 layout-component layout-normal\" data-fullscreen- data-track-element-type=\"Article image fullscreen\" data-track-name=\"ImageFullscreen\" decoding=\"async\" loading=\"lazy\" height=\"5464\" itemprop=\"image\"  src=\"https:\/\/www.europesays.com\/no\/wp-content\/uploads\/2026\/04\/d2cc6550-a300-3423-b276-a1efd42c19c7.jpeg\"  style=\"object-position:0% 0%\" width=\"8192\"\/>Gabriel Calderon i tingretten i H\u00f8nefoss mandag.   Foto: Hedda Kurseth \/ VG<\/p>\n<p class=\"_paragraph_145nj_4 _paragraph_6fko5_10 layout-component text-serif-m layout-normal text-serif-m layout-padded\">Da han kom kj\u00f8rende s\u00e5 han mannen st\u00e5 over ekskona som da l\u00e5 p\u00e5 bakken. Da h\u00f8rte han skrikene hennes. <\/p>\n<p class=\"_paragraph_145nj_4 _paragraph_6fko5_10 layout-component text-serif-m layout-normal text-serif-m layout-padded\">Han stoppet bilen og l\u00f8p ut for \u00e5 pr\u00f8ve \u00e5 skille dem. <\/p>\n<p class=\"_paragraph_145nj_4 _paragraph_6fko5_10 layout-component text-serif-m layout-normal text-serif-m layout-padded\">\u2013 Det var instintivt. Jeg tenkte at jeg m\u00e5tte gj\u00f8re noe. <\/p>\n<p class=\"_paragraph_145nj_4 _paragraph_6fko5_10 layout-component text-serif-m layout-normal text-serif-m layout-padded\">S\u00e5 tok han tak i mannen bakfra, og da ser han for f\u00f8rste gang kniven som blir rettet mot han. <\/p>\n<p class=\"_paragraph_145nj_4 _paragraph_6fko5_10 layout-component text-serif-m layout-normal text-serif-m layout-padded\">\u2013 Den f\u00f8rste kniven kom kjempen\u00e6rme halsen min. <\/p>\n<p class=\"_paragraph_145nj_4 _paragraph_6fko5_10 layout-component text-serif-m layout-normal text-serif-m layout-padded\">Men den tidligere bokseren klarte \u00e5 dukke unna. <\/p>\n<p><img alt=\"Gabriel Calderon (40) tilbake p\u00e5 \u00e5stedet.   Foto: Espen Sj\u00f8lingstad Hoen \/ VG\" class=\"_image_jw3bv_65 layout-component layout-normal\" data-fullscreen- data-track-element-type=\"Article image fullscreen\" data-track-name=\"ImageFullscreen\" decoding=\"async\" loading=\"lazy\" height=\"5309\" itemprop=\"image\"  src=\"https:\/\/www.europesays.com\/no\/wp-content\/uploads\/2026\/04\/11b0fc66-b892-402e-91fd-43061db37053.jpeg\"  style=\"object-position:0% 0%\" width=\"7075\"\/>Gabriel Calderon (40) tilbake p\u00e5 \u00e5stedet.   Foto: Espen Sj\u00f8lingstad Hoen \/ VG<\/p>\n<p class=\"_paragraph_145nj_4 _paragraph_6fko5_10 layout-component text-serif-m layout-normal text-serif-m layout-padded\">\u2013 Han var veldig bestemt og ville ikke at noen skulle komme mellom dem. <\/p>\n<p class=\"_paragraph_145nj_4 _paragraph_6fko5_10 layout-component text-serif-m layout-normal text-serif-m layout-padded\">S\u00e5 fulgte det flere dramatiske minutter f\u00f8r politiet ankom stedet. <\/p>\n<p class=\"_paragraph_145nj_4 _paragraph_6fko5_10 layout-component text-serif-m layout-normal text-serif-m layout-padded\"><strong class=\"_strong_145nj_25\">\u2013 Jeg tenkte: dette m\u00e5 bare stoppe, forklarer Calderon. <\/strong><\/p>\n<p class=\"_paragraph_145nj_4 _paragraph_6fko5_10 layout-component text-serif-m layout-normal text-serif-m layout-padded\">\u2013 Hver gang han ikke lyktes med \u00e5 stikke meg, stakk han kniven i kvinnen istedenfor. <\/p>\n<p class=\"_paragraph_145nj_4 _paragraph_6fko5_10 layout-component text-serif-m layout-normal text-serif-m layout-padded\">\u2013 Ble det sagt noe? <\/p>\n<p class=\"_paragraph_145nj_4 _paragraph_6fko5_10 layout-component text-serif-m layout-normal text-serif-m layout-padded\">\u2013 Han sa at det var hans kone og at han kunne gj\u00f8re hva han ville med henne. Og s\u00e5 sa han at han skulle drepe meg.<\/p>\n<p>Har skyldf\u00f8lelse<\/p>\n<p class=\"_paragraph_145nj_4 _paragraph_6fko5_10 layout-component text-serif-m layout-normal text-serif-m layout-padded\">Calderon sier at han ikke tenkte s\u00e5 mye p\u00e5 seg selv, men bare at han m\u00e5tte hjelpe kvinnen p\u00e5 bakken. <\/p>\n<p class=\"_paragraph_145nj_4 _paragraph_6fko5_10 layout-component text-serif-m layout-normal text-serif-m layout-padded\">\u2013  S\u00e5 kom en annen tanke til meg: Jeg har faktisk barn og det m\u00e5 jeg ikke glemme. <\/p>\n<p class=\"_paragraph_145nj_4 _paragraph_6fko5_10 layout-component text-serif-m layout-normal text-serif-m layout-padded\">Derfor tok han opp en sykkel og pr\u00f8vde \u00e5 vifte den mot mannen for \u00e5 holde ham unna kvinnen. <\/p>\n<p><img alt=\"Gabriel fikk bare noen sm\u00e5 kutt fra kniven til angriperen. Det skyldtes at han beskyttet seg med skinnjakken sin.  Foto: Espen Sj\u00f8lingstad Hoen \/ VG\" class=\"_image_jw3bv_65 layout-component layout-normal\" data-fullscreen- data-track-element-type=\"Article image fullscreen\" data-track-name=\"ImageFullscreen\" decoding=\"async\" loading=\"lazy\" height=\"4995\" itemprop=\"image\"  src=\"https:\/\/www.europesays.com\/no\/wp-content\/uploads\/2026\/04\/afb310b6-386f-45bb-9e02-6558c21cda88.jpeg\"  style=\"object-position:0% 0%\" width=\"6657\"\/>Gabriel fikk bare noen sm\u00e5 kutt fra kniven til angriperen. Det skyldtes at han beskyttet seg med skinnjakken sin.  Foto: Espen Sj\u00f8lingstad Hoen \/ VG<\/p>\n<p class=\"_paragraph_145nj_4 _paragraph_6fko5_10 layout-component text-serif-m layout-normal text-serif-m layout-padded\">Calderon kom uskadet fra hendelsen, bortsett fra noen rifter p\u00e5 h\u00e5nden. <\/p>\n<p class=\"_paragraph_145nj_4 _paragraph_6fko5_10 layout-component text-serif-m layout-normal text-serif-m layout-padded\">\u2013 Hva var det som gjorde at du ikke ble truffet, sp\u00f8r aktor. <\/p>\n<p class=\"_paragraph_145nj_4 _paragraph_6fko5_10 layout-component text-serif-m layout-normal text-serif-m layout-padded\">\u2013 Gud, svarer han. <\/p>\n<p class=\"_paragraph_145nj_4 _paragraph_6fko5_10 layout-component text-serif-m layout-normal text-serif-m layout-padded\">Han forklarer at hendelsen har v\u00e6rt vanskelig \u00e5 h\u00e5ndtere i ettertid. <\/p>\n<p class=\"_paragraph_145nj_4 _paragraph_6fko5_10 layout-component text-serif-m layout-normal text-serif-m layout-padded\">\u2013 Jeg kjenner p\u00e5 en skyldf\u00f8lelse for at jeg ikke klarte \u00e5 redde henne, sier han og legger til: <\/p>\n<p class=\"_paragraph_145nj_4 _paragraph_6fko5_10 layout-component text-serif-m layout-normal text-serif-m layout-padded\"><strong class=\"_strong_145nj_25\">\u2013 Jeg s\u00e5 med mine egne \u00f8ye at hun ble drept og jeg fikk ikke gjort noen ting. <\/strong><\/p>\n<p>\u2013 Sterkt i mot vold<\/p>\n<p class=\"_paragraph_145nj_4 _paragraph_6fko5_10 layout-component text-serif-m layout-normal text-serif-m layout-padded\">Gabriel Calderon er opprinnelig fra Guatemala og har bodd i Norge de siste i syv \u00e5rene.<\/p>\n<p class=\"_paragraph_145nj_4 _paragraph_6fko5_10 layout-component text-serif-m layout-normal text-serif-m layout-padded\">N\u00e5 bor han i H\u00f8nefoss med sin samboer og deres to barn. <\/p>\n<p class=\"_paragraph_145nj_4 _paragraph_6fko5_10 layout-component text-serif-m layout-normal text-serif-m layout-padded\">Hans f\u00f8rste stoppested i Norge var Geilo, hvor han jobbet som BPA \u2013 brukerstyrt personlig assistent. N\u00e5 jobber han i Kirkens Bymisjon med det samme.<\/p>\n<ul class=\"_gallery_1qa3s_23\" tabindex=\"0\">\n<li class=\"_item_1qa3s_37\" data-index=\"0\"><img decoding=\"async\" class=\"_image_foru8_23 _articleGallery_foru8_39\" data-fullscreen- width=\"8640\" height=\"5760\" itemprop=\"image\" loading=\"lazy\"  src=\"https:\/\/www.europesays.com\/no\/wp-content\/uploads\/2026\/04\/e29c7ac6-e630-48d2-90e6-ae3194727ddc.jpeg\"  style=\"object-position:50% 50%;aspect-ratio:var(--gallery-aspect-ratio, 16 \/ 9)\"\/>Foto: Javad Parsa \/ NTB<\/li>\n<li class=\"_item_1qa3s_37\" data-index=\"1\"><img decoding=\"async\" class=\"_image_foru8_23 _articleGallery_foru8_39\" data-fullscreen- width=\"8640\" height=\"5760\" itemprop=\"image\" loading=\"lazy\"  src=\"https:\/\/www.europesays.com\/no\/wp-content\/uploads\/2026\/04\/47a028e1-e1f5-48fd-9ca7-76d4970cf659.jpeg\"  style=\"object-position:50% 50%;aspect-ratio:var(--gallery-aspect-ratio, 16 \/ 9)\"\/>Foto: Javad Parsa \/ NTB<\/li>\n<li class=\"_item_1qa3s_37\" data-index=\"2\"><img decoding=\"async\" class=\"_image_foru8_23 _articleGallery_foru8_39\" data-fullscreen- width=\"1517\" height=\"1011\" itemprop=\"image\" loading=\"lazy\"  src=\"https:\/\/www.europesays.com\/no\/wp-content\/uploads\/2026\/04\/d68c6bdc-857a-49ea-ad94-0572bc523f97.jpeg\"  style=\"object-position:50% 50%;aspect-ratio:var(--gallery-aspect-ratio, 16 \/ 9)\"\/>Foto: Javad Parsa \/ NTB<\/li>\n<\/ul>\n<p class=\"_paragraph_145nj_4 _paragraph_6fko5_10 layout-component text-serif-m layout-normal text-serif-m layout-padded\"> \u2013 Jeg liker den typen arbeid, fordi det gir mening for meg. Med min bakgrunn fra Guatemala, som er veldig voldelig, er jeg sterkt imot vold, <a href=\"https:\/\/www.vg.no\/nyheter\/i\/lwxjg7\/hoenefoss-drapet-gabriel-calderon-stoppet-knivmannen-jeg-tenkte-ikke\" data-track-element-type=\"Link\" data-track-id=\"link:lwxjg7\" class=\"_link_145nj_39\" rel=\"nofollow noopener\" target=\"_blank\">sa han til VG en uke etter hendelsen. <\/a><\/p>\n<p class=\"_paragraph_145nj_4 _paragraph_6fko5_10 layout-component text-serif-m layout-normal text-serif-m layout-padded\">Da fortalte han at han skrek etter hjelp til de som sto i gaten og s\u00e5 det som skjedde.<\/p>\n<p class=\"_paragraph_145nj_4 _paragraph_6fko5_10 layout-component text-serif-m layout-normal text-serif-m layout-padded\">\u2013 Jeg var i sjokk, men hjertet mitt sa: Beskytt henne. Jeg skrek og skrek etter hjelp, sier han. <\/p>\n","protected":false},"excerpt":{"rendered":"I retten forklarte han om hvordan tiltalte truet med \u00e5 drepe ham. Gabriel Calderon forklarer hvordan kniven ble&hellip;\n","protected":false},"author":2,"featured_media":223300,"comment_status":"","ping_status":"","sticky":false,"template":"","format":"standard","meta":{"footnotes":"","_share_on_mastodon":"0"},"categories":[10],"tags":[20,21,377,24,25,15,341,6356,22,23,13,30,28,29,14,16,26,27],"class_list":["post-223299","post","type-post","status-publish","format-standard","has-post-thumbnail","category-norge","tag-breaking-news","tag-breakingnews","tag-drap","tag-featured-news","tag-featurednews","tag-headlines","tag-honefoss","tag-kniver","tag-latest-news","tag-latestnews","tag-news","tag-no","tag-norge","tag-norway","tag-nyheter","tag-overskrifter","tag-top-stories","tag-topstories"],"share_on_mastodon":{"url":"https:\/\/pubeurope.com\/@no\/116477123339689302","error":""},"_links":{"self":[{"href":"https:\/\/www.europesays.com\/no\/wp-json\/wp\/v2\/posts\/223299","targetHints":{"allow":["GET"]}}],"collection":[{"href":"https:\/\/www.europesays.com\/no\/wp-json\/wp\/v2\/posts"}],"about":[{"href":"https:\/\/www.europesays.com\/no\/wp-json\/wp\/v2\/types\/post"}],"author":[{"embeddable":true,"href":"https:\/\/www.europesays.com\/no\/wp-json\/wp\/v2\/users\/2"}],"replies":[{"embeddable":true,"href":"https:\/\/www.europesays.com\/no\/wp-json\/wp\/v2\/comments?post=223299"}],"version-history":[{"count":0,"href":"https:\/\/www.europesays.com\/no\/wp-json\/wp\/v2\/posts\/223299\/revisions"}],"wp:featuredmedia":[{"embeddable":true,"href":"https:\/\/www.europesays.com\/no\/wp-json\/wp\/v2\/media\/223300"}],"wp:attachment":[{"href":"https:\/\/www.europesays.com\/no\/wp-json\/wp\/v2\/media?parent=223299"}],"wp:term":[{"taxonomy":"category","embeddable":true,"href":"https:\/\/www.europesays.com\/no\/wp-json\/wp\/v2\/categories?post=223299"},{"taxonomy":"post_tag","embeddable":true,"href":"https:\/\/www.europesays.com\/no\/wp-json\/wp\/v2\/tags?post=223299"}],"curies":[{"name":"wp","href":"https:\/\/api.w.org\/{rel}","templated":true}]}}