{"id":223364,"date":"2026-04-27T15:30:21","date_gmt":"2026-04-27T15:30:21","guid":{"rendered":"https:\/\/www.europesays.com\/no\/223364\/"},"modified":"2026-04-27T15:30:21","modified_gmt":"2026-04-27T15:30:21","slug":"sveio-nyheter-veien-er-stengt-etter-ulykke-en-person-til-sykehus","status":"publish","type":"post","link":"https:\/\/www.europesays.com\/no\/223364\/","title":{"rendered":"Sveio, Nyheter | Veien er stengt etter ulykke: \u00c9n person til sykehus"},"content":{"rendered":"\n<p><b>SVEIO: <\/b><b>SISTE: <\/b>Klokka 16.16 melder S\u00f8r-Vest politidistrikt at det vil ta tid \u00e5 \u00e5pne veien, og at politiet er p\u00e5 stedet for \u00e5 dirigere trafikken.<\/p>\n<p>Det var like f\u00f8r klokka 13 mandag politiet mottok melding om en trafikkulykke p\u00e5 Fylkesveg 47 Tittelsnesvegen s\u00f8r for Sveio sentrum.<\/p>\n<p><b>\u2013 N\u00f8detatene rykker ut til melding om trafikkuhell mellom flere tyngre kj\u00f8ret\u00f8y, var f\u00f8rste melding fra operasjonsleder Merjem Adjemi i S\u00f8r-Vest politidistrikt.<\/b><\/p>\n<p>De f\u00f8rste meldingene gikk ut p\u00e5 at det skulle v\u00e6re to tankbiler som hadde kollidert, og at det var snakk om en p\u00e5kj\u00f8rsel bakfra.<\/p>\n<p>Etter hvert ble det imidlertid klart at det var snakk om \u00e9n tankbil og \u00e9n lastebil, noe politiets innsatsleder Hans Christian Dahl bekreftet.<\/p>\n<p>Veien er stengt i begge retninger som f\u00f8lge av ulykken.<\/p>\n<p>    Daglig leder: \u2013 Det er t\u00f8ffe greier<\/p>\n<p>Tankbilen som er involvert i ulykken tilh\u00f8rer Knapphus Energi. Dette bekrefter daglig leder Johannes Sjurseike overfor Haugesunds Avis.<\/p>\n<p><b>\u2013 Ja, det stemmer at v\u00e5r tankbil krasjet med en lastebil. Det har ikke v\u00e6rt noen lekkasje, og bilberging er p\u00e5 vei, sier han.<\/b><\/p>\n<p>\u2013 Hvordan er det for en daglig leder \u00e5 oppleve at det g\u00e5r galt p\u00e5 veien? <\/p>\n<p><b>\u2013 Det er aldri noe kjekt n\u00e5r det er ulykker p\u00e5 veien. S\u00e5 vidt jeg forst\u00e5r, er det ikke snakk om alvorlige personskader. V\u00e5r sj\u00e5f\u00f8r er ikke fysisk skadet. Det er uansett t\u00f8ffe greier \u00e5 havne i en ulykke, forteller Sjurseike. <\/b><\/p>\n<p>Det skal ha v\u00e6rt to personer involvert &#8211; \u00e9n i hvert kj\u00f8ret\u00f8y. Det er alts\u00e5 f\u00f8reren av lastebilen som er tatt med til sykehus.<\/p>\n<p>Omkj\u00f8ring<\/p>\n<p>Den stengte veien gj\u00f8r at det er innf\u00f8rt omkj\u00f8ring.<\/p>\n<p>Dette skjer prim\u00e6rt p\u00e5 E 39 mellom Hauk\u00e5s og V\u00e5g, men for mindre kj\u00f8ret\u00f8y er det ogs\u00e5 mulig \u00e5 komme seg fra Sveio til Haugesund ved \u00e5 kj\u00f8re Paddevegen vestover i retning M\u00f8lstrev\u00e5g.<\/p>\n<p>   <img decoding=\"async\" width=\"5712\" height=\"4284\" fetchpriority=\"low\"  loading=\"lazy\"  src=\"https:\/\/www.europesays.com\/no\/wp-content\/uploads\/2026\/04\/IMG_0951+%281%29.jpg\" alt=\"\" class=\"brick-c-cFOWSL\" style=\"--brick-image-ratio: 5712 \/ 4284;\"\/><\/p>\n<p>      P\u00c5 STEDET: N\u00f8detatene p\u00e5 ulykkesstedet s\u00f8r for Sveio sentrum mandag.<br \/>\n      Foto: Morten Asbj\u00f8rnsen\n    <\/p>\n<p>Derfra kan du kj\u00f8re Gullvegen videre til du igjen kommer til Fylkesveg 47 ved Ekrene n\u00e6ringspark.<\/p>\n<p>Saken oppdateres.<\/p>\n","protected":false},"excerpt":{"rendered":"SVEIO: SISTE: Klokka 16.16 melder S\u00f8r-Vest politidistrikt at det vil ta tid \u00e5 \u00e5pne veien, og at politiet&hellip;\n","protected":false},"author":2,"featured_media":223365,"comment_status":"","ping_status":"","sticky":false,"template":"","format":"standard","meta":{"footnotes":"","_share_on_mastodon":"0"},"categories":[5],"tags":[36,20,21,24,25,15,19,22,23,17,18,13,30,28,29,14,16,254,1510,2160,26,27],"class_list":["post-223364","post","type-post","status-publish","format-standard","has-post-thumbnail","category-overskrifter","tag-art","tag-breaking-news","tag-breakingnews","tag-featured-news","tag-featurednews","tag-headlines","tag-hovedoppslag","tag-latest-news","tag-latestnews","tag-main-news","tag-mainnews","tag-news","tag-no","tag-norge","tag-norway","tag-nyheter","tag-overskrifter","tag-politi","tag-story","tag-sveio","tag-top-stories","tag-topstories"],"share_on_mastodon":{"url":"https:\/\/pubeurope.com\/@no\/116477390505309502","error":""},"_links":{"self":[{"href":"https:\/\/www.europesays.com\/no\/wp-json\/wp\/v2\/posts\/223364","targetHints":{"allow":["GET"]}}],"collection":[{"href":"https:\/\/www.europesays.com\/no\/wp-json\/wp\/v2\/posts"}],"about":[{"href":"https:\/\/www.europesays.com\/no\/wp-json\/wp\/v2\/types\/post"}],"author":[{"embeddable":true,"href":"https:\/\/www.europesays.com\/no\/wp-json\/wp\/v2\/users\/2"}],"replies":[{"embeddable":true,"href":"https:\/\/www.europesays.com\/no\/wp-json\/wp\/v2\/comments?post=223364"}],"version-history":[{"count":0,"href":"https:\/\/www.europesays.com\/no\/wp-json\/wp\/v2\/posts\/223364\/revisions"}],"wp:featuredmedia":[{"embeddable":true,"href":"https:\/\/www.europesays.com\/no\/wp-json\/wp\/v2\/media\/223365"}],"wp:attachment":[{"href":"https:\/\/www.europesays.com\/no\/wp-json\/wp\/v2\/media?parent=223364"}],"wp:term":[{"taxonomy":"category","embeddable":true,"href":"https:\/\/www.europesays.com\/no\/wp-json\/wp\/v2\/categories?post=223364"},{"taxonomy":"post_tag","embeddable":true,"href":"https:\/\/www.europesays.com\/no\/wp-json\/wp\/v2\/tags?post=223364"}],"curies":[{"name":"wp","href":"https:\/\/api.w.org\/{rel}","templated":true}]}}