{"id":223414,"date":"2026-04-27T16:46:13","date_gmt":"2026-04-27T16:46:13","guid":{"rendered":"https:\/\/www.europesays.com\/no\/223414\/"},"modified":"2026-04-27T16:46:13","modified_gmt":"2026-04-27T16:46:13","slug":"regnskapet-etter-ski-vm-i-trondheim-438-millioner-i-underskudd","status":"publish","type":"post","link":"https:\/\/www.europesays.com\/no\/223414\/","title":{"rendered":"Regnskapet etter ski-VM i Trondheim: 43,8 millioner i underskudd"},"content":{"rendered":"\n<p class=\"_lead_145nj_2 _lead_6fko5_53 layout-component text-serif-m layout-normal text-serif-l layout-component layout-wide layout-padded _wide_17hqh_1 layout-padded\">Underskuddet etter ski-VM i Trondheim i fjor ble enda st\u00f8rre enn man regnet med. Totalt gikk VM-selskapet 43,8 millioner kroner i minus.<\/p>\n<ul class=\"_gallery_1qa3s_23\" tabindex=\"0\">\n<li class=\"_item_1qa3s_37\" data-index=\"0\"><img fetchpriority=\"high\" decoding=\"async\" class=\"_image_foru8_23 _introGallery_foru8_43\" data-fullscreen- width=\"8616\" height=\"5744\" itemprop=\"image\" loading=\"eager\"  src=\"https:\/\/www.europesays.com\/no\/wp-content\/uploads\/2026\/04\/5895a254-d7cf-3ea2-8b4d-523941732838.jpeg\"  style=\"object-position:50% 50%;aspect-ratio:var(--gallery-aspect-ratio, 16 \/ 9)\"\/>Ski-VM i Trondheim ble en \u00f8konomisk fiasko.<br \/>\nFoto: Lise \u00c5serud \/ NTB \/ POOL<\/li>\n<li class=\"_item_1qa3s_37\" data-index=\"1\"><img decoding=\"async\" class=\"_image_foru8_23 _introGallery_foru8_43\" data-fullscreen- width=\"5472\" height=\"3648\" itemprop=\"image\" loading=\"lazy\"  src=\"https:\/\/www.europesays.com\/no\/wp-content\/uploads\/2026\/04\/5f8aa79b-74c1-3055-885d-322d2b6f8106.jpeg\"  style=\"object-position:50% 50%;aspect-ratio:var(--gallery-aspect-ratio, 16 \/ 9)\"\/>VM-toppene \u00c5sne Havnelid og \u00c5ge Skinstad gikk av i fjor sommer etter millionsmellen.<br \/>\nFoto: Jan Langhaug \/ NTB<\/li>\n<\/ul>\n<p>Ski-VM i Trondheim ble en \u00f8konomisk fiasko.<br \/>\nFoto: Lise \u00c5serud \/ NTB \/ POOL<\/p>\n<ul aria-hidden=\"true\" class=\"_images_ntbth_112\">\n<li><a class=\"_link_ntbth_117\" href=\"https:\/\/www.vg.no\/forfatter\/ntb\" style=\"z-index:1\" title=\"NTB\" rel=\"nofollow noopener\" target=\"_blank\"><img alt=\"Bilde av NTB\" class=\"_image_ntbth_93\" fetchpriority=\"low\" loading=\"lazy\" decoding=\"async\" itemprop=\"image\"  src=\"https:\/\/www.europesays.com\/no\/wp-content\/uploads\/2026\/04\/1777308373_610_c33980b0-5d07-4027-84a1-813f90a7c8d6.jpeg\"  width=\"480\"\/><\/a><\/li>\n<\/ul>\n<p> Oppdatert mandag 27. april kl. 18:23     <\/p>\n<p class=\"_paragraph_145nj_4 _paragraph_6fko5_10 layout-component text-serif-m layout-normal text-serif-m layout-padded\"> Det kommer fram i en <a href=\"https:\/\/www.skiforbundet.no\/om\/nyheter\/2026\/4\/arsregnskapet-for-2025-klart\/\" class=\"_link_145nj_39\" rel=\"nofollow noopener\" target=\"_blank\">pressemelding<\/a> fra Norges Skiforbund som inneholder \u00e5rsregnskapet for 2025.<\/p>\n<p class=\"_paragraph_145nj_4 _paragraph_6fko5_10 layout-component text-serif-m layout-normal text-serif-m layout-padded\">\u00c5rsregnskapet for 2025 viser et overskudd p\u00e5 vel 20 millioner kroner, men for hele prosjektperioden fra 2021 til 2025 er underskuddet p\u00e5 over 40 millioner kroner.<\/p>\n<p class=\"_paragraph_145nj_4 _paragraph_6fko5_10 layout-component text-serif-m layout-normal text-serif-m layout-padded\">\u2013 Avslutningen av 2025 har tatt lengre tid enn planlagt, men avviklingsstyret har v\u00e6rt opptatt av at dette skulle gj\u00f8res s\u00e5 ryddig og korrekt som mulig, opplyser styreleder for Ski-VM Trondheim 2025 AS, Sveinung Karlsen.<\/p>\n<p class=\"_paragraph_145nj_4 _paragraph_6fko5_10 layout-component text-serif-m layout-normal text-serif-m layout-padded\">Han gikk inn som leder i VMs avviklingsstyre i oktober. Det skjedde etter at det ordin\u00e6re VM-styret med \u00c5sne Havnelid som leder trakk seg etter en ekstraordin\u00e6r generalforsamling.<\/p>\n<p>Unngikk konkurs<\/p>\n<p class=\"_paragraph_145nj_4 _paragraph_6fko5_10 layout-component text-serif-m layout-normal text-serif-m layout-padded\">VM hadde som m\u00e5l \u00e5 g\u00e5 20 millioner kroner i pluss, og dermed er avviket p\u00e5 over 60 millioner kroner. Helt til lenge etter VM trodde styret at de var p\u00e5 vei mot et betydelig overskudd, men i mai kom de dystre tallene fram.<\/p>\n<p class=\"_paragraph_145nj_4 _paragraph_6fko5_10 layout-component text-serif-m layout-normal text-serif-m layout-padded\">En artikkel i VG avsl\u00f8rte blant annet at billettsalget ga 6 millioner kroner mindre i inntekter enn budsjettert, og i tillegg kom det store regninger fra Det internasjonale ski- og snowboardforbundet (FIS), transportselskapet AtB og sikkerhetsselskapet Ramudden.<\/p>\n<p class=\"_paragraph_145nj_4 _paragraph_6fko5_10 layout-component text-serif-m layout-normal text-serif-m layout-padded\">I l\u00f8pet av sommeren i fjor gikk kreditorene med p\u00e5 en l\u00f8sning som gjorde at VM-selskapet unngikk konkurs. Samtidig spyttet Trondheim kommune inn midler til arrang\u00f8ren.<\/p>\n<p class=\"_paragraph_145nj_4 _paragraph_6fko5_10 layout-component text-serif-m layout-normal text-serif-m layout-padded\">\u00abSKI-VM takker leverand\u00f8rene som aksepterte akkordl\u00f8sningen, og gjorde det slik at selskapet har kunnet avslutte regnskapet p\u00e5 denne m\u00e5ten. Etter hvert kommer selskapet til \u00e5 bli slettet, og dette forventes gjort innen utgangen av f\u00f8rste halv\u00e5r 2026\u00bb, heter det i pressemeldingen fra forbundet.<\/p>\n<p>Granskingsrapport i vente<\/p>\n<p class=\"_paragraph_145nj_4 _paragraph_6fko5_10 layout-component text-serif-m layout-normal text-serif-m layout-padded\"><a href=\"https:\/\/www.adressa.no\/sport\/ski-vm\/i\/7pPBd8\/verre-enn-antatt-saa-stor-ble-vm-smellen\" class=\"_link_145nj_39\" rel=\"nofollow noopener\" target=\"_blank\">Adresseavisen <\/a> skriver at ski-VMs kreditorer i fjor sommer ble varslet om et underskudd p\u00e5 37 millioner kroner. Dette har alts\u00e5 \u00f8kt med n\u00e6rmere sju millioner.<\/p>\n<p class=\"_paragraph_145nj_4 _paragraph_6fko5_10 layout-component text-serif-m layout-normal text-serif-m layout-padded\">Ski-VM er eid av Norges Skiforbund (60 prosent), S\u00f8r-Tr\u00f8ndelag skikrets (30 prosent og Trondheim kommune (10 prosent).<\/p>\n<p class=\"_paragraph_145nj_4 _paragraph_6fko5_10 layout-component text-serif-m layout-normal text-serif-m layout-padded\">I mars meddelte kontrollutvalget i Trondheim kommune, som har gransket den \u00f8konomiske kollapsen, at rapporten etter VM-krisen blir forsinket. Der er det satt en ny frist i juni.<\/p>\n<p class=\"_paragraph_145nj_4 _paragraph_6fko5_10 layout-component text-serif-m layout-normal text-serif-m layout-padded\">\u2013 Det er bra at man har f\u00e5tt p\u00e5 plass et regnskap her, men det har tatt for lang tid \u00e5 f\u00e5 dette p\u00e5 plass. Det har v\u00e6rt tydelig at selskapet ikke har hatt \u00f8konomisk oversikt, og det har nok derfor v\u00e6rt krevende \u00e5 f\u00e5 dette p\u00e5 plass. Jeg ser fram til vi kan f\u00e5 lagt fram rapporten, og forh\u00e5pentligvis f\u00e5 noen klare svar p\u00e5 hvorfor selskapet havnet der det havnet, sier kontrollutvalgets leder, Gjermund Gorset (Ap), til Adressa.<\/p>\n","protected":false},"excerpt":{"rendered":"Underskuddet etter ski-VM i Trondheim i fjor ble enda st\u00f8rre enn man regnet med. Totalt gikk VM-selskapet 43,8&hellip;\n","protected":false},"author":2,"featured_media":223415,"comment_status":"","ping_status":"","sticky":false,"template":"","format":"standard","meta":{"footnotes":"","_share_on_mastodon":"0"},"categories":[5],"tags":[20,21,24,25,15,19,398,22,23,17,18,13,30,28,29,14,16,356,83,26,27],"class_list":["post-223414","post","type-post","status-publish","format-standard","has-post-thumbnail","category-overskrifter","tag-breaking-news","tag-breakingnews","tag-featured-news","tag-featurednews","tag-headlines","tag-hovedoppslag","tag-langrenn","tag-latest-news","tag-latestnews","tag-main-news","tag-mainnews","tag-news","tag-no","tag-norge","tag-norway","tag-nyheter","tag-overskrifter","tag-ski-vm","tag-sport","tag-top-stories","tag-topstories"],"share_on_mastodon":{"url":"https:\/\/pubeurope.com\/@no\/116477689118313277","error":""},"_links":{"self":[{"href":"https:\/\/www.europesays.com\/no\/wp-json\/wp\/v2\/posts\/223414","targetHints":{"allow":["GET"]}}],"collection":[{"href":"https:\/\/www.europesays.com\/no\/wp-json\/wp\/v2\/posts"}],"about":[{"href":"https:\/\/www.europesays.com\/no\/wp-json\/wp\/v2\/types\/post"}],"author":[{"embeddable":true,"href":"https:\/\/www.europesays.com\/no\/wp-json\/wp\/v2\/users\/2"}],"replies":[{"embeddable":true,"href":"https:\/\/www.europesays.com\/no\/wp-json\/wp\/v2\/comments?post=223414"}],"version-history":[{"count":0,"href":"https:\/\/www.europesays.com\/no\/wp-json\/wp\/v2\/posts\/223414\/revisions"}],"wp:featuredmedia":[{"embeddable":true,"href":"https:\/\/www.europesays.com\/no\/wp-json\/wp\/v2\/media\/223415"}],"wp:attachment":[{"href":"https:\/\/www.europesays.com\/no\/wp-json\/wp\/v2\/media?parent=223414"}],"wp:term":[{"taxonomy":"category","embeddable":true,"href":"https:\/\/www.europesays.com\/no\/wp-json\/wp\/v2\/categories?post=223414"},{"taxonomy":"post_tag","embeddable":true,"href":"https:\/\/www.europesays.com\/no\/wp-json\/wp\/v2\/tags?post=223414"}],"curies":[{"name":"wp","href":"https:\/\/api.w.org\/{rel}","templated":true}]}}