{"id":22349,"date":"2025-08-30T14:18:07","date_gmt":"2025-08-30T14:18:07","guid":{"rendered":"https:\/\/www.europesays.com\/no\/22349\/"},"modified":"2025-08-30T14:18:07","modified_gmt":"2025-08-30T14:18:07","slug":"finn-fram-paraplyen-regnet-er-pa-vei-agderposten-no","status":"publish","type":"post","link":"https:\/\/www.europesays.com\/no\/22349\/","title":{"rendered":"Finn fram paraplyen: Regnet er p\u00e5 vei &#8211; agderposten.no"},"content":{"rendered":"<ol>\n<li><a href=\"https:\/\/news.google.com\/rss\/articles\/CBMiiAFBVV95cUxPRWlBMFVlQUVKT3lWYXZSbTljV1U1UUk2WmZseWtwXzV0ejdBdjhEZzMtTm4xT2dTSHZVejZhVXpWSFh5OHRMQmxxeUJqRFFkNUVncmFBQXp3eWpjU3B3amctNWNiSFZULXByU3ZHUkM3am9VTVBZTjZ0ZXB2VlEzS2lobFMta2Nn?oc=5\" target=\"_blank\" rel=\"nofollow noopener\">Finn fram paraplyen: Regnet er p\u00e5 vei<\/a>&nbsp;&nbsp;agderposten.no<\/li>\n<li><a href=\"https:\/\/news.google.com\/rss\/articles\/CBMirwFBVV95cUxQaW5TSDR0dFhYT0ZVa3hHbXFTSVFmZmhKbkJrQXFzU3pGeS1MQmJTaUZ6aGdCRnRxaEFDemU2VGQwbHd3YS1jOExYV0lySm44S2NPMlFxQkdENzZqYi1lUUEwNWZVTTMzdUt4N09DUGRVSTlGRHFfeDN2ZjF2S1k0VFJWWmdKMmxaR21ObzlXdlZkaU00N0J2TktzQlpUNXJHelVYbHdDd1FKUFZPWHhV?oc=5\" target=\"_blank\" rel=\"nofollow noopener\">Rammet av styrtregnet: M\u00e5tte flytte ut i m\u00e5nedsvis<\/a>&nbsp;&nbsp;Budstikka<\/li>\n<li><a href=\"https:\/\/news.google.com\/rss\/articles\/CBMifkFVX3lxTE55am5HZjhWZzRqYmZhZk9iQW5KSHRLYThPU1pMWWFkZmVUMXMyYjRsS0w4SVljT25McWVpZnU4MXlhMDl6UzBTY055bHRsVjJ5VVl3X3VGemE4UjNTMmhoelduVVlkYWZTSlZOaFdsYzdMQS1WZWpzbnJ5MHRLUQ?oc=5\" target=\"_blank\" rel=\"nofollow noopener\">Farevarsel i nesten hele Europa<\/a>&nbsp;&nbsp;Dagbladet<\/li>\n<li><a href=\"https:\/\/news.google.com\/rss\/articles\/CBMiggFBVV95cUxPS0h5WVJEYWR0YUtjMjNvbDVrcU5seWdZT1YtNW9qUE81Q3VmYXNmUUJ5dG9LOGVld1FKRTRPRGtuWmtaYnFIR1p0NFhHX0JrY1d5OC1kdFEtSEYxTXZFc0I1SHB4VFFIbExaVHZvUlU4OTVCaVMtUDlMOXhyZGJSWXlR?oc=5\" target=\"_blank\" rel=\"nofollow noopener\">Nyheter, V\u00e6r | N\u00e5 blir det v\u00e5tt: \u2013 Kan bli noen intense timer<\/a>&nbsp;&nbsp;Romerikes Blad<\/li>\n<li><a href=\"https:\/\/news.google.com\/rss\/articles\/CBMinwFBVV95cUxNQm9iR3dXb3M1clkwZHZpUWNrbW4yRGZ3TXBJck9uYmhZMmViRlVqSjNzY3FJSjNwZllIS0pjamFvdDFYLUxyQ3liRWtEenJOVVNFeTlNSXFnYkR5aTJUOWxtYUxFNjctVEZCRFBaNmlqcUhxNzdJNy1HOTdDLW5ueHc5VnV4RUloLUJvWHdDVllQM3dfNXk4TVpTSHdRaHM?oc=5\" target=\"_blank\" rel=\"nofollow noopener\">Gult farevarsel for styrtregn: \u2013\u2060 Venter lokale konsekvenser<\/a>&nbsp;&nbsp;VG<\/li>\n<\/ol>\n","protected":false},"excerpt":{"rendered":"Finn fram paraplyen: Regnet er p\u00e5 vei&nbsp;&nbsp;agderposten.no Rammet av styrtregnet: M\u00e5tte flytte ut i m\u00e5nedsvis&nbsp;&nbsp;Budstikka Farevarsel i nesten&hellip;\n","protected":false},"author":2,"featured_media":22350,"comment_status":"","ping_status":"","sticky":false,"template":"","format":"standard","meta":{"footnotes":""},"categories":[10],"tags":[20,21,24,25,15,22,23,1202,13,30,28,29,14,16,1810,26,27,553],"class_list":{"0":"post-22349","1":"post","2":"type-post","3":"status-publish","4":"format-standard","5":"has-post-thumbnail","7":"category-norge","8":"tag-breaking-news","9":"tag-breakingnews","10":"tag-featured-news","11":"tag-featurednews","12":"tag-headlines","13":"tag-latest-news","14":"tag-latestnews","15":"tag-meteorologisk-institutt","16":"tag-news","17":"tag-no","18":"tag-norge","19":"tag-norway","20":"tag-nyheter","21":"tag-overskrifter","22":"tag-regn","23":"tag-top-stories","24":"tag-topstories","25":"tag-vaer"},"share_on_mastodon":{"url":"","error":""},"_links":{"self":[{"href":"https:\/\/www.europesays.com\/no\/wp-json\/wp\/v2\/posts\/22349","targetHints":{"allow":["GET"]}}],"collection":[{"href":"https:\/\/www.europesays.com\/no\/wp-json\/wp\/v2\/posts"}],"about":[{"href":"https:\/\/www.europesays.com\/no\/wp-json\/wp\/v2\/types\/post"}],"author":[{"embeddable":true,"href":"https:\/\/www.europesays.com\/no\/wp-json\/wp\/v2\/users\/2"}],"replies":[{"embeddable":true,"href":"https:\/\/www.europesays.com\/no\/wp-json\/wp\/v2\/comments?post=22349"}],"version-history":[{"count":0,"href":"https:\/\/www.europesays.com\/no\/wp-json\/wp\/v2\/posts\/22349\/revisions"}],"wp:featuredmedia":[{"embeddable":true,"href":"https:\/\/www.europesays.com\/no\/wp-json\/wp\/v2\/media\/22350"}],"wp:attachment":[{"href":"https:\/\/www.europesays.com\/no\/wp-json\/wp\/v2\/media?parent=22349"}],"wp:term":[{"taxonomy":"category","embeddable":true,"href":"https:\/\/www.europesays.com\/no\/wp-json\/wp\/v2\/categories?post=22349"},{"taxonomy":"post_tag","embeddable":true,"href":"https:\/\/www.europesays.com\/no\/wp-json\/wp\/v2\/tags?post=22349"}],"curies":[{"name":"wp","href":"https:\/\/api.w.org\/{rel}","templated":true}]}}