{"id":223895,"date":"2026-04-28T06:51:24","date_gmt":"2026-04-28T06:51:24","guid":{"rendered":"https:\/\/www.europesays.com\/no\/223895\/"},"modified":"2026-04-28T06:51:24","modified_gmt":"2026-04-28T06:51:24","slug":"sport-fotball-lite-fornoyd-med-hvordan-kbk-avsluttet-mot-aalesund","status":"publish","type":"post","link":"https:\/\/www.europesays.com\/no\/223895\/","title":{"rendered":"Sport, Fotball | Lite forn\u00f8yd med hvordan KBK avsluttet mot Aalesund"},"content":{"rendered":"\n<p>Wilfred George sendte gjestene i f\u00f8ringen p\u00e5 Color Line stadion etter 62 minutter spill, men derfra og inn handlet det meste om AaFK. Det var p\u00e5 alle mulige m\u00e5ter fortjent da Kristian Lonebu utlignet til 1-1 mot slutten av kampen.<\/p>\n<p>\u2013 KBK var klart best i starten av andre omgang og fram til de scoret, men s\u00e5 slutter de rett og slett \u00e5 spille fotball. Veldig skuffende \u00e5 se hvor feig laget ble etter at de tok ledelsen. De rygget og rygget og ble veldig baktunge. Om det er spillernes eller trenerens ansvar, vet ikke jeg, sier Rune Ed\u00f8y.<\/p>\n<p><b>Podkasten er laget av Trygve Strand Joakimsen, Rune Ed\u00f8y og Arild Myhre.<\/b><\/p>\n<p>  <a href=\"https:\/\/www.tk.no\/5-51-1846275\" class=\"related-teaser has-image article--c-MkAkR\" rel=\"nofollow noopener\" target=\"_blank\"><\/p>\n<p>    <img decoding=\"async\" width=\"155\"  loading=\"lazy\"  src=\"https:\/\/www.europesays.com\/no\/wp-content\/uploads\/2026\/04\/LA+ST%C3%85++%282%29.png\" alt=\"\" class=\"brick-c-cFOWSL\" style=\"\"\/><\/p>\n<p>\n            Les ogs\u00e5<\/p>\n<p>            Straffet for sin egen feighet\n        <\/p>\n<p>  <\/a><br \/>\n  Ros til S\u00e6ther og George<\/p>\n<p>Arild Myhre er enig med Ed\u00f8y. Han mener KBK er et bedre lag enn Aalesund, men det hjelper lite n\u00e5r frykten for \u00e5 tape er st\u00f8rre enn frykten for \u00e5 tape.<\/p>\n<p>\u2013 Jeg snakket med Adrian S\u00e6ther etter kampen. Det var befriende \u00e5 h\u00f8re hvordan han oppsummerer hvorfor det ble som det ble, sier Arild Myhre.<\/p>\n<p>S\u00e6ther sa f\u00f8lgende til Tidens Krav s\u00f8ndag kveld:<\/p>\n<p>\u2013 Vi blir litt for naive. Vi slutter \u00e5 t\u00f8rre \u00e5 pr\u00f8ve, vi taper andreballer igjen. Vi blir s\u00e5 lave og tar imot og tar imot. Vi f\u00e5r liksom ikke st\u00e5tt h\u00f8yt p\u00e5 dem. Da f\u00e5r de et tr\u00f8kk mot m\u00e5let, og det kan ikke v\u00e6re akseptabelt at vi ligger s\u00e5 lavt i mer enn en halvtime.<\/p>\n<p>Nevnte S\u00e6ther er for \u00f8vrig blant dem som f\u00e5r mest ros i ukas podkast.<\/p>\n<p>\u2013 Han har matchavgj\u00f8rende redninger i kamp etter kamp, sier Ed\u00f8y.<\/p>\n<p>  <a href=\"https:\/\/www.tk.no\/5-51-1846282\" class=\"related-teaser has-image article--c-MkAkR\" rel=\"nofollow noopener\" target=\"_blank\"><\/p>\n<p>    <img decoding=\"async\" width=\"155\"  loading=\"lazy\"  src=\"https:\/\/www.europesays.com\/no\/wp-content\/uploads\/2026\/04\/1777359083_325_NTB_YgZwLDCpjY8.jpg\" alt=\"\" class=\"brick-c-cFOWSL\" style=\"\"\/><\/p>\n<p>\n            Les ogs\u00e5<\/p>\n<p>            KBK tok ledelsen, men sloknet: \u2013 Kan ikke v\u00e6re akseptabelt\n        <\/p>\n<p>  <\/a><\/p>\n<p>    Vil du se neste video?<\/p>\n<p>    <a href=\"https:\/\/www.tk.no\/ledige-stillinger-pa-nordmore\/v\/5-51-1845250\" class=\"recommend-poster\" data-adp-clicklabel=\"video-recommend\" data-adp-clickvalue=\"poster\" rel=\"nofollow noopener\" target=\"_blank\"><br \/>\n      <img decoding=\"async\" width=\"200\" height=\"200\" loading=\"lazy\" src=\"https:\/\/www.europesays.com\/no\/wp-content\/uploads\/2026\/04\/v-i-316c0948-2dc1-41ab-b701-0de007ff0cf9-1.jpg\" alt=\"\" class=\"brick-c-cFOWSL\" style=\"--brick-image-ratio: 200 \/ 200;\"\/><\/p>\n<p>Ledige stillinger p\u00e5 Nordm\u00f8re0:42<\/p>\n<p>    <\/a><\/p>\n<p>        Amund Skiri forklarer at det aldri var meningen at de skulle rygge tilbake og kun bli defensivt orientert etter at de tok ledelsen.<br \/>\n        Gode minner fra Barne-TV<\/p>\n<p>Ogs\u00e5 Wilfred George f\u00e5r mye skryt. 21-\u00e5ringen fra Nigeria var en gigant p\u00e5 midtbanen og sammen med S\u00e6ther KBKs beste spiller.<\/p>\n<p>\u2013 Hvis han fortsetter s\u00e5nn blir han solgt snart. Kanskje allerede i sommer, sier Trygve Strand Joakimsen, som ellers nok en gang f\u00e5r Rune Ed\u00f8y til \u00e5 komme med en offentlig beklagelse i beste podkast-sendetid.<\/p>\n<p>\u2013 Jeg sa at det var sjonkel Rolf som var sammen med bamsen Teodor p\u00e5 Barne-TV, men det er jo feil. Det er onkel Lauritz som var sammen med Teodor. Sjonkel Rolf var en duo med Titten Tei. Det har vi snakket om flere ganger, sier Ed\u00f8y.<\/p>\n<p>Og tro ikke at det kun er Titten Tei og Teodor som er de eneste som blir trukket fram n\u00e5r det snakkes om Barne-TV denne uka. Ed\u00f8y og Myhre er innom Pompel og Pilt, Doserne og Romlingane til Joakimsens lettere fortvilelse.<\/p>\n<p>Tidligere episoder av Rundspilt<\/p>\n<p>            Slik kan du lytte til v\u00e5re podkaster <\/p>\n<p>Den enkleste m\u00e5ten \u00e5 lytte til Tidens Kravs podkaster p\u00e5, er \u00e5 gj\u00f8re det gjennom en av de mange podkast-appene.<\/p>\n<p><b>Har du +Alt abonnement s\u00e5 anbefaler vi <a href=\"https:\/\/untold.app\/\" rel=\"Follow nofollow noopener\" target=\"_self\">Untold<\/a>. <\/b>Her finner du b\u00e5de Klokere Klokest og Rundspilt samt en rekke eksklusive podkaster kun for abonnenter.<\/p>\n<p><b>Bruker du allerede en str\u00f8mmetjeneste finner du ogs\u00e5 v\u00e5re podkaster p\u00e5: <\/b><\/p>\n<p>Husk \u00e5 <b>f\u00f8lg <\/b>podkastene der du lytter for \u00e5 enkelt f\u00e5 med deg de nyeste episodene! <\/p>\n<p>F\u00f8lg oss ogs\u00e5 Tidens Krav p\u00e5 <b><a href=\"https:\/\/www.instagram.com\/tidenskrav\/\" rel=\"Follow nofollow noopener\" target=\"_self\">Instagram <\/a><\/b>\u2013 her poster vi morsomme klipp fra podkastene. <\/p>\n<p><a class=\"brick-c-hOTghF\" href=\"#skip-\">Hopp over karusellen.<\/a><\/p>\n<p data-static=\"\" class=\"brick-c-fgNmNC\" id=\"carousel-title-\">Innholdskarusell med 14 artikler.<\/p>\n<ul data-static=\"\" aria-label=\"Navigasjon for innholdskarusell\" class=\"carousel-nav\">\n<li>\n<\/li>\n<li>\n<\/li>\n<\/ul>\n<p><script async src=\"\/\/www.instagram.com\/embed.js\"><\/script><\/p>\n","protected":false},"excerpt":{"rendered":"Wilfred George sendte gjestene i f\u00f8ringen p\u00e5 Color Line stadion etter 62 minutter spill, men derfra og inn&hellip;\n","protected":false},"author":2,"featured_media":223896,"comment_status":"","ping_status":"","sticky":false,"template":"","format":"standard","meta":{"footnotes":"","_share_on_mastodon":"0"},"categories":[59],"tags":[36,134,92,3219,298,30,28,29,1270,2358,83,82,1510],"class_list":["post-223895","post","type-post","status-publish","format-standard","has-post-thumbnail","category-sport","tag-art","tag-eliteserien","tag-fotball","tag-kbk","tag-kristiansund","tag-no","tag-norge","tag-norway","tag-podkast","tag-rundspilt","tag-sport","tag-sports","tag-story"],"share_on_mastodon":{"url":"https:\/\/pubeurope.com\/@no\/116481011649223909","error":""},"_links":{"self":[{"href":"https:\/\/www.europesays.com\/no\/wp-json\/wp\/v2\/posts\/223895","targetHints":{"allow":["GET"]}}],"collection":[{"href":"https:\/\/www.europesays.com\/no\/wp-json\/wp\/v2\/posts"}],"about":[{"href":"https:\/\/www.europesays.com\/no\/wp-json\/wp\/v2\/types\/post"}],"author":[{"embeddable":true,"href":"https:\/\/www.europesays.com\/no\/wp-json\/wp\/v2\/users\/2"}],"replies":[{"embeddable":true,"href":"https:\/\/www.europesays.com\/no\/wp-json\/wp\/v2\/comments?post=223895"}],"version-history":[{"count":0,"href":"https:\/\/www.europesays.com\/no\/wp-json\/wp\/v2\/posts\/223895\/revisions"}],"wp:featuredmedia":[{"embeddable":true,"href":"https:\/\/www.europesays.com\/no\/wp-json\/wp\/v2\/media\/223896"}],"wp:attachment":[{"href":"https:\/\/www.europesays.com\/no\/wp-json\/wp\/v2\/media?parent=223895"}],"wp:term":[{"taxonomy":"category","embeddable":true,"href":"https:\/\/www.europesays.com\/no\/wp-json\/wp\/v2\/categories?post=223895"},{"taxonomy":"post_tag","embeddable":true,"href":"https:\/\/www.europesays.com\/no\/wp-json\/wp\/v2\/tags?post=223895"}],"curies":[{"name":"wp","href":"https:\/\/api.w.org\/{rel}","templated":true}]}}