{"id":223991,"date":"2026-04-28T08:56:45","date_gmt":"2026-04-28T08:56:45","guid":{"rendered":"https:\/\/www.europesays.com\/no\/223991\/"},"modified":"2026-04-28T08:56:45","modified_gmt":"2026-04-28T08:56:45","slug":"forsokte-a-flykte","status":"publish","type":"post","link":"https:\/\/www.europesays.com\/no\/223991\/","title":{"rendered":"&#8211; Fors\u00f8kte \u00e5 flykte"},"content":{"rendered":"<p class=\"kicker \" style=\"\">Rudy Claes:<\/p>\n<p>    \u00c5tte av Rudy Claes&#8217; slektninger ble sendt til Auschwitz i 1942. Ingen kom tilbake.<\/p>\n<p>\n    TUNG FAMILIHISTORIE: \u00abHotel C\u00e6sar\u00bb-stjerna forteller \u00e5penhjertig om familiens Holocaust-tragedie. Foto: Andreas Fadum \/ Se og H\u00f8r\n  <\/p>\n<p> Skuespiller Rudy Claes (59) er for mange best kjent fra rollen som Eva Rosenkrantz i \u00abHotel C\u00e6sar\u00bb, der hun gjennom flere \u00e5r var en del av en av Norges mest popul\u00e6re TV-produksjoner.\u00a0<\/p>\n<p>P\u00e5 skjermen har hun v\u00e6rt med p\u00e5 \u00e5 formidle dramatikk og sterke f\u00f8lelser &#8211; men ogs\u00e5 i eget liv finnes en historie preget av alvor.\u00a0<\/p>\n<p>    <a itemprop=\"url\" href=\"https:\/\/www.dagbladet.no\/kjendis\/hun-er-svaert-involvert\/84545593\" rel=\"nofollow noopener\" target=\"_blank\"><\/p>\n<p>        <img loading=\"lazy\" decoding=\"async\" src=\"https:\/\/www.europesays.com\/no\/wp-content\/uploads\/2026\/04\/1777366603_593_84545667.webp.webp\" width=\"147\" height=\"98\" title=\"- Hun er sv\u00e6rt involvert\" alt=\"\" class=\"lazyload\" style=\"--aspect-ratio-image: 1.50; \"\/><\/p>\n<p>        &#8211; Hun er sv\u00e6rt involvert<\/p>\n<p>    <\/a><\/p>\n<p> I et intervju med <a href=\"https:\/\/www.klikk.no\/reportasje\/rudy-claes-apner-opp-om-den-dramatiske-familiehistorien-7621565\" target=\"_blank\" rel=\"nofollow noopener\">Norsk Ukeblad<\/a> forteller Claes om en familiehistorie preget av krig, tap og ettervirkninger som har satt dype spor gjennom generasjoner.<\/p>\n<p>Hun vokste opp med en j\u00f8disk bakgrunn og\u00a0flere av slektningene hennes mistet livet i Holocaust, blant annet i Auschwitz.<\/p>\n<p> &#8211; Familien min har i mange ti\u00e5r fors\u00f8kt \u00e5 flykte fra det som er vondt, men det g\u00e5r jo ikke. Historien forsvinner ikke, sier hun.<\/p>\n<p>        S\u00c5RT TEMA: Fritz Aanes har en ting som bekymrer ham om dagen. Video: Nora Skavhaug\/Karolina Grace\/R\u00f8d L\u00f8per. <\/p>\n<p>Under andre verdenskrig ble flere av Claes\u2019 slektninger deportert fra Norge. Den 26. november 1942 ble oldeforeldrene hennes, sammen med to av farens onkler, en tante, en kusine og to fettere, sendt med skipet DS Donau.\u00a0<\/p>\n<p>Reisen gikk til det nazi-okkuperte Polen &#8211; til konsentrasjons- og utryddelsesleiren Auschwitz. Ingen av de \u00e5tte overlevde.<\/p>\n<p>        <img loading=\"lazy\" decoding=\"async\" src=\"https:\/\/www.europesays.com\/no\/wp-content\/uploads\/2026\/04\/84547576.webp.webp\" width=\"667\" height=\"427\" title=\"KOLLEGAER: Ruda Claes og Anette Hoff spilte mot hverandre i \u00abHotel C\u00e6sar\u00bb. Foto: Oddvar Walle Jensen \/ Aller Media\" alt=\"\" class=\"\" style=\"--aspect-ratio-image: 1.56; \"\/><\/p>\n<p>\n        KOLLEGAER: Ruda Claes og Anette Hoff spilte mot hverandre i \u00abHotel C\u00e6sar\u00bb. Foto: Oddvar Walle Jensen \/ Aller Media\n    <\/p>\n<p>Selv om faren hennes ble f\u00f8dt etter krigen, slapp han ikke unna holdningene som fortsatt preget samfunnet.<\/p>\n<p>&#8211; Pappa ble plaget og kalt for j\u00f8de. Det var ment som et skjellsord, og det er klart at det setter spor i et barn. Det er menneskelig \u00e5 ikke orke og snakke om det.\u00a0<\/p>\n<p>Selv flere \u00e5r etter krigen levde fordommene videre, og det \u00e5 v\u00e6re j\u00f8de kunne fortsatt v\u00e6re en belastning i hverdagen. Familien bar samtidig p\u00e5 en enda tyngre arv. Claes hadde ogs\u00e5 et familiemedlem som var motstandsmann &#8211; som satt b\u00e5de p\u00e5 Grini og i Sachsenhausen.<\/p>\n<p>&#8211; Han gikk alltid rundt og plystret. Det var nok hans m\u00e5te \u00e5 lure hjernen p\u00e5, for \u00e5 late som alt var bra, men alle i familien var preget av krigen.<\/p>\n<p>        <img loading=\"lazy\" decoding=\"async\" src=\"https:\/\/www.europesays.com\/no\/wp-content\/uploads\/2026\/04\/84547578.webp.webp\" width=\"667\" height=\"474\" title=\"ANDRE VERDENSKRIG: Auschwitz i Polen, hvor \u00e5tte av Claes' slektninger ble sendt. Foto: Klaudia Radecka \/ NurPhoto \/ Shutterstock\" alt=\"\" class=\"\" style=\"--aspect-ratio-image: 1.41; \"\/><\/p>\n<p>\n        ANDRE VERDENSKRIG: Auschwitz i Polen, hvor \u00e5tte av Claes&#8217; slektninger ble sendt. Foto: Klaudia Radecka \/ NurPhoto \/ Shutterstock\n    <\/p>\n<p> I dag opplever Claes at stillheten som preget oppveksten, ikke lenger er et alternativ.\u00a0<\/p>\n<p>Hun har nylig satt opp forestillingen \u00abHold ut\u00bb p\u00e5 Grinimuseet, hvor hun b\u00e5de var produsent og spilte en kvinnelig fange. Stykket gir innblikk i livet i nazistiske fangeleirer.<\/p>\n","protected":false},"excerpt":{"rendered":"Rudy Claes: \u00c5tte av Rudy Claes&#8217; slektninger ble sendt til Auschwitz i 1942. Ingen kom tilbake. TUNG FAMILIHISTORIE:&hellip;\n","protected":false},"author":2,"featured_media":223992,"comment_status":"","ping_status":"","sticky":false,"template":"","format":"standard","meta":{"footnotes":"","_share_on_mastodon":"0"},"categories":[5],"tags":[20,21,24,25,15,14007,7338,19,479,22,23,17,18,13,30,28,29,14,16,21078,26,27],"class_list":["post-223991","post","type-post","status-publish","format-standard","has-post-thumbnail","category-overskrifter","tag-breaking-news","tag-breakingnews","tag-featured-news","tag-featurednews","tag-headlines","tag-holocaust","tag-hotel-caesar","tag-hovedoppslag","tag-kjendis","tag-latest-news","tag-latestnews","tag-main-news","tag-mainnews","tag-news","tag-no","tag-norge","tag-norway","tag-nyheter","tag-overskrifter","tag-rudy-claes","tag-top-stories","tag-topstories"],"share_on_mastodon":{"url":"https:\/\/pubeurope.com\/@no\/116481503212732530","error":""},"_links":{"self":[{"href":"https:\/\/www.europesays.com\/no\/wp-json\/wp\/v2\/posts\/223991","targetHints":{"allow":["GET"]}}],"collection":[{"href":"https:\/\/www.europesays.com\/no\/wp-json\/wp\/v2\/posts"}],"about":[{"href":"https:\/\/www.europesays.com\/no\/wp-json\/wp\/v2\/types\/post"}],"author":[{"embeddable":true,"href":"https:\/\/www.europesays.com\/no\/wp-json\/wp\/v2\/users\/2"}],"replies":[{"embeddable":true,"href":"https:\/\/www.europesays.com\/no\/wp-json\/wp\/v2\/comments?post=223991"}],"version-history":[{"count":0,"href":"https:\/\/www.europesays.com\/no\/wp-json\/wp\/v2\/posts\/223991\/revisions"}],"wp:featuredmedia":[{"embeddable":true,"href":"https:\/\/www.europesays.com\/no\/wp-json\/wp\/v2\/media\/223992"}],"wp:attachment":[{"href":"https:\/\/www.europesays.com\/no\/wp-json\/wp\/v2\/media?parent=223991"}],"wp:term":[{"taxonomy":"category","embeddable":true,"href":"https:\/\/www.europesays.com\/no\/wp-json\/wp\/v2\/categories?post=223991"},{"taxonomy":"post_tag","embeddable":true,"href":"https:\/\/www.europesays.com\/no\/wp-json\/wp\/v2\/tags?post=223991"}],"curies":[{"name":"wp","href":"https:\/\/api.w.org\/{rel}","templated":true}]}}