{"id":224099,"date":"2026-04-28T11:37:12","date_gmt":"2026-04-28T11:37:12","guid":{"rendered":"https:\/\/www.europesays.com\/no\/224099\/"},"modified":"2026-04-28T11:37:12","modified_gmt":"2026-04-28T11:37:12","slug":"det-er-helt-tydelig-at-det-vi-driver-med-na-ikke-fungerer","status":"publish","type":"post","link":"https:\/\/www.europesays.com\/no\/224099\/","title":{"rendered":"\u2013 Det er helt tydelig at det vi driver med n\u00e5, ikke fungerer"},"content":{"rendered":"\n<ul class=\"_list_145nj_3 _list_64s2r_85 _unordered_145nj_106 text-sans-m\">\n<li class=\"_item_145nj_30\">Ingvild Eide Leirfalls video om tidsklemma har f\u00e5tt over 920.000 visninger.<\/li>\n<li class=\"_item_145nj_30\">Tobarnsmoren illustrerer hverdagen med en papirlapp som viser hvor lite tid familier med en \u00e5tte-til-fire-jobb har sammen med barna i l\u00f8pet av dagen.<\/li>\n<li class=\"_item_145nj_30\">Etter hun sluttet i jobben sin, opplever hun n\u00e5 en mer fleksibel hverdag.<\/li>\n<li class=\"_item_145nj_30\">Leirfall mener samfunnet m\u00e5 snakke mer om fellesskap og foresl\u00e5r tiltak som sekstimersdager.<\/li>\n<li class=\"_item_145nj_30\">Arbeids- og inkluderingsminister Kjersti Stenseng avviser forslaget og understreker behovet for flere i arbeid.<\/li>\n<\/ul>\n<p>Vis mer <\/p>\n<p class=\"_paragraph_145nj_4 _paragraph_6fko5_10 layout-component text-serif-m layout-normal text-serif-m layout-padded\">Tobarnsmor Ingvild Eide Leirfall (32) var fanget i en hektisk hverdag med lite tid til familien. <\/p>\n<p class=\"_paragraph_145nj_4 _paragraph_6fko5_10 layout-component text-serif-m layout-normal text-serif-m layout-padded\">\u2013 Da jeg f\u00f8rst kom meg ut av hamsterhjulet, ville jeg l\u00f8fte debatten, forteller Leirfall.<\/p>\n<p class=\"_paragraph_145nj_4 _paragraph_6fko5_10 layout-component text-serif-m layout-normal text-serif-m layout-padded\">For \u00e5 illustrere hvor lite tid hun faktisk hadde til r\u00e5dighet, laget hun en video med en papirlapp som illustrerer timene i d\u00f8gnet. <\/p>\n<p class=\"_paragraph_145nj_4 _paragraph_6fko5_10 layout-component text-serif-m layout-normal text-serif-m layout-padded\">Litt etter litt klippet hun bort timene hun var p\u00e5 jobb, tiden barna var i barnehagen og alt annet som fylte opp hverdagen. Til slutt satt hun igjen med <strong class=\"_strong_145nj_25\">kun tre timer. <\/strong><\/p>\n<p class=\"_paragraph_145nj_4 _paragraph_6fko5_10 layout-component text-serif-m layout-normal text-serif-m layout-padded\">\u2013 Jeg mener det virkelig er p\u00e5 tide \u00e5 snakke om dette og hvordan vi vil ha det, sier hun.<\/p>\n<p class=\"_paragraph_145nj_4 _paragraph_6fko5_10 layout-component text-serif-m layout-normal text-serif-m layout-padded\">Se videoen her. Kjenner du deg igjen?<\/p>\n<p class=\"_paragraph_145nj_4 _paragraph_6fko5_10 layout-component text-serif-m layout-normal text-serif-m layout-padded\">Flere brukere skriver at de kjenner seg igjen. Blant dem er programleder og mamma Triana Iglesias, og leder for generasjonspartiet, Gyda Oddekalv.<\/p>\n<p class=\"_paragraph_145nj_4 _paragraph_6fko5_10 layout-component text-serif-m layout-normal text-serif-m layout-padded\">\u2013 Wow! Fantastisk video! Takk for at du deler dette p\u00e5 en s\u00e5 fin m\u00e5te, skriver Inglesias. <\/p>\n<p class=\"_paragraph_145nj_4 _paragraph_6fko5_10 layout-component text-serif-m layout-normal text-serif-m layout-padded\">\u2013 Utrolig fin video! Dette var en god m\u00e5te \u00e5 f\u00e5 frem poenget p\u00e5, kommenterer Oddekalv.<\/p>\n<p> Sluttet i jobben<\/p>\n<p class=\"_paragraph_145nj_4 _paragraph_6fko5_10 layout-component text-serif-m layout-normal text-serif-m layout-padded\">Med en pendlervei fra Horten til Oslo startet dagene ofte f\u00f8r klokken seks, med hast gjennom morgenrutiner, levering i barnehagen og tog til jobb for Leirfall. <\/p>\n<p><img alt=\"Leirfall forteller at hun gjennom videoen \u00f8nsket \u00e5 vise hvordan en hverdagen flere kan kjenne seg igjen i, kan se ut.  Foto: Krista Marie Photography\" class=\"_image_jw3bv_65 layout-component layout-normal\" data-fullscreen- data-track-element-type=\"Article image fullscreen\" data-track-name=\"ImageFullscreen\" decoding=\"async\" loading=\"lazy\" height=\"1364\" itemprop=\"image\"  src=\"https:\/\/www.europesays.com\/no\/wp-content\/uploads\/2026\/04\/5bb067d1-5168-4970-9277-4c9ca7f96052.jpeg\"  style=\"object-position:0% 0%\" width=\"1024\"\/>Leirfall forteller at hun gjennom videoen \u00f8nsket \u00e5 vise hvordan en hverdagen flere kan kjenne seg igjen i, kan se ut.  Foto: Krista Marie Photography<\/p>\n<p class=\"_paragraph_145nj_4 _paragraph_6fko5_10 layout-component text-serif-m layout-normal text-serif-m layout-padded\">Om ettermiddagen gikk det i ett med henting av barn, middag, litt lek, kveldsstell og legging.<\/p>\n<p class=\"_paragraph_145nj_4 _paragraph_6fko5_10 layout-component text-serif-m layout-normal text-serif-m layout-padded\">\u2013 N\u00e5r jeg ser tilbake p\u00e5 det, var det kanskje \u00e9n time sammen p\u00e5 morgenen og tre timer p\u00e5 ettermiddagen. Og enda mindre de dagene jeg hadde lengre jobbdager i Oslo, sier Leirfall.<\/p>\n<p class=\"_paragraph_145nj_4 _paragraph_6fko5_10 layout-component text-serif-m layout-normal text-serif-m layout-padded\">Til slutt valgte hun \u00e5 slutte i jobben som journalist og starte for seg selv. <\/p>\n<p class=\"_paragraph_145nj_4 _paragraph_6fko5_10 layout-component text-serif-m layout-normal text-serif-m layout-padded\">\u2013 Selv med en forst\u00e5elsesfull og veldig god arbeidsgiver, kjente jeg konstant p\u00e5 at jeg l\u00e5 i minus, overfor jobben, meg selv, mannen min og ikke minst barna, forteller tobarnsmoren.<\/p>\n<p><img alt=\"Leirfall forteller at familien kanskje hadde \u00e9n time sammen om morgenen og tre p\u00e5 ettermiddagen, selv etter at hun hadde g\u00e5tt ned i stillingsprosent og jobbet p\u00e5 toget.  Foto: Privat\" class=\"_image_jw3bv_65 layout-component layout-normal\" data-fullscreen- data-track-element-type=\"Article image fullscreen\" data-track-name=\"ImageFullscreen\" decoding=\"async\" loading=\"lazy\" height=\"1848\" itemprop=\"image\"  src=\"https:\/\/www.europesays.com\/no\/wp-content\/uploads\/2026\/04\/d8445956-487e-404e-9d74-875eda9a7a41.jpeg\"  style=\"object-position:0% 0%\" width=\"1848\"\/>Leirfall forteller at familien kanskje hadde \u00e9n time sammen om morgenen og tre p\u00e5 ettermiddagen, selv etter at hun hadde g\u00e5tt ned i stillingsprosent og jobbet p\u00e5 toget.  Foto: Privat<\/p>\n<p class=\"_paragraph_145nj_4 _paragraph_6fko5_10 layout-component text-serif-m layout-normal text-serif-m layout-padded\">I dag er rytmen en annen.<\/p>\n<p class=\"_paragraph_145nj_4 _paragraph_6fko5_10 layout-component text-serif-m layout-normal text-serif-m layout-padded\">Hun beskriver en ny hverdag med rom til \u00e5 tilpasse dagene etter behov.<\/p>\n<p class=\"_paragraph_145nj_4 _paragraph_6fko5_10 layout-component text-serif-m layout-normal text-serif-m layout-padded\"><strong class=\"_strong_145nj_25\">\u2013 Den st\u00f8rste forandringen er fleksibiliteten og \u00e5 ha tid til en vanskelig morgen, middagsprepp f\u00f8r henting, kortere dager og mer overskudd og t\u00e5lmodighet n\u00e5r vi er sammen, forteller tobarnsmoren.<\/strong><\/p>\n<p> \u2013 Ganske absurd<\/p>\n<p class=\"_paragraph_145nj_4 _paragraph_6fko5_10 layout-component text-serif-m layout-normal text-serif-m layout-padded\">Det er nettopp dette som fikk henne til \u00e5 stille et st\u00f8rre sp\u00f8rsm\u00e5l: \u00abHvordan har vi egentlig organisert samfunnet v\u00e5rt?\u00bb<\/p>\n<p class=\"_paragraph_145nj_4 _paragraph_6fko5_10 layout-component text-serif-m layout-normal text-serif-m layout-padded\">\u2013 Jeg synes det er ganske absurd at vi har havnet her. Vi har hatt en enorm teknologisk utvikling og effektivisering, og vi har doblet arbeidsstyrken ved at kvinner kom inn i l\u00f8nnet arbeid, forteller hun. <\/p>\n<p class=\"_paragraph_145nj_4 _paragraph_6fko5_10 layout-component text-serif-m layout-normal text-serif-m layout-padded\"><strong class=\"_strong_145nj_25\">\u2013 Likevel har vi ikke redusert arbeidstiden, legger Leirfall til. <\/strong><\/p>\n<p>  \u00c5pne for en st\u00f8rre samtale<\/p>\n<p class=\"_paragraph_145nj_4 _paragraph_6fko5_10 layout-component text-serif-m layout-normal text-serif-m layout-padded\">Leirfall mener tematikken har skapt engasjement fordi den er gjenkjennelig for de aller fleste. <\/p>\n<p class=\"_paragraph_145nj_4 _paragraph_6fko5_10 layout-component text-serif-m layout-normal text-serif-m layout-padded\">Hun understreker at m\u00e5let ikke er \u00e5 gi folk d\u00e5rlig samvittighet, men heller \u00e5 rette oppmerksomheten mot strukturene og \u00e5pne for en st\u00f8rre samtale.<\/p>\n<p class=\"_paragraph_145nj_4 _paragraph_6fko5_10 layout-component text-serif-m layout-normal text-serif-m layout-padded\">Den samtalen mener hun haster.<\/p>\n<p> \u2013 Et gammelt problem som ikke er l\u00f8st<\/p>\n<p class=\"_paragraph_145nj_4 _paragraph_6fko5_10 layout-component text-serif-m layout-normal text-serif-m layout-padded\">Helene Aarseth, professor ved Senter for tverrfaglig kj\u00f8nnsforskning ved Universitetet i Oslo, mener tidsklemmatidsklemmaTidsklemma refererer til f\u00f8lelsen av \u00e5 ha for lite tid til \u00e5 h\u00e5ndtere alle daglige forpliktelser, spesielt n\u00e5r det gjelder \u00e5 balansere jobb og familieliv. er et strukturelt problem.<\/p>\n<p class=\"_paragraph_145nj_4 _paragraph_6fko5_10 layout-component text-serif-m layout-normal text-serif-m layout-padded\">\u2013 Samfunnet er lagt opp til at begge skal jobbe fulltid. Det er jo reelt sett veldig lite tid \u00e5 v\u00e6re sammen med barna n\u00e5r begge jobber fullt og skal f\u00e5 hverdagen til \u00e5 g\u00e5 opp, sier Aarseth.<\/p>\n<p><img decoding=\"async\" alt=\"Bilde av  Helene Aarseth\" class=\"_image_148z4_25\" height=\"40\" itemprop=\"image\" loading=\"lazy\"  src=\"https:\/\/www.europesays.com\/no\/wp-content\/uploads\/2026\/04\/b3dfffc7-7bb7-3540-9553-ba9532e29746.jpeg\"  width=\"40\"\/><strong class=\"_name_148z4_34 title-serif-xs\"> Helene Aarseth<\/strong><\/p>\n<p class=\"_paragraph_145nj_4 text-sans-m _description_148z4_39\">Professor ved Senter for tverrfaglig kj\u00f8nnsforskning ved UiO<\/p>\n<p class=\"_paragraph_145nj_4 _paragraph_6fko5_10 layout-component text-serif-m layout-normal text-serif-m layout-padded\">Hun understreker at dette ikke er en ny utfordring.<\/p>\n<p class=\"_paragraph_145nj_4 _paragraph_6fko5_10 layout-component text-serif-m layout-normal text-serif-m layout-padded\">\u2013 \u00c5 g\u00e5 ned i arbeidstid kan v\u00e6re en l\u00f8sning som b\u00e5de hjelper og samtidig opprettholder problemet. Dette er en utfordring flere generasjoner har kjent p\u00e5, og som fortsatt ikke er l\u00f8st.<\/p>\n<p class=\"_paragraph_145nj_4 _paragraph_6fko5_10 layout-component text-serif-m layout-normal text-serif-m layout-padded\">Hun peker samtidig p\u00e5 at dette kan forsterke skjevheter i hjemmet.<\/p>\n<p class=\"_paragraph_145nj_4 _paragraph_6fko5_10 layout-component text-serif-m layout-normal text-serif-m layout-padded\">\u2013 Mange kvinner har valgt \u00e5 l\u00f8se det ved \u00e5 jobbe redusert, det er forst\u00e5elig, men det kan ogs\u00e5 bidra til \u00e5 opprettholde en skjev kj\u00f8nnsdeling. <\/p>\n<p class=\"_paragraph_145nj_4 _paragraph_6fko5_10 layout-component text-serif-m layout-normal text-serif-m layout-padded\"><strong class=\"_strong_145nj_25\">\u2013 Det gj\u00f8r at kvinner fortsatt ofte sitter med hovedansvaret hjemme, det som gjerne kalles det tredje skiftetdet tredje skiftetDet tredje skiftet refererer til det usynlige arbeidet med \u00e5 planlegge og organisere husholdningen, som ofte faller p\u00e5 kvinner i tillegg til deres betalte arbeid og husarbeid, alts\u00e5 planleggingen og oversikten, legger hun til.<\/strong><\/p>\n<p> Mer enn timer<\/p>\n<p class=\"_paragraph_145nj_4 _paragraph_6fko5_10 layout-component text-serif-m layout-normal text-serif-m layout-padded\">For Aarseth handler tidsklemma om mer enn timer i d\u00f8gnet.<\/p>\n<p class=\"_paragraph_145nj_4 _paragraph_6fko5_10 layout-component text-serif-m layout-normal text-serif-m layout-padded\">\u2013 Man kan regne p\u00e5 minutter, men det er ikke hele bildet. En viktig del av belastningen er det emosjonelle ansvaret, den konstante oppmerksomheten og \u00abp\u00e5koblingen\u00bb. <\/p>\n<p class=\"_paragraph_145nj_4 _paragraph_6fko5_10 layout-component text-serif-m layout-normal text-serif-m layout-padded\">\u2013 Mange opplever at de hele tiden burde v\u00e6rt et annet sted eller gjort noe annet. Det er denne f\u00f8lelsen av \u00e5 ikke strekke til og av \u00e5 v\u00e6re mentalt delt, som skaper mye av stresset i hverdagen, sier hun.<\/p>\n<p class=\"_paragraph_145nj_4 _paragraph_6fko5_10 layout-component text-serif-m layout-normal text-serif-m layout-padded\">Aarseth peker ogs\u00e5 p\u00e5 at belastningen i hverdagen ikke er likt fordelt.<\/p>\n<p class=\"_paragraph_145nj_4 _paragraph_6fko5_10 layout-component text-serif-m layout-normal text-serif-m layout-padded\">\u2013 Dette er en helt reell situasjon som mange opplever. Forskning tyder ogs\u00e5 p\u00e5 at kvinner i snitt kjenner mer p\u00e5 dette, blant annet fordi de i st\u00f8rre grad b\u00e6rer det emosjonelle ansvaret, sier hun.<\/p>\n<p class=\"_paragraph_145nj_4 _paragraph_6fko5_10 layout-component text-serif-m layout-normal text-serif-m layout-padded\">If\u00f8lge en <a href=\"https:\/\/www.regjeringen.no\/no\/dokumenter\/nou-2025-5\/id3094205\/\" class=\"_link_145nj_39\" rel=\"nofollow noopener\" target=\"_blank\">rapport<\/a> fra 2025 om kvinners arbeidshelse, utarbeidet av Departementenes sikkerhets- og serviceorganisasjon, opplever \u00e9n av tre kvinner at jobbkrav forstyrrer privatlivet. I 2024 rapporterte <a href=\"https:\/\/www.ssb.no\/arbeid-og-lonn\/arbeidsmiljo-sykefravaer-og-arbeidskonflikter\/statistikk\/arbeidsmiljo-levekarsundersokelsen\/artikler\/nesten-en-av-tre-sysselsatte-opplever-at-jobben-gar-utover-privatlivet?utm_source=sdrn%3Avg%3Aarticle%3A8qpymx\" class=\"_link_145nj_39\" rel=\"nofollow noopener\" target=\"_blank\">SSB<\/a> om de samme tallene.<\/p>\n<p> Sekstimersdagen<\/p>\n<p class=\"_paragraph_145nj_4 _paragraph_6fko5_10 layout-component text-serif-m layout-normal text-serif-m layout-padded\">Leirfall trekker frem sekstimersdagensekstimersdagenSekstimersdagen er et forslag om \u00e5 redusere den vanlige arbeidsdagen fra \u00e5tte til seks timer for \u00e5 gi folk mer fritid og bedre balanse mellom arbeid og privatliv. som et konkret tiltak.<\/p>\n<p class=\"_paragraph_145nj_4 _paragraph_6fko5_10 layout-component text-serif-m layout-normal text-serif-m layout-padded\">\u2013 Jeg mener politikerne b\u00f8r ha sv\u00e6rt gode grunner for \u00e5 ikke innf\u00f8re det. Vi har nok av forskning og eksempler som viser de positive ringvirkningene, b\u00e5de for bedriftene selv og p\u00e5 samfunnsniv\u00e5, forteller hun.<\/p>\n<p class=\"_paragraph_145nj_4 _paragraph_6fko5_10 layout-component text-serif-m layout-normal text-serif-m layout-padded\">Samtidig understreker hun at dette ikke bare handler om arbeidstid.<\/p>\n<p class=\"_paragraph_145nj_4 _paragraph_6fko5_10 layout-component text-serif-m layout-normal text-serif-m layout-padded\">\u2013 Vi trenger mer fleksibilitet, flere muligheter for hjemmekontor, kortere arbeidsuker for sm\u00e5barnsforeldre, lengre permisjon og reelle muligheter for at barn kan v\u00e6re hjemme til de er to\u2013tre \u00e5r. Og ikke minst bedre st\u00f8tteordninger for familier.<\/p>\n<p class=\"_paragraph_145nj_4 _paragraph_6fko5_10 layout-component text-serif-m layout-normal layout-padded\"><strong class=\"_strong_145nj_25\">Les ogs\u00e5:<\/strong> <a href=\"https:\/\/www.vg.no\/i\/RGdvlJ\" data-track-element-type=\"Link\" data-track-id=\"link:RGdvlJ\" class=\"_link_145nj_39\" rel=\"nofollow noopener\" target=\"_blank\">Her jobber de sekstimersdager: \u2013 Vi er mer dedikert<\/a><\/p>\n<p> \u2013 Trenger mer tid sammen<\/p>\n<p class=\"_paragraph_145nj_4 _paragraph_6fko5_10 layout-component text-serif-m layout-normal text-serif-m layout-padded\">Tobarnsmoren mener at samfunnet m\u00e5 t\u00f8rre \u00e5 snakke mer om fellesskapet. <\/p>\n<p class=\"_paragraph_145nj_4 _paragraph_6fko5_10 layout-component text-serif-m layout-normal text-serif-m layout-padded\">\u2013 Vi er ikke skapt for \u00e5 gj\u00f8re dette alene. Mennesker har alltid levd i fellesskap, delt omsorgsoppgaver og v\u00e6rt en del av en st\u00f8rre flokk. I dag isolerer vi foreldre i hver sin lille enhet og forventer at de skal f\u00e5 alt til \u00e5 g\u00e5 opp, sier Leirfall. <\/p>\n<p><img alt=\"Ingvild Eide Leirfall (32) mener at l\u00f8sningen ikke er \u00e5 g\u00e5 tilbake til gamle kj\u00f8nnsroller, men at b\u00e5de barn og foreldre trenger mer tid sammen \u2013 og et sterkere fellesskap rundt seg.  Foto: Privat\" class=\"_image_jw3bv_65 layout-component layout-normal\" data-fullscreen- data-track-element-type=\"Article image fullscreen\" data-track-name=\"ImageFullscreen\" decoding=\"async\" loading=\"lazy\" height=\"1705\" itemprop=\"image\"  src=\"https:\/\/www.europesays.com\/no\/wp-content\/uploads\/2026\/04\/99e3fdcb-2864-36e2-9dfa-331ca8597fa6.jpeg\"  style=\"object-position:0% 0%\" width=\"1705\"\/>Ingvild Eide Leirfall (32) mener at l\u00f8sningen ikke er \u00e5 g\u00e5 tilbake til gamle kj\u00f8nnsroller, men at b\u00e5de barn og foreldre trenger mer tid sammen \u2013 og et sterkere fellesskap rundt seg.  Foto: Privat<\/p>\n<p class=\"_paragraph_145nj_4 _paragraph_6fko5_10 layout-component text-serif-m layout-normal text-serif-m layout-padded\">For henne er det viktig \u00e5 plassere ansvaret riktig.<\/p>\n<p class=\"_paragraph_145nj_4 _paragraph_6fko5_10 layout-component text-serif-m layout-normal text-serif-m layout-padded\">\u2013 Kritikken min er ikke rettet mot enkeltpersoner. De fleste gj\u00f8r s\u00e5 godt de kan innenfor rammene de har.<\/p>\n<p class=\"_paragraph_145nj_4 _paragraph_6fko5_10 layout-component text-serif-m layout-normal text-serif-m layout-padded\"><strong class=\"_strong_145nj_25\">\u2013 Det er selvsagt ting folk kan gj\u00f8re p\u00e5 individniv\u00e5, men til syvende og sist m\u00e5 vi f\u00e5 strukturene p\u00e5 plass om det er valg og en viss samfunnsnorm vi \u00f8nsker at de fleste skal f\u00f8lge, legger hun til. <\/strong><\/p>\n<p> \u2013 Jeg har det bedre<\/p>\n<p class=\"_paragraph_145nj_4 _paragraph_6fko5_10 layout-component text-serif-m layout-normal text-serif-m layout-padded\">Selv har hun kjent p\u00e5 hva en annen hverdag kan gj\u00f8re.<\/p>\n<p class=\"_paragraph_145nj_4 _paragraph_6fko5_10 layout-component text-serif-m layout-normal text-serif-m layout-padded\">\u2013 Den fleksible sekstimersdagen jeg har laget for meg selv n\u00e5, gj\u00f8r at jeg har det bedre p\u00e5 s\u00e5 mange plan. Forholdet er bedre, vi spiser sunnere, er mer ute, jeg har mer t\u00e5lmodighet med barna. <\/p>\n<p><img alt=\"Leirfall tror ikke l\u00f8sningen er \u00e5 trekke seg tilbake til \u00abslik det var f\u00f8r\u00bb, men \u00e5 tenke nytt n\u00e5r det kommer til hverdagen og strukturen i samfunnet.  Foto: Privat\" class=\"_image_jw3bv_65 layout-component layout-normal\" data-fullscreen- data-track-element-type=\"Article image fullscreen\" data-track-name=\"ImageFullscreen\" decoding=\"async\" loading=\"lazy\" height=\"1386\" itemprop=\"image\"  src=\"https:\/\/www.europesays.com\/no\/wp-content\/uploads\/2026\/04\/c0e39a9f-ce32-3c9c-87e7-e8f9623c7415.jpeg\"  style=\"object-position:0% 0%\" width=\"1848\"\/>Leirfall tror ikke l\u00f8sningen er \u00e5 trekke seg tilbake til \u00abslik det var f\u00f8r\u00bb, men \u00e5 tenke nytt n\u00e5r det kommer til hverdagen og strukturen i samfunnet.  Foto: Privat<\/p>\n<p class=\"_paragraph_145nj_4 _paragraph_6fko5_10 layout-component text-serif-m layout-normal text-serif-m layout-padded\">Hun opplever ogs\u00e5 at hun har f\u00e5tt mer kapasitet til \u00e5 stille opp for andre, b\u00e5de for familie og venner, og til \u00e5 bidra i nabolaget og p\u00e5 dugnad.<\/p>\n<p class=\"_paragraph_145nj_4 _paragraph_6fko5_10 layout-component text-serif-m layout-normal text-serif-m layout-padded\">\u2013 Jeg tror virkelig vi m\u00e5 begynne der. Med \u00e5 gi folk mer tid. For det er helt tydelig at det vi driver med n\u00e5, ikke fungerer, forteller hun. <\/p>\n<p> \u2013 Ikke rett vei \u00e5 g\u00e5<\/p>\n<p class=\"_paragraph_145nj_4 _paragraph_6fko5_10 layout-component text-serif-m layout-normal text-serif-m layout-padded\">Arbeids- og inkluderingsminister Kjersti Stenseng avviser forslaget om kortere arbeidsdag. <\/p>\n<p class=\"_paragraph_145nj_4 _paragraph_6fko5_10 layout-component text-serif-m layout-normal text-serif-m layout-padded\">\u2013 Jeg forst\u00e5r at perioden med sm\u00e5 barn er krevende. Den kan by p\u00e5 b\u00e5de hektiske timeplaner og lite s\u00f8vn, sier hun.<\/p>\n<p class=\"_paragraph_145nj_4 _paragraph_6fko5_10 layout-component text-serif-m layout-normal text-serif-m layout-padded\">Ministeren mener Norge ikke har r\u00e5d til \u00e5 kutte i arbeidstiden.<\/p>\n<p class=\"_paragraph_145nj_4 _paragraph_6fko5_10 layout-component text-serif-m layout-normal text-serif-m layout-padded\">\u2013 For \u00e5 bevare velferden er vi avhengige av at folk er i jobb, og vi vet at det fremover blir et enda st\u00f8rre behov for at alle som kan jobbe, jobber. Gjerne enda flere \u00e5r enn i dag, sier Stenseng.<\/p>\n<p><img decoding=\"async\" alt=\"Bilde av Kjersti Stenseng (Ap)\" class=\"_image_148z4_25\" height=\"27\" itemprop=\"image\" loading=\"lazy\"  src=\"https:\/\/www.europesays.com\/no\/wp-content\/uploads\/2026\/04\/02339c8a-ecd0-37e1-8f7f-e48834348ab2.jpeg\"  width=\"40\"\/><strong class=\"_name_148z4_34 title-serif-xs\">Kjersti Stenseng (Ap)<\/strong><\/p>\n<p class=\"_paragraph_145nj_4 text-sans-m _description_148z4_39\">Arbeids- og inkluderingsminister<\/p>\n<p class=\"_paragraph_145nj_4 _paragraph_6fko5_10 layout-component text-serif-m layout-normal text-serif-m layout-padded\">Stenseng peker p\u00e5 at kortere arbeidsdag kan true velferdsstatenvelferdsstatenVelferdsstaten er et system der staten tar ansvar for \u00e5 sikre innbyggernes velferd gjennom tjenester som helsevesen, utdanning og sosiale ytelser..<\/p>\n<p class=\"_paragraph_145nj_4 _paragraph_6fko5_10 layout-component text-serif-m layout-normal text-serif-m layout-padded\">\u2013 Det handler blant annet om \u00e5 opprettholde og utvikle velferdsstaten i \u00e5rene som kommer, slik at fremtidige foreldre ogs\u00e5 f\u00e5r oppleve full dekningsgrad i barnehagefull dekningsgrad i barnehageAt det er nok barnehageplasser tilgjengelig for alle barn som trenger det, slik at foreldre kan jobbe. og gode permisjonsordningerpermisjonsordningerDette refererer til regler og rettigheter for \u00e5 ta fri fra jobb, for eksempel i forbindelse med f\u00f8dsel eller omsorg for barn., sier arbeidsministeren.<\/p>\n<p>Regjeringens regnestykke<\/p>\n<p class=\"_paragraph_145nj_4 _paragraph_6fko5_10 _paragraph_12fix_11 layout-component text-serif-m layout-normal text-sans-m layout-padded\">Departementet viser til <a href=\"https:\/\/www.regjeringen.no\/contentassets\/7400c9d08a5543b8912fbf700f3344fd\/no\/pdfs\/stm202320240031000dddpdfs.pdf\" class=\"_link_145nj_39\" rel=\"nofollow noopener\" target=\"_blank\">Perspektivmeldingen<\/a>, der det er gjort beregninger av kostnadene ved \u00e5 innf\u00f8re sekstimersdag. <\/p>\n<p class=\"_paragraph_145nj_4 _paragraph_6fko5_10 _paragraph_12fix_11 layout-component text-serif-m layout-normal text-sans-m layout-padded\">Perspektivmeldingen er en stortingsmelding fra Finansdepartementet som legges frem omtrent hvert fjerde \u00e5r. Den tar for seg de langsiktige utfordringene for norsk \u00f8konomi og offentlige finanser de neste ti\u00e5rene, og ser blant annet p\u00e5 b\u00e6rekraften i velferdsstaten, utviklingen i arbeidsdeltakelse, en aldrende befolkning, klima og behovet for omstilling.<\/p>\n<p class=\"_paragraph_145nj_4 _paragraph_6fko5_10 _paragraph_12fix_11 layout-component text-serif-m layout-normal text-sans-m layout-padded\">If\u00f8lge disse anslagene vil en sekstimersdag \u2013 som i praksis tilsvarer en firedagers arbeidsuke i totalt timetall \u2013 kunne gi om lag 20 prosent lavere fastlands-BNPBNPBruttonasjonalprodukt (BNP) er et m\u00e5l p\u00e5 den totale verdien av varer og tjenester som produseres i et land i l\u00f8pet av et \u00e5r, justert for innsatsfaktorene som brukes i produksjonen. Det brukes for \u00e5 si noe om den \u00f8konomiske aktiviteten, verdiskapingen og velstanden i et land. Kilde SNL &#8211; bruttonasjonalprodukt (BNP). Fordi oljesektoren spiller en s\u00e5 stor rolle i norsk \u00f8konomi, beregnes det ofte et eget BNP for Fastlands-Norge. Dette m\u00e5let inkluderer all produksjon i landet, bortsett fra olje- og gassutvinning, r\u00f8rtransport og utenriks sj\u00f8fart. Kilde: SSB &#8211; Hva er BNP Fastlands-Norge? i 2060. <\/p>\n<p class=\"_paragraph_145nj_4 _paragraph_6fko5_10 _paragraph_12fix_11 layout-component text-serif-m layout-normal text-sans-m layout-padded\">Samtidig understreker departementet at slike beregninger er usikre. I 2023 ville det utgjort over 750 milliarder kroner. <\/p>\n<p class=\"_paragraph_145nj_4 _paragraph_6fko5_10 _paragraph_12fix_11 layout-component text-serif-m layout-normal text-sans-m layout-padded\">If\u00f8lge departementet vil det trolig v\u00e6re h\u00f8yere i 2060.<\/p>\n<p>Vis mer<\/p>\n<p class=\"_paragraph_145nj_4 _paragraph_6fko5_10 layout-component text-serif-m layout-normal text-serif-m layout-padded\">Hun mener l\u00f8sningen ligger i forhandlinger mellom partene i arbeidslivet, ikke i generelle kutt i arbeidstiden.<\/p>\n<p class=\"_paragraph_145nj_4 _paragraph_6fko5_10 layout-component text-serif-m layout-normal text-serif-m layout-padded\">\u2013 S\u00e5 er det mange ulike m\u00e5ter \u00e5 innordne enkelte l\u00f8sninger i arbeidslivet, som for eksempel arbeidstid. Slike ordninger finnes ogs\u00e5 i dag, og er forhandlet frem mellom partene i arbeidslivetpartene i arbeidslivetDette refererer til arbeidsgivere og arbeidstakere, ofte representert ved fagforeninger og arbeidsgiverorganisasjoner, som forhandler om arbeidsvilk\u00e5r., sier Stenseng.<\/p>\n<p class=\"_paragraph_145nj_4 _paragraph_6fko5_10 layout-component text-serif-m layout-normal text-serif-m layout-padded\">\u2013 Det er stort handlingsrom om hva partene kan bli enige om. Det tror jeg er en god modell ogs\u00e5 fremover, legger hun til. <\/p>\n<p> Frykter tap<\/p>\n<p class=\"_paragraph_145nj_4 _paragraph_6fko5_10 layout-component text-serif-m layout-normal text-serif-m layout-padded\">Ministeren er klar p\u00e5 at generell arbeidstidsreduksjon ikke er veien \u00e5 g\u00e5.<\/p>\n<p class=\"_paragraph_145nj_4 _paragraph_6fko5_10 layout-component text-serif-m layout-normal text-serif-m layout-padded\"><strong class=\"_strong_145nj_25\">\u2013 F\u00e6rre dager eller f\u00e6rre timer for alle bransjer vil imidlertid skape et enda st\u00f8rre behov for noe vi allerede mangler. \u00c5 jobbe mindre fremover er derfor ikke rett vei \u00e5 g\u00e5, sier hun.<\/strong><\/p>\n<p class=\"_paragraph_145nj_4 _paragraph_6fko5_10 layout-component text-serif-m layout-normal text-serif-m layout-padded\">I stedet vil regjeringen satse p\u00e5 \u00e5 gj\u00f8re arbeidslivet bedre.<\/p>\n<p class=\"_paragraph_145nj_4 _paragraph_6fko5_10 layout-component text-serif-m layout-normal text-serif-m layout-padded\">\u2013 Desto viktigere blir det \u00e5 ha et trygt og godt arbeidsliv, som flere av oss orker \u00e5 st\u00e5 igjennom livet. Det er noe som er h\u00f8yt prioritert p\u00e5 min og regjeringens liste av oppgaver, sier Stenseng.<\/p>\n","protected":false},"excerpt":{"rendered":"Ingvild Eide Leirfalls video om tidsklemma har f\u00e5tt over 920.000 visninger. Tobarnsmoren illustrerer hverdagen med en papirlapp som&hellip;\n","protected":false},"author":2,"featured_media":224100,"comment_status":"","ping_status":"","sticky":false,"template":"","format":"standard","meta":{"footnotes":"","_share_on_mastodon":"0"},"categories":[10],"tags":[465,1301,20,21,525,24,25,15,22,23,13,30,28,29,14,16,21083,6699,26,27,17540],"class_list":["post-224099","post","type-post","status-publish","format-standard","has-post-thumbnail","category-norge","tag-arbeidsliv","tag-barn","tag-breaking-news","tag-breakingnews","tag-familie","tag-featured-news","tag-featurednews","tag-headlines","tag-latest-news","tag-latestnews","tag-news","tag-no","tag-norge","tag-norway","tag-nyheter","tag-overskrifter","tag-sekstimersdag","tag-tidsklemma","tag-top-stories","tag-topstories","tag-vgkvinne"],"share_on_mastodon":{"url":"https:\/\/pubeurope.com\/@no\/116482136286892156","error":""},"_links":{"self":[{"href":"https:\/\/www.europesays.com\/no\/wp-json\/wp\/v2\/posts\/224099","targetHints":{"allow":["GET"]}}],"collection":[{"href":"https:\/\/www.europesays.com\/no\/wp-json\/wp\/v2\/posts"}],"about":[{"href":"https:\/\/www.europesays.com\/no\/wp-json\/wp\/v2\/types\/post"}],"author":[{"embeddable":true,"href":"https:\/\/www.europesays.com\/no\/wp-json\/wp\/v2\/users\/2"}],"replies":[{"embeddable":true,"href":"https:\/\/www.europesays.com\/no\/wp-json\/wp\/v2\/comments?post=224099"}],"version-history":[{"count":0,"href":"https:\/\/www.europesays.com\/no\/wp-json\/wp\/v2\/posts\/224099\/revisions"}],"wp:featuredmedia":[{"embeddable":true,"href":"https:\/\/www.europesays.com\/no\/wp-json\/wp\/v2\/media\/224100"}],"wp:attachment":[{"href":"https:\/\/www.europesays.com\/no\/wp-json\/wp\/v2\/media?parent=224099"}],"wp:term":[{"taxonomy":"category","embeddable":true,"href":"https:\/\/www.europesays.com\/no\/wp-json\/wp\/v2\/categories?post=224099"},{"taxonomy":"post_tag","embeddable":true,"href":"https:\/\/www.europesays.com\/no\/wp-json\/wp\/v2\/tags?post=224099"}],"curies":[{"name":"wp","href":"https:\/\/api.w.org\/{rel}","templated":true}]}}