{"id":224233,"date":"2026-04-28T14:09:48","date_gmt":"2026-04-28T14:09:48","guid":{"rendered":"https:\/\/www.europesays.com\/no\/224233\/"},"modified":"2026-04-28T14:09:48","modified_gmt":"2026-04-28T14:09:48","slug":"elkem-industri-elkem-har-to-prosent-av-norges-klimagassutslipp-na-har-de-fatt-87-millioner-kroner-til-klimaprosjekt","status":"publish","type":"post","link":"https:\/\/www.europesays.com\/no\/224233\/","title":{"rendered":"Elkem, Industri | Elkem har to prosent av Norges klimagassutslipp. N\u00e5 har de f\u00e5tt 87 millioner kroner til klimaprosjekt"},"content":{"rendered":"\n<p>Enova har tildelt nesten 87 millioner kroner til Elkem, til det som kan gi betydelige klimagasskutt for Norge.<\/p>\n<p>Det skriver Enova i en pressemelding. Totalbudsjettet for prosjektet er p\u00e5 242 millioner kroner, der Elkem investerer alt selv utenom 87 millioner i Enova-st\u00f8tte.<\/p>\n<p>\u2013 Det er ikke hver dag vi ser klimaprosjekter av denne st\u00f8rrelsen i Norge. Elkems vilje til \u00e5 satse p\u00e5 gr\u00f8nn omstilling er inspirerende. Klimaendringene skjer her og n\u00e5, og vi er helt avhengig av \u00e5 ha med industrien dersom vi skal lykkes i omstillingen til et lavutslippssamfunn, sier klima- og milj\u00f8minister Andreas Bjelland Eriksen i pressemeldingen.<\/p>\n<p>M\u00e5let er at halvparten av kullet som brukes i Elkems silisiumproduksjon fra 2030 kommer fra fornybare trematerialer i stedet for fossile kilder.<\/p>\n<p>Prosjektet er krevende, og vil legge til rette for \u00e5 kutte klimagassutslipp med en halv million tonn CO\u2082 per \u00e5r dersom det lykkes.<\/p>\n<p>Med sine fem smelteverk i Norge, ett av dem i Mo i Rana, lager Elkem silisiumprodukter. Produksjonen st\u00e5r for hele to prosent av Norges samlede klimagassutslipp. Elkem har klart \u00e5 ta i bruk treflis i en fjerdedel av produksjonen sin. Fordi ovnene ikke t\u00e5ler enda mer treflis skjer fortsatt 75 prosent av produksjonen med fossilt kull.<\/p>\n<p>M\u00e5let med det nye prosjektet er \u00e5 \u00f8ke andelen fornybart tremateriale gjennom pellets av biokarbon.<\/p>\n<p>Dersom prosjektet lykkes vil teknologien v\u00e6re attraktiv for smelteverkindustri b\u00e5de i Norge og globalt, og skape arbeidsplasser og verdier ogs\u00e5 utover klimagasskuttene man sikter mot innen 2030.<\/p>\n<p>\u2013 Alle norske og internasjonale smelteverk har de samme utfordringene som Elkem, med omfattende klimagassutslipp p\u00e5 grunn av stor bruk av fossilt kull. Gjennom flere Enova-st\u00f8ttede prosjekter jobbes det n\u00e5 med \u00e5 finne l\u00f8sninger som erstatter det fossile kullet, og lykkes dette vil betydningen bli enorm, sier St\u00e5le Kvernr\u00f8d i Enova.<\/p>\n<p>  <a href=\"https:\/\/www.ranablad.no\/5-42-1554247\" class=\"related-teaser has-image article--c-MkAkR\" rel=\"nofollow noopener\" target=\"_blank\"><\/p>\n<p>    <img decoding=\"async\" width=\"155\"  loading=\"lazy\"  src=\"https:\/\/www.europesays.com\/no\/wp-content\/uploads\/2026\/04\/FrodeJohanBerg-1.jpg\" alt=\"\" class=\"brick-c-cFOWSL\" style=\"\"\/><\/p>\n<p>\n            Les ogs\u00e5<\/p>\n<p>            Elkem f\u00e5r i hovedsak norske eiere etter salg: \u2013 F\u00e5r muligheten til \u00e5 spisse det nye Elkem\n        <\/p>\n<p>  <\/a><\/p>\n<p>  <a href=\"https:\/\/www.ranablad.no\/5-42-1524000\" class=\"related-teaser has-image article--c-MkAkR\" rel=\"nofollow noopener\" target=\"_blank\"><\/p>\n<p>    <img decoding=\"async\" width=\"155\"  loading=\"lazy\"  src=\"https:\/\/www.europesays.com\/no\/wp-content\/uploads\/2026\/04\/DSC_6851_1.jpg\" alt=\"\" class=\"brick-c-cFOWSL\" style=\"\"\/><\/p>\n<p>\n            Les ogs\u00e5<\/p>\n<p>            Midt i en annen krise i bransjen, f\u00e5r de i land en avtale for \u00e5 halvere utslipp: \u2013 Betyr veldig mye\n        <\/p>\n<p>  <\/a><\/p>\n<p>  <a href=\"https:\/\/www.ranablad.no\/5-42-1387092\" class=\"related-teaser has-image article--c-MkAkR\" rel=\"nofollow noopener\" target=\"_blank\"><\/p>\n<p>    <img decoding=\"async\" width=\"155\"  loading=\"lazy\"  src=\"https:\/\/www.europesays.com\/no\/wp-content\/uploads\/2026\/04\/Ferdigbetongen-3.jpg\" alt=\"\" class=\"brick-c-cFOWSL\" style=\"\"\/><\/p>\n<p>\n            Les ogs\u00e5<\/p>\n<p>            Investerte 40 millioner kroner og lager milj\u00f8vennlig betong: \u2013 Vedtaket om \u00e5 investere i dette anlegget ble fattet mens pilene bare pekte oppover for Freyr\n        <\/p>\n<p>  <\/a><\/p>\n<p>  <a href=\"https:\/\/www.ranablad.no\/5-42-812386\" class=\"related-teaser has-image article--c-MkAkR\" rel=\"nofollow noopener\" target=\"_blank\"><\/p>\n<p>    <img decoding=\"async\" width=\"155\"  loading=\"lazy\"  src=\"https:\/\/www.europesays.com\/no\/wp-content\/uploads\/2026\/04\/30NYHfreiberg-20.jpg\" alt=\"\" class=\"brick-c-cFOWSL\" style=\"\"\/><\/p>\n<p>\n            Les ogs\u00e5<\/p>\n<p>            \u00d8nsker \u00e5 f\u00e5 i gang fangst av karbon ved Elkem Rana og de andre norske smelteverkene: \u2013 \u00c5 f\u00e5 en kliman\u00f8ytral produksjon er viktig for oss\n        <\/p>\n<p>  <\/a><\/p>\n","protected":false},"excerpt":{"rendered":"Enova har tildelt nesten 87 millioner kroner til Elkem, til det som kan gi betydelige klimagasskutt for Norge.&hellip;\n","protected":false},"author":2,"featured_media":224234,"comment_status":"","ping_status":"","sticky":false,"template":"","format":"standard","meta":{"footnotes":"","_share_on_mastodon":"0"},"categories":[56],"tags":[36,60,61,11414,9376,21093,537,21094,62,30,28,29,1510],"class_list":["post-224233","post","type-post","status-publish","format-standard","has-post-thumbnail","category-naeringsliv","tag-art","tag-business","tag-economy","tag-elkem","tag-enova","tag-enova-stotte","tag-industri","tag-klimagassutslipp","tag-naeringsliv","tag-no","tag-norge","tag-norway","tag-story"],"share_on_mastodon":{"url":"https:\/\/pubeurope.com\/@no\/116482734345061192","error":""},"_links":{"self":[{"href":"https:\/\/www.europesays.com\/no\/wp-json\/wp\/v2\/posts\/224233","targetHints":{"allow":["GET"]}}],"collection":[{"href":"https:\/\/www.europesays.com\/no\/wp-json\/wp\/v2\/posts"}],"about":[{"href":"https:\/\/www.europesays.com\/no\/wp-json\/wp\/v2\/types\/post"}],"author":[{"embeddable":true,"href":"https:\/\/www.europesays.com\/no\/wp-json\/wp\/v2\/users\/2"}],"replies":[{"embeddable":true,"href":"https:\/\/www.europesays.com\/no\/wp-json\/wp\/v2\/comments?post=224233"}],"version-history":[{"count":0,"href":"https:\/\/www.europesays.com\/no\/wp-json\/wp\/v2\/posts\/224233\/revisions"}],"wp:featuredmedia":[{"embeddable":true,"href":"https:\/\/www.europesays.com\/no\/wp-json\/wp\/v2\/media\/224234"}],"wp:attachment":[{"href":"https:\/\/www.europesays.com\/no\/wp-json\/wp\/v2\/media?parent=224233"}],"wp:term":[{"taxonomy":"category","embeddable":true,"href":"https:\/\/www.europesays.com\/no\/wp-json\/wp\/v2\/categories?post=224233"},{"taxonomy":"post_tag","embeddable":true,"href":"https:\/\/www.europesays.com\/no\/wp-json\/wp\/v2\/tags?post=224233"}],"curies":[{"name":"wp","href":"https:\/\/api.w.org\/{rel}","templated":true}]}}