{"id":22428,"date":"2025-08-30T16:14:23","date_gmt":"2025-08-30T16:14:23","guid":{"rendered":"https:\/\/www.europesays.com\/no\/22428\/"},"modified":"2025-08-30T16:14:23","modified_gmt":"2025-08-30T16:14:23","slug":"skred-i-levanger","status":"publish","type":"post","link":"https:\/\/www.europesays.com\/no\/22428\/","title":{"rendered":"Skred i Levanger"},"content":{"rendered":"\n<ul class=\"_list_1bvmi_3 _list_1flq1_85 _unordered_1bvmi_99 text-sans-m\">\n<li class=\"_item_1bvmi_30\">Et st\u00f8rre kvikkleireskred har rammet Levanger. Omr\u00e5det er sv\u00e6rt ustabilt if\u00f8lge politiet.<\/li>\n<li class=\"_item_1bvmi_30\">En dansk mann er antatt omkommet.<\/li>\n<li class=\"_item_1bvmi_30\">Geologer unders\u00f8ker omr\u00e5det.<\/li>\n<li class=\"_item_1bvmi_30\">Politiet ber folk med dashkamera om \u00e5 melde seg.<\/li>\n<\/ul>\n<p>Vis mer <\/p>\n<p class=\"_paragraph_1bvmi_4 _paragraph_xtcu6_10 layout-component text-serif-m layout-normal text-serif-m layout-padded\">\u00c9n person ble tatt av skredet som gikk i <a href=\"https:\/\/www.vg.no\/tag\/levanger?utm_source=vg-article&amp;utm_medium=auto-tagger&amp;utm_campaign=63bgWW\" class=\"_link_1bvmi_39\" rel=\"nofollow noopener\" target=\"_blank\">Levanger<\/a> l\u00f8rdag. <\/p>\n<p class=\"_paragraph_1bvmi_4 _paragraph_xtcu6_10 layout-component text-serif-m layout-normal text-serif-m layout-padded\">Hovedredningssentralen h\u00e5pet tidligere i dag at vedkommende kunne ha funnet en luftlomme. <\/p>\n<p class=\"_paragraph_1bvmi_4 _paragraph_xtcu6_10 layout-component text-serif-m layout-normal text-serif-m layout-padded\"><strong class=\"_strong_1bvmi_25\">L\u00f8rdag ettermiddag opplyser innsatsleder Terje Bol\u00e5s i politiet at de avslutter redningsaksjonen. De s\u00f8ker n\u00e5 etter en antatt omkommet mann. <\/strong><\/p>\n<p class=\"_paragraph_1bvmi_4 _paragraph_xtcu6_10 layout-component text-serif-m layout-normal text-serif-m layout-padded\">Mannen som er savnet er dansk og arbeidet p\u00e5 eller ved jernbanen da skredet skjedde.<\/p>\n<p class=\"_paragraph_1bvmi_4 _paragraph_xtcu6_10 layout-component text-serif-m layout-normal text-serif-m layout-padded\">Politiet har sammen med lege vurdert at det ikke er sannsynlig at han har overlevd.<\/p>\n<p class=\"_paragraph_1bvmi_4 _paragraph_xtcu6_10 layout-component text-serif-m layout-normal text-serif-m layout-padded\"><strong class=\"_strong_1bvmi_25\">Siste nytt fra innsatsleder Bol\u00e5s:<\/strong><\/p>\n<p class=\"_paragraph_1bvmi_4 _paragraph_xtcu6_10 layout-component text-serif-m layout-normal text-serif-m layout-padded\">Politiet opplyser at omr\u00e5det fortsatt er ustabilt og sperringene vil bli oppe p\u00e5 ubestemt tid. De utelukker ikke at det kan komme nye skred. <\/p>\n<p class=\"_paragraph_1bvmi_4 _paragraph_xtcu6_10 layout-component text-serif-m layout-normal text-serif-m layout-padded\">Tre husstander som tidligere ble evakuert forblir derfor evakuert. <\/p>\n<p class=\"_paragraph_1bvmi_4 _paragraph_xtcu6_10 layout-component text-serif-m layout-normal text-serif-m layout-padded\">\u2013 Det er for tidlig \u00e5 spekulere i \u00e5rsaker. Vi vil sette i gang en omfattende etterforskning for \u00e5 finne ut av det, sier innsatsleder Terje Bol\u00e5s til VG. <\/p>\n<ul class=\"_gallery_1qa3s_23\" tabindex=\"0\">\n<li class=\"_item_1qa3s_37\" data-index=\"0\"><img decoding=\"async\" class=\"_image_foru8_23 _articleGallery_foru8_39\" data-fullscreen- width=\"3569\" height=\"2379\" itemprop=\"image\" loading=\"lazy\"  src=\"https:\/\/www.europesays.com\/no\/wp-content\/uploads\/2025\/08\/67a91100-1511-40eb-8131-e5ad0b5857cd\"  style=\"object-position:50% 50%;aspect-ratio:var(--gallery-aspect-ratio, 16 \/ 9)\"\/>Foto: Jan Langhaug \/ NTB<\/li>\n<li class=\"_item_1qa3s_37\" data-index=\"1\"><img decoding=\"async\" class=\"_image_foru8_23 _articleGallery_foru8_39\" data-fullscreen- width=\"5472\" height=\"3648\" itemprop=\"image\" loading=\"lazy\"  src=\"https:\/\/www.europesays.com\/no\/wp-content\/uploads\/2025\/08\/e22aeaa1-f1f6-48b2-a68c-6a77b6574305\"  style=\"object-position:50% 50%;aspect-ratio:var(--gallery-aspect-ratio, 16 \/ 9)\"\/>Foto: Jan Langhaug \/ NTB<\/li>\n<li class=\"_item_1qa3s_37\" data-index=\"2\"><img decoding=\"async\" class=\"_image_foru8_23 _articleGallery_foru8_39\" data-fullscreen- width=\"5472\" height=\"3648\" itemprop=\"image\" loading=\"lazy\"  src=\"https:\/\/www.europesays.com\/no\/wp-content\/uploads\/2025\/08\/2de7213a-834d-4cdb-b4f2-d3b25869a2ce\"  style=\"object-position:50% 50%;aspect-ratio:var(--gallery-aspect-ratio, 16 \/ 9)\"\/>Foto: Jan Langhaug \/ NTB<\/li>\n<\/ul>\n<p class=\"_paragraph_1bvmi_4 _paragraph_xtcu6_10 layout-component text-serif-m layout-normal text-serif-m layout-padded\">Veien blir stengt p\u00e5 ubestemt tid. <\/p>\n<p class=\"_paragraph_1bvmi_4 _paragraph_xtcu6_10 layout-component text-serif-m layout-normal layout-padded\"><strong class=\"_strong_1bvmi_25\">Les ogs\u00e5:<\/strong> <a href=\"https:\/\/www.vg.no\/i\/mPkdO1\" data-track-element-type=\"Link\" data-track-id=\"link:mPkdO1\" class=\"_link_1bvmi_39\" rel=\"nofollow noopener\" target=\"_blank\">E6 i Levanger stengt etter ras: Omkj\u00f8ring via Sverige<\/a><\/p>\n<p>\u2013 Skadeomfanget blir ofte stort <\/p>\n<p class=\"_paragraph_1bvmi_4 _paragraph_xtcu6_10 layout-component text-serif-m layout-normal text-serif-m layout-padded\"><strong class=\"_strong_1bvmi_25\">Det er p\u00e5vist kvikkleire i omr\u00e5det. Geologer skal n\u00e5 unders\u00f8ke om kvikkleire kan ha for\u00e5rsaket skredet.<\/strong><\/p>\n<p class=\"_paragraph_1bvmi_4 _paragraph_xtcu6_10 layout-component text-serif-m layout-normal text-serif-m layout-padded\">Det er trolig et kvikkleireskred, sier Gustav Grimstad, professor i geoteknikk ved NTNU, til VG: <\/p>\n<p class=\"_paragraph_1bvmi_4 _paragraph_xtcu6_10 layout-component text-serif-m layout-normal text-serif-m layout-padded\">\u2013 Hvis det er et kvikkleireskred blir skadeomfanget ofte stort. Man fjerner en liten bit s\u00e5 raser det progressivt og tar med seg store omr\u00e5der. <\/p>\n<p>\u2013 Noe har g\u00e5tt feil<\/p>\n<p class=\"_paragraph_1bvmi_4 _paragraph_xtcu6_10 layout-component text-serif-m layout-normal text-serif-m layout-padded\">Gunleik Hoffmann var byggeleder da E6 mellom Ronglan og Vassmarka ble bygget ut i 2018. Han ble ikke overrasket da han h\u00f8rte om raset.<\/p>\n<p class=\"_paragraph_1bvmi_4 _paragraph_xtcu6_10 layout-component text-serif-m layout-normal text-serif-m layout-padded\">\u2013 Det er vanskelig \u00e5 bygge der, s\u00e5 jeg er ikke overrasket over at det raste der. Men jeg er overrasket over at det raste, fordi det skal v\u00e6re unders\u00f8kt, og tiltak skal v\u00e6re iverksatt, sier Hoffmann til\u00a0<a href=\"https:\/\/www.adressa.no\/nyheter\/trondelag\/i\/kw7GKa\/ikke-overrasket-over-at-det-raste-der\" class=\"_link_1bvmi_39\" rel=\"nofollow noopener\" target=\"_blank\">Adresseavisen<\/a>.<\/p>\n<p class=\"_paragraph_1bvmi_4 _paragraph_xtcu6_10 layout-component text-serif-m layout-normal text-serif-m layout-padded\">Hoved\u00e5rsaken til at det kun ble bygget to felt i stedet for fire i 2018, var forekomsten av kvikkleire i grunnen ved Nesvatnet, sier Hoffmann. <\/p>\n<p class=\"_paragraph_1bvmi_4 _paragraph_xtcu6_10 layout-component text-serif-m layout-normal text-serif-m layout-padded\">Det var store restriksjoner under utbyggingen. <\/p>\n<p class=\"_paragraph_1bvmi_4 _paragraph_xtcu6_10 layout-component text-serif-m layout-normal text-serif-m layout-padded\">Om raset i dag sier Hoffmann: <\/p>\n<p class=\"_paragraph_1bvmi_4 _paragraph_xtcu6_10 layout-component text-serif-m layout-normal text-serif-m layout-padded\"><strong class=\"_strong_1bvmi_25\">\u2013 Noe har g\u00e5tt feil i alle fall, for det skal ikke rase. <\/strong><\/p>\n<p class=\"_paragraph_1bvmi_4 _paragraph_xtcu6_10 layout-component text-serif-m layout-normal text-serif-m layout-padded\">Om sitt arbeid i omr\u00e5det sier pressevakt i Bane Nor, Gunnar B\u00f8rseth, til TV2: <\/p>\n<p class=\"_paragraph_1bvmi_4 _paragraph_xtcu6_10 layout-component text-serif-m layout-normal text-serif-m layout-padded\">\u2013 Vi var klar over at det er kvikkleire i omr\u00e5det, men vi hadde jo ikke hatt folk p\u00e5 stedet hvis vi hadde fryktet at det skal g\u00e5 et ras. <\/p>\n<p class=\"_paragraph_1bvmi_4 _paragraph_xtcu6_10 layout-component text-serif-m layout-normal text-serif-m layout-padded\"><strong class=\"_strong_1bvmi_25\">Tidligere l\u00f8rdag fortalte politiet om en bil som ble tatt av skredet:<\/strong><\/p>\n<p>   Finn Anders (42): \u2013 I dag hadde jeg veldig flaks<\/p>\n<p class=\"_paragraph_1bvmi_4 _paragraph_xtcu6_10 layout-component text-serif-m layout-normal text-serif-m layout-padded\">\u2013 Hadde jeg kommet tidligere er det vanskelig \u00e5 vite hva som hadde skjedd, sier Finn Anders Bl\u00e6stervold til VG.<\/p>\n<p class=\"_paragraph_1bvmi_4 _paragraph_xtcu6_10 layout-component text-serif-m layout-normal text-serif-m layout-padded\">42-\u00e5ringen var n\u00e6r ved \u00e5 bli tatt av skredet i Levanger.<\/p>\n<p><img decoding=\"async\" alt=\"Bilde av Finn Anders Bl\u00e6stervold (42)\" class=\"_image_ygndg_42\" height=\"42\" itemprop=\"image\" loading=\"lazy\"  src=\"https:\/\/www.europesays.com\/no\/wp-content\/uploads\/2025\/08\/a563b452-b8c8-4783-87c8-3d594987e230\"  width=\"40\"\/><strong class=\"_name_ygndg_51 title-serif-xs\">Finn Anders Bl\u00e6stervold (42)<\/strong><\/p>\n<p class=\"_paragraph_1bvmi_4 _paragraph_xtcu6_10 layout-component text-serif-m layout-normal text-serif-m layout-padded\">\u2013 Jeg kj\u00f8rte p\u00e5 E6, s\u00e5 ble det br\u00e5stopp. Det skjer bare hvis det er en ulykke eller noe. Jeg kom som bil nummer fire eller fem i s\u00f8rg\u00e5ende retning. Plutselig s\u00e5 jeg en lyktestolpe som forsvant, sier Bl\u00e6stervold.<\/p>\n<p>\u2013 Kaotisk<\/p>\n<p class=\"_paragraph_1bvmi_4 _paragraph_xtcu6_10 layout-component text-serif-m layout-normal text-serif-m layout-padded\">Bl\u00e6stervold fortsetter:<\/p>\n<p class=\"_paragraph_1bvmi_4 _paragraph_xtcu6_10 layout-component text-serif-m layout-normal text-serif-m layout-padded\">\u2013 Det g\u00e5r jo i 90 kilometer i timen p\u00e5 E6. S\u00e5 i dag hadde jeg veldig flaks, sier Bl\u00e6stervold.<\/p>\n<p class=\"_paragraph_1bvmi_4 _paragraph_xtcu6_10 layout-component text-serif-m layout-normal text-serif-m layout-padded\">Da 42-\u00e5ringen gikk ut av bilen s\u00e5 han omfanget av det som hadde skjedd foran ham.<\/p>\n<p class=\"_paragraph_1bvmi_4 _paragraph_xtcu6_10 layout-component text-serif-m layout-normal text-serif-m layout-padded\">\u2013 Det var kaotisk. Jeg sto kanskje 100 meter unna skredet, og s\u00e5 at b\u00e5de veien og jernbanen var tatt. Jeg ringte politiet, men de var allerede varslet. Kort tid senere kom brannvesenet og ambulanser.<\/p>\n<p class=\"_paragraph_1bvmi_4 _paragraph_xtcu6_10 layout-component text-serif-m layout-normal text-serif-m layout-padded\">Bl\u00e6stervold fant frem mobilen og filmet det han s\u00e5 p\u00e5 stedet. <\/p>\n<p>\u2013 Veldig tragisk <\/p>\n<p class=\"_paragraph_1bvmi_4 _paragraph_xtcu6_10 layout-component text-serif-m layout-normal text-serif-m layout-padded\">Ordf\u00f8rer, Anita Ravlo Sand (Sp), sier like f\u00f8r klokken 12.30 at hun skal inn i et m\u00f8te med den overordnede kriseledelsen.<\/p>\n<p class=\"_paragraph_1bvmi_4 _paragraph_xtcu6_10 layout-component text-serif-m layout-normal text-serif-m layout-padded\">\u2013 Det er fremdeles usikkert med tanke p\u00e5 den ene personen som er savnet \u2013 s\u00e5 jeg h\u00e5per virkelig at det g\u00e5r bra. I m\u00f8tet f\u00e5r vi nok mer informasjon. <\/p>\n<p class=\"_paragraph_1bvmi_4 _paragraph_xtcu6_10 layout-component text-serif-m layout-normal text-serif-m layout-padded\">Hun fortsetter:<\/p>\n<p class=\"_paragraph_1bvmi_4 _paragraph_xtcu6_10 layout-component text-serif-m layout-normal text-serif-m layout-padded\">\u2013 Det er en veldig tragisk hendelse og jeg f\u00f8ler med de ber\u00f8rte. Raset har g\u00e5tt utover b\u00e5de vei og bane som vil ha veldig stor virkning for private og n\u00e6ringsliv, men det viktigste n\u00e5 er \u00e5 finne den ene personen som er savnet.<\/p>\n<p><img alt=\"Ordf\u00f8rer Anita Ravlo Sand.   Foto: Helge Mikalsen \/ VG\" class=\"_image_qp4xg_65 layout-component layout-normal\" data-fullscreen- data-track-element-type=\"Article image fullscreen\" data-track-name=\"ImageFullscreen\" decoding=\"async\" loading=\"lazy\" height=\"3329\" itemprop=\"image\"  src=\"https:\/\/www.europesays.com\/no\/wp-content\/uploads\/2025\/08\/e07c4da6-634f-4d40-a86d-c7aa7c457d29\"  style=\"object-position:0% 0%\" width=\"4617\"\/>Ordf\u00f8rer Anita Ravlo Sand.   Foto: Helge Mikalsen \/ VGBer folk melde seg <\/p>\n<p class=\"_paragraph_1bvmi_4 _paragraph_xtcu6_10 layout-component text-serif-m layout-normal text-serif-m layout-padded\">Politiet melder klokken 12.30 at de fortsatt jobber med \u00e5 avklare om det kan v\u00e6re flere kj\u00f8ret\u00f8y tatt av raset. <\/p>\n<p class=\"_paragraph_1bvmi_4 _paragraph_xtcu6_10 layout-component text-serif-m layout-normal text-serif-m layout-padded\">\u2013 Politiet \u00f8nsker derfor kontakt med de som har kj\u00f8rt i s\u00f8rg\u00e5ende retning p\u00e5 E6 ved rasstedet og har dashkamera, skriver de.<\/p>\n<p class=\"_paragraph_1bvmi_4 _paragraph_xtcu6_10 layout-component text-serif-m layout-normal text-serif-m layout-padded\">Dette gjelder personer som har kj\u00f8rt strekningen fra rasstedet og s\u00f8rover f\u00f8r raset gikk i 08.30-tiden.<\/p>\n<p class=\"_paragraph_1bvmi_4 _paragraph_xtcu6_10 layout-component text-serif-m layout-normal text-serif-m layout-padded\">Disse bes ta kontakt med politiet p\u00e5 tipstelefon 73489400.<\/p>\n<p><img alt=\"R\u00f8de Kors og Norsk Folkehjelp er p\u00e5 stedet og bidrar med s\u00f8k.   Foto: Norges R\u00f8de Kors\" class=\"_image_qp4xg_65 layout-component layout-normal\" data-fullscreen- data-track-element-type=\"Article image fullscreen\" data-track-name=\"ImageFullscreen\" decoding=\"async\" loading=\"lazy\" height=\"2268\" itemprop=\"image\"  src=\"https:\/\/www.europesays.com\/no\/wp-content\/uploads\/2025\/08\/2200aaf4-f9cf-41b6-a904-47a4d80ff84f\"  style=\"object-position:0% 0%\" width=\"4032\"\/>R\u00f8de Kors og Norsk Folkehjelp er p\u00e5 stedet og bidrar med s\u00f8k.   Foto: Norges R\u00f8de KorsFrivillige er kalt ut <\/p>\n<p class=\"_paragraph_1bvmi_4 _paragraph_xtcu6_10 layout-component text-serif-m layout-normal text-serif-m layout-padded\">Frivillige fra R\u00f8de Kors Hjelpekorps i Tr\u00f8ndelag er blitt kalt ut for \u00e5 bist\u00e5 i s\u00f8k- og redningsarbeidet.<\/p>\n<p class=\"_paragraph_1bvmi_4 _paragraph_xtcu6_10 layout-component text-serif-m layout-normal text-serif-m layout-padded\">Det er store ressurser p\u00e5 stedet og R\u00f8de Kors har 60 mannskaper som st\u00e5r klare for innsats.<\/p>\n<p class=\"_paragraph_1bvmi_4 _paragraph_xtcu6_10 layout-component text-serif-m layout-normal text-serif-m layout-padded\">\u2013 Per n\u00e5 har R\u00f8de Kors en drone som er i innsats, sier Linda Kristin Evenset, distriktsr\u00e5dsleder i R\u00f8de Kors til VG. <\/p>\n<p class=\"_paragraph_1bvmi_4 _paragraph_xtcu6_10 layout-component text-serif-m layout-normal text-serif-m layout-padded\">Norsk Folkehjelp er ogs\u00e5 ute med drone. <\/p>\n<p>    <img decoding=\"async\" alt=\"Tips oss illustrasjon\" width=\"62px\" height=\"auto\" src=\"https:\/\/imbo.vgc.no\/s\/W9avJzE\"\/>    <\/p>\n<p class=\"title-serif-s\">Har du tips til oss?<\/p>\n<p class=\"text-sans-m\">Send oss informasjon, bilder eller video<\/p>\n<p>  <a href=\"https:\/\/www.vg.no\/tips-oss\" rel=\"nofollow noopener\" target=\"_blank\"> Tips oss <\/a>      <\/p>\n","protected":false},"excerpt":{"rendered":"Et st\u00f8rre kvikkleireskred har rammet Levanger. Omr\u00e5det er sv\u00e6rt ustabilt if\u00f8lge politiet. En dansk mann er antatt omkommet.&hellip;\n","protected":false},"author":2,"featured_media":22429,"comment_status":"","ping_status":"","sticky":false,"template":"","format":"standard","meta":{"footnotes":""},"categories":[10],"tags":[20,21,24,25,15,22,23,492,13,30,28,29,14,16,26,27,270,51],"class_list":{"0":"post-22428","1":"post","2":"type-post","3":"status-publish","4":"format-standard","5":"has-post-thumbnail","7":"category-norge","8":"tag-breaking-news","9":"tag-breakingnews","10":"tag-featured-news","11":"tag-featurednews","12":"tag-headlines","13":"tag-latest-news","14":"tag-latestnews","15":"tag-levanger","16":"tag-news","17":"tag-no","18":"tag-norge","19":"tag-norway","20":"tag-nyheter","21":"tag-overskrifter","22":"tag-top-stories","23":"tag-topstories","24":"tag-trondelag","25":"tag-ulykke"},"share_on_mastodon":{"url":"","error":""},"_links":{"self":[{"href":"https:\/\/www.europesays.com\/no\/wp-json\/wp\/v2\/posts\/22428","targetHints":{"allow":["GET"]}}],"collection":[{"href":"https:\/\/www.europesays.com\/no\/wp-json\/wp\/v2\/posts"}],"about":[{"href":"https:\/\/www.europesays.com\/no\/wp-json\/wp\/v2\/types\/post"}],"author":[{"embeddable":true,"href":"https:\/\/www.europesays.com\/no\/wp-json\/wp\/v2\/users\/2"}],"replies":[{"embeddable":true,"href":"https:\/\/www.europesays.com\/no\/wp-json\/wp\/v2\/comments?post=22428"}],"version-history":[{"count":0,"href":"https:\/\/www.europesays.com\/no\/wp-json\/wp\/v2\/posts\/22428\/revisions"}],"wp:featuredmedia":[{"embeddable":true,"href":"https:\/\/www.europesays.com\/no\/wp-json\/wp\/v2\/media\/22429"}],"wp:attachment":[{"href":"https:\/\/www.europesays.com\/no\/wp-json\/wp\/v2\/media?parent=22428"}],"wp:term":[{"taxonomy":"category","embeddable":true,"href":"https:\/\/www.europesays.com\/no\/wp-json\/wp\/v2\/categories?post=22428"},{"taxonomy":"post_tag","embeddable":true,"href":"https:\/\/www.europesays.com\/no\/wp-json\/wp\/v2\/tags?post=22428"}],"curies":[{"name":"wp","href":"https:\/\/api.w.org\/{rel}","templated":true}]}}