{"id":22456,"date":"2025-08-30T16:49:15","date_gmt":"2025-08-30T16:49:15","guid":{"rendered":"https:\/\/www.europesays.com\/no\/22456\/"},"modified":"2025-08-30T16:49:15","modified_gmt":"2025-08-30T16:49:15","slug":"larvik-hk-sport-sanna-16-var-pa-skolen-da-meldingen-kom-jeg-fikk-sove-i-natt","status":"publish","type":"post","link":"https:\/\/www.europesays.com\/no\/22456\/","title":{"rendered":"Larvik HK, Sport | Sanna (16) var p\u00e5 skolen da meldingen kom: \u2013 Jeg fikk sove i natt!"},"content":{"rendered":"\n<p><b>Hun har nettopp skrevet sine f\u00f8rste autografer, og st\u00e5r sammen med venninnene fra Nesjar. Det var neppe noen av dem som tenkte at denne fredagskvelden i slutten av august skulle ende slik.<\/b><\/p>\n<p>Sanna Langmo Wold hadde nemlig aldri spilt en seniorkamp i h\u00e5ndball i hele sitt liv. Plutselig sto hun midt i rampelyset i Jotron Arena da Larvik H\u00e5ndballklubb skulle serie\u00e5pne for sesongen.<\/p>\n<p>Vi spoler litt tilbake, s\u00e5 du f\u00e5r hele forhistorien:<\/p>\n<p><b>I forrige sesongen spilte Sanna for Nesjars J16-lag. Det ble seriekamper og Bringserie, der laget i realiteten spilte om sluttspill i den siste og avgj\u00f8rende kampen mot Sola, men tapte 27\u201322.<\/b><\/p>\n<p>I sommer gikk hun til Larvik HKs rekruttlag for \u00e5 ta et steg videre, samtidig som hun g\u00e5r p\u00e5 topph\u00e5ndball og 2. \u00e5ret p\u00e5 Thor Heyerdahl videreg\u00e5ende skole.<\/p>\n<p>\u2013 Jeg f\u00f8ler meg heldig<\/p>\n<p>Det var der hun fikk den overraskende beskjeden torsdag.<\/p>\n<p><b>\u2013 De ba meg om \u00e5 komme p\u00e5 trening med A-laget samme dag! Jeg ble veldig overrasket, men tenkte at det var spennende \u00e5 l\u00e6re litt. Jeg har bare rukket \u00e5 spille en treningsturnering med rekruttlaget ogs\u00e5 etter overgangen, s\u00e5 alt er egentlig nytt.<\/b><\/p>\n<p>Wold fikk beskjed om at hun ikke skulle legge andre planer fredag kveld. \u00c5rsaken var at Lea L\u00f8kke-\u00d8wre var usikker til kampen mot Gjerpen. Og fjor\u00e5rets f\u00f8rstekeeper ble aldri klar, og dermed var det duket for debut p\u00e5 A-laget for en 16-\u00e5ring fra Helgeroa.<\/p>\n<p>   <img decoding=\"async\" width=\"6000\" height=\"4001\" fetchpriority=\"low\"  loading=\"lazy\"  src=\"https:\/\/www.europesays.com\/no\/wp-content\/uploads\/2025\/08\/B25VP073.jpg\" alt=\"Dina Frisendal og Sanna Langmo Wold\" class=\"brick-c-cFOWSL\" style=\"--brick-image-ratio: 6000 \/ 4001;\"\/><\/p>\n<p>    TO DEBUTANTER: Dina Frisendal og Sanna Langmo Wold.<br \/>\n    Foto: Svein Andr\u00e9 Svendsen\n  <\/p>\n<p><b>\u2013 Det var veldig g\u00f8y, selv om jeg aldri kom p\u00e5 banen. Jeg var veldig spent, men jeg fikk faktisk sove i natt, ler m\u00e5lvakten, som likevel f\u00e5r registrert kampen som tellende.<\/b><\/p>\n<p>Hun er en av fem keepere som er knyttet til rekruttlaget kommende sesong, og innr\u00f8mmer at det er stas \u00e5 bli spurt om \u00e5 v\u00e6re vikar p\u00e5 A-laget.<\/p>\n<p><b>\u2013 Jeg f\u00f8ler meg heldig, og det var en morsom opplevelse. Jeg h\u00e5per at jeg klarte \u00e5 vise meg frem p\u00e5 trening s\u00e5 bra at jeg f\u00e5r sjansen ogs\u00e5 senere. Jeg kommer til \u00e5 svare ja, ler 16-\u00e5ringen.<\/b><\/p>\n<p>Mange nye og halvnye<\/p>\n<p><b>Langmo Wold var for \u00f8vrig en av seks debutanter for hjemmelaget i Arena, da Larvik slo Gjerpen for 60. gang i en obligatorisk kamp.<\/b><\/p>\n<p>Ogs\u00e5 m\u00e5lvaktskollega Dina Frisendal spilte sine f\u00f8rste minutter for Larvik, faktisk samtlige 60. Hun ble st\u00e5ende med ti redninger og en redningsprosent p\u00e5 30.<\/p>\n<p>De \u00f8vrige debutantene p\u00e5 banen var danske Christina Pedersen og Fr\u00f8ydis Seierstad, Sistnevnte kom fra svenske Kristianstad. Henrik Signell og Hege Hansen var nye p\u00e5 benken.<\/p>\n<p><b>Assistenttrener og Larvik-legende Lene Rantala var ogs\u00e5 tilbake etter \u00e5 ha v\u00e6rt i Vipers frem til konkursen, mens Martine Wolff gjorde comeback med ett m\u00e5l etter \u00e5 ha spilt i Sola de siste \u00e5rene.<\/b><\/p>\n<p>   <img decoding=\"async\" width=\"4032\" height=\"3024\" fetchpriority=\"low\"  loading=\"lazy\"  src=\"https:\/\/www.europesays.com\/no\/wp-content\/uploads\/2025\/08\/5c6b5f3e-9c39-4451-a7d6-206e461313c1_1.jpeg\" alt=\"\" class=\"brick-c-cFOWSL\" style=\"--brick-image-ratio: 4032 \/ 3024;\"\/><\/p>\n<p>    SIGNERTE: Christina Pedersen skrev sine f\u00f8rste autografer som Larvik-spiller, samtidig som nev\u00f8en hennes fors\u00f8kte \u00e5 stjele litt av oppmerksomheten i rampelyset.<br \/>\n    Foto: Henning Rugsveen\n  <\/p>\n<p>  <a href=\"https:\/\/www.op.no\/5-36-1818664\" class=\"related-teaser has-image default-story-teaser article--c-eRUmMG article--c-eRUmMG-jKCPdD-design-default\" rel=\"nofollow noopener\" target=\"_blank\"><\/p>\n<p>    <img decoding=\"async\" loading=\"lazy\"  src=\"https:\/\/www.europesays.com\/no\/wp-content\/uploads\/2025\/08\/1756572554_849_B25VP030.jpg\" alt=\"\" class=\"brick-c-cFOWSL\" style=\"\"\/><\/p>\n<p>\n            Les ogs\u00e5<\/p>\n<p>              To sekunder fra fadese: \u2013 Den ballen skal bare f &#8230; i meg inn!\n        <\/p>\n<p>  <\/a><\/p>\n<p>  <a href=\"https:\/\/www.op.no\/5-36-1816969\" class=\"related-teaser has-image default-feature-teaser article--c-eRUmMG article--c-eRUmMG-jKCPdD-design-default\" rel=\"nofollow noopener\" target=\"_blank\"><\/p>\n<p>    <img decoding=\"async\" loading=\"lazy\"  src=\"https:\/\/www.europesays.com\/no\/wp-content\/uploads\/2025\/08\/652de7e3-c6fc-437a-8a66-82d58426f6b2.jpeg\" alt=\"\" class=\"brick-c-cFOWSL\" style=\"\"\/><\/p>\n<p>\n            Les ogs\u00e5<\/p>\n<p>              Har aldri m\u00f8tt motgang: \u2013 Men det skjer noe i meg n\u00e5r jeg taper\n        <\/p>\n<p>  <\/a><\/p>\n<p>  <a href=\"https:\/\/www.op.no\/5-36-1816614\" class=\"related-teaser has-image default-story-teaser article--c-eRUmMG article--c-eRUmMG-jKCPdD-design-default\" rel=\"nofollow noopener\" target=\"_blank\"><\/p>\n<p>    <img decoding=\"async\" loading=\"lazy\"  src=\"https:\/\/www.europesays.com\/no\/wp-content\/uploads\/2025\/08\/1756572555_91_2cc719ca-aa06-4a1d-8959-8fad4c0596cd.jpg\" alt=\"\" class=\"brick-c-cFOWSL\" style=\"\"\/><\/p>\n<p>\n            Les ogs\u00e5<\/p>\n<p>              Andrea (28) er ikke aktuell: \u2013 Det er jo hyggelig\n        <\/p>\n<p>  <\/a><\/p>\n","protected":false},"excerpt":{"rendered":"Hun har nettopp skrevet sine f\u00f8rste autografer, og st\u00e5r sammen med venninnene fra Nesjar. Det var neppe noen&hellip;\n","protected":false},"author":2,"featured_media":22457,"comment_status":"","ping_status":"","sticky":false,"template":"","format":"standard","meta":{"footnotes":""},"categories":[59],"tags":[36,105,3728,643,3727,30,28,29,83,82,978,1510],"class_list":{"0":"post-22456","1":"post","2":"type-post","3":"status-publish","4":"format-standard","5":"has-post-thumbnail","7":"category-sport","8":"tag-art","9":"tag-handball","10":"tag-helgeroa","11":"tag-larvik-hk","12":"tag-nesjar-if","13":"tag-no","14":"tag-norge","15":"tag-norway","16":"tag-sport","17":"tag-sports","18":"tag-stavern-og-brunlanes","19":"tag-story"},"share_on_mastodon":{"url":"","error":""},"_links":{"self":[{"href":"https:\/\/www.europesays.com\/no\/wp-json\/wp\/v2\/posts\/22456","targetHints":{"allow":["GET"]}}],"collection":[{"href":"https:\/\/www.europesays.com\/no\/wp-json\/wp\/v2\/posts"}],"about":[{"href":"https:\/\/www.europesays.com\/no\/wp-json\/wp\/v2\/types\/post"}],"author":[{"embeddable":true,"href":"https:\/\/www.europesays.com\/no\/wp-json\/wp\/v2\/users\/2"}],"replies":[{"embeddable":true,"href":"https:\/\/www.europesays.com\/no\/wp-json\/wp\/v2\/comments?post=22456"}],"version-history":[{"count":0,"href":"https:\/\/www.europesays.com\/no\/wp-json\/wp\/v2\/posts\/22456\/revisions"}],"wp:featuredmedia":[{"embeddable":true,"href":"https:\/\/www.europesays.com\/no\/wp-json\/wp\/v2\/media\/22457"}],"wp:attachment":[{"href":"https:\/\/www.europesays.com\/no\/wp-json\/wp\/v2\/media?parent=22456"}],"wp:term":[{"taxonomy":"category","embeddable":true,"href":"https:\/\/www.europesays.com\/no\/wp-json\/wp\/v2\/categories?post=22456"},{"taxonomy":"post_tag","embeddable":true,"href":"https:\/\/www.europesays.com\/no\/wp-json\/wp\/v2\/tags?post=22456"}],"curies":[{"name":"wp","href":"https:\/\/api.w.org\/{rel}","templated":true}]}}