{"id":224613,"date":"2026-04-28T23:08:21","date_gmt":"2026-04-28T23:08:21","guid":{"rendered":"https:\/\/www.europesays.com\/no\/224613\/"},"modified":"2026-04-28T23:08:21","modified_gmt":"2026-04-28T23:08:21","slug":"elon-musk-vitnet-i-rettssak-mot-openai-sjef-sam-altman","status":"publish","type":"post","link":"https:\/\/www.europesays.com\/no\/224613\/","title":{"rendered":"Elon Musk vitnet i rettssak mot OpenAI-sjef Sam Altman"},"content":{"rendered":"\n<p class=\"_lead_145nj_2 _lead_6fko5_53 layout-component text-serif-m layout-normal text-serif-l layout-component layout-wide layout-padded _wide_17hqh_1 layout-padded\">Verdens rikeste mann vitnet tirsdag i den betente AI-rettssaken mot OpenAI-sjef Sam Altman.<\/p>\n<p><img alt=\"Elon Musk ankommer rettslokalene i Oakland i California.  Foto: Godofredo A. V\u00e1squez \/ AP \/ NTB\" class=\"_image_jw3bv_65 layout-component layout-wide\" data-fullscreen- data-track-element-type=\"Article image fullscreen\" data-track-name=\"ImageFullscreen\" fetchpriority=\"high\" decoding=\"sync\" loading=\"eager\" height=\"4630\" itemprop=\"image\"  src=\"https:\/\/www.europesays.com\/no\/wp-content\/uploads\/2026\/04\/a31f26e0-304a-3f38-87df-ed6b651860f4.jpeg\"  style=\"object-position:0% 0%\" width=\"6945\"\/>Elon Musk ankommer rettslokalene i Oakland i California.  Foto: Godofredo A. V\u00e1squez \/ AP \/ NTB<\/p>\n<ul aria-hidden=\"true\" class=\"_images_ntbth_112\">\n<li><a class=\"_link_ntbth_117\" href=\"https:\/\/www.vg.no\/forfatter\/bendik-hansen\" style=\"z-index:1\" title=\"Bendik Hansen\" rel=\"nofollow noopener\" target=\"_blank\"><img alt=\"Bilde av Bendik Hansen\" class=\"_image_ntbth_93\" fetchpriority=\"low\" loading=\"lazy\" decoding=\"async\" itemprop=\"image\"  src=\"https:\/\/www.europesays.com\/no\/wp-content\/uploads\/2026\/04\/1777417696_197_236bc5a3-2236-4046-b957-81f29d024aa6.png\"  width=\"480\"\/><\/a><\/li>\n<\/ul>\n<p> Oppdatert onsdag 29. april kl. 00:40    <\/p>\n<ul class=\"_list_145nj_3 _list_64s2r_85 _unordered_145nj_106 text-sans-m\">\n<li class=\"_item_145nj_30\">Elon Musk vitnet mot OpenAI-sjef Sam Altman i en rettssak om fremtiden til kunstig intelligens.<\/li>\n<li class=\"_item_145nj_30\">Musk hevder Altman og partnerne har sveket OpenAIs opprinnelige form\u00e5l.<\/li>\n<li class=\"_item_145nj_30\">OpenAI avviser anklagene og mener Musk er misunnelig etter \u00e5 ha startet sitt eget AI-selskap, xAI.<\/li>\n<li class=\"_item_145nj_30\">Musk krever 1.400 milliarder kroner i erstatning.<\/li>\n<\/ul>\n<p>Vis mer <\/p>\n<p class=\"_paragraph_145nj_4 _paragraph_6fko5_10 layout-component text-serif-m layout-normal text-serif-m layout-padded\"><a href=\"https:\/\/www.vg.no\/tag\/elon-musk?utm_source=vg-article&amp;utm_medium=auto-tagger&amp;utm_campaign=K8LqnM\" class=\"_link_145nj_39\" rel=\"nofollow noopener\" target=\"_blank\">Elon Musk<\/a> inntok tirsdag vitneboksen i en f\u00f8deral domstol i Oakland i California. <\/p>\n<p class=\"_paragraph_145nj_4 _paragraph_6fko5_10 layout-component text-serif-m layout-normal text-serif-m layout-padded\">Der st\u00e5r han mot sin tidligere venn og OpenAI-sjef Sam Altman i en rettssak som kan endre fremtiden for kunstig intelligens, melder\u00a0<a href=\"https:\/\/apnews.com\/article\/elon-musk-openai-altman-trial-b3c647391fbaa0f081611027b4e98479\" class=\"_link_145nj_39\" rel=\"nofollow noopener\" target=\"_blank\">AP<\/a>. <\/p>\n<p class=\"_paragraph_145nj_4 _paragraph_6fko5_10 layout-component text-serif-m layout-normal text-serif-m layout-padded\"><strong class=\"_strong_145nj_25\">Musk saks\u00f8kte Altman, hans h\u00f8yre h\u00e5nd Greg Brockman og Microsoft i 2024. <\/strong><\/p>\n<p class=\"_paragraph_145nj_4 _paragraph_6fko5_10 layout-component text-serif-m layout-normal text-serif-m layout-padded\">Han mener de har sveket OpenAIs opprinnelige form\u00e5l \u2013 \u00e5 utvikle kunstig intelligens til menneskehetens beste, uten profittjag. <\/p>\n<p class=\"_paragraph_145nj_4 _paragraph_6fko5_10 layout-component text-serif-m layout-normal text-serif-m layout-padded\">\u2013 De kommer til \u00e5 pr\u00f8ve \u00e5 gj\u00f8re denne saken veldig komplisert, men det er faktisk veldig enkelt. Det er ikke greit \u00e5 stjele en veldedighet, sa Musk i retten.<\/p>\n<ul class=\"_gallery_1qa3s_23\" tabindex=\"0\">\n<li class=\"_item_1qa3s_37\" data-index=\"0\"><img decoding=\"async\" class=\"_image_foru8_23 _articleGallery_foru8_39\" data-fullscreen- width=\"3600\" height=\"2400\" itemprop=\"image\" loading=\"lazy\"  src=\"https:\/\/www.europesays.com\/no\/wp-content\/uploads\/2026\/04\/0f708dec-50da-3cb9-aeb9-e2fa1da74d32.jpeg\"  style=\"object-position:50% 50%;aspect-ratio:var(--gallery-aspect-ratio, 16 \/ 9)\"\/>Foto: KARL MONDON \/ AFP \/ NTB<\/li>\n<li class=\"_item_1qa3s_37\" data-index=\"1\"><img decoding=\"async\" class=\"_image_foru8_23 _articleGallery_foru8_39\" data-fullscreen- width=\"5000\" height=\"3335\" itemprop=\"image\" loading=\"lazy\"  src=\"https:\/\/www.europesays.com\/no\/wp-content\/uploads\/2026\/04\/590b480c-5fb6-3cb0-b819-766c0b6e2f95.jpeg\"  style=\"object-position:50% 50%;aspect-ratio:var(--gallery-aspect-ratio, 16 \/ 9)\"\/>Foto: BENJAMIN FANJOY \/ AFP \/ NTB<\/li>\n<li class=\"_item_1qa3s_37\" data-index=\"2\"><img decoding=\"async\" class=\"_image_foru8_23 _articleGallery_foru8_39\" data-fullscreen- width=\"3038\" height=\"2029\" itemprop=\"image\" loading=\"lazy\"  src=\"https:\/\/www.europesays.com\/no\/wp-content\/uploads\/2026\/04\/e07d6565-5851-3963-95d7-aea81b781afa.jpeg\"  style=\"object-position:50% 50%;aspect-ratio:var(--gallery-aspect-ratio, 16 \/ 9)\"\/>Foto: Manuel Orbegozo \/ Reuters \/ NTB<\/li>\n<\/ul>\n<p>Foto: KARL MONDON \/ AFP \/ NTB<\/p>\n<p class=\"_paragraph_145nj_4 _paragraph_6fko5_10 layout-component text-serif-m layout-normal text-serif-m layout-padded\">Musk har bedt om 150 milliarder dollar, rundt 1.400 milliarder kroner, i erstatning fra OpenAI, if\u00f8lge Reuters. <\/p>\n<p class=\"_paragraph_145nj_4 _paragraph_6fko5_10 layout-component text-serif-m layout-normal text-serif-m layout-padded\"><strong class=\"_strong_145nj_25\">OpenAI avviser anklagene og mener s\u00f8ksm\u00e5let handler om misunnelse. Musk lanserte nemlig sitt eget AI-selskap xAI i 2023.<\/strong><\/p>\n<p class=\"_paragraph_145nj_4 _paragraph_6fko5_10 layout-component text-serif-m layout-normal text-serif-m layout-padded\">\u2013 Vi er her fordi Musk ikke fikk viljen sin med OpenAI, sa OpenAIs advokat William Savitt i sin \u00e5pningsprosedyre, if\u00f8lge AP.<\/p>\n<ul class=\"_list_145nj_3 _list_6fko5_9 _unordered_145nj_106 layout-component text-serif-m layout-normal text-serif-m layout-padded\">\n<li class=\"_item_145nj_30\">Les ogs\u00e5: <a href=\"https:\/\/e24.no\/boers-og-finans\/i\/bOkQJd\/musk-og-altman-i-retten-dette-krangler-de-om\" class=\"_link_145nj_39\" rel=\"nofollow noopener\" target=\"_blank\">Musk og Altman i retten: Dette krangler de om<\/a><\/li>\n<\/ul>\n<p class=\"_paragraph_145nj_4 _paragraph_6fko5_10 layout-component text-serif-m layout-normal text-serif-m layout-padded\">Savitt hevdet at Musk selv \u00f8nsket \u00e5 gj\u00f8re OpenAI om til et kommersielt selskap han kunne eie mer enn 50 prosent av, og sl\u00e5 det sammen med Tesla.<\/p>\n<p class=\"_paragraph_145nj_4 _paragraph_6fko5_10 layout-component text-serif-m layout-normal text-serif-m layout-padded\">Musk fortalte ogs\u00e5 om sitt syn p\u00e5 AI, og sp\u00e5r at kunstig intelligens blir \u00absmartere enn noe menneske\u00bb allerede neste \u00e5r. Han jobber if\u00f8lge seg selv 80 til 100 timer i uken, tar aldri ferie og \u00abeier hverken feriehus eller yacht\u00bb.<\/p>\n<p class=\"_paragraph_145nj_4 _paragraph_6fko5_10 layout-component text-serif-m layout-normal text-serif-m layout-padded\">Rettssaken er ventet \u00e5 vare i tre uker. Ogs\u00e5 Altman og Microsoft-sjef Satya Nadella skal vitne.<\/p>\n<p><img alt=\"OpenAIs advokat William Savitt i rettssalen. Rettstegninger blir brukt fordi det gjerne er fotoforbud inne i rettssaler under selve forhandlingene.   Foto: Vicki Behringer \/ Reuters \/ NTB\" class=\"_image_jw3bv_65 layout-component layout-normal\" data-fullscreen- data-track-element-type=\"Article image fullscreen\" data-track-name=\"ImageFullscreen\" decoding=\"async\" loading=\"lazy\" height=\"3141\" itemprop=\"image\"  src=\"https:\/\/www.europesays.com\/no\/wp-content\/uploads\/2026\/04\/a96859cb-581a-30cd-b582-ef8656fe5420.jpeg\"  style=\"object-position:0% 0%\" width=\"5583\"\/>OpenAIs advokat William Savitt i rettssalen. Rettstegninger blir brukt fordi det gjerne er fotoforbud inne i rettssaler under selve forhandlingene.   Foto: Vicki Behringer \/ Reuters \/ NTB    <\/p>\n","protected":false},"excerpt":{"rendered":"Verdens rikeste mann vitnet tirsdag i den betente AI-rettssaken mot OpenAI-sjef Sam Altman. Elon Musk ankommer rettslokalene i&hellip;\n","protected":false},"author":2,"featured_media":224614,"comment_status":"","ping_status":"","sticky":false,"template":"","format":"standard","meta":{"footnotes":"","_share_on_mastodon":"0"},"categories":[56],"tags":[60,61,129,62,30,28,29,173,174],"class_list":["post-224613","post","type-post","status-publish","format-standard","has-post-thumbnail","category-naeringsliv","tag-business","tag-economy","tag-elon-musk","tag-naeringsliv","tag-no","tag-norge","tag-norway","tag-openai","tag-sam-altman"],"share_on_mastodon":{"url":"https:\/\/pubeurope.com\/@no\/116484853493000547","error":""},"_links":{"self":[{"href":"https:\/\/www.europesays.com\/no\/wp-json\/wp\/v2\/posts\/224613","targetHints":{"allow":["GET"]}}],"collection":[{"href":"https:\/\/www.europesays.com\/no\/wp-json\/wp\/v2\/posts"}],"about":[{"href":"https:\/\/www.europesays.com\/no\/wp-json\/wp\/v2\/types\/post"}],"author":[{"embeddable":true,"href":"https:\/\/www.europesays.com\/no\/wp-json\/wp\/v2\/users\/2"}],"replies":[{"embeddable":true,"href":"https:\/\/www.europesays.com\/no\/wp-json\/wp\/v2\/comments?post=224613"}],"version-history":[{"count":0,"href":"https:\/\/www.europesays.com\/no\/wp-json\/wp\/v2\/posts\/224613\/revisions"}],"wp:featuredmedia":[{"embeddable":true,"href":"https:\/\/www.europesays.com\/no\/wp-json\/wp\/v2\/media\/224614"}],"wp:attachment":[{"href":"https:\/\/www.europesays.com\/no\/wp-json\/wp\/v2\/media?parent=224613"}],"wp:term":[{"taxonomy":"category","embeddable":true,"href":"https:\/\/www.europesays.com\/no\/wp-json\/wp\/v2\/categories?post=224613"},{"taxonomy":"post_tag","embeddable":true,"href":"https:\/\/www.europesays.com\/no\/wp-json\/wp\/v2\/tags?post=224613"}],"curies":[{"name":"wp","href":"https:\/\/api.w.org\/{rel}","templated":true}]}}