{"id":224626,"date":"2026-04-28T23:59:25","date_gmt":"2026-04-28T23:59:25","guid":{"rendered":"https:\/\/www.europesays.com\/no\/224626\/"},"modified":"2026-04-28T23:59:25","modified_gmt":"2026-04-28T23:59:25","slug":"stromstopp-i-nord-stromforsyning-stoppknappen-er-trykket-inn","status":"publish","type":"post","link":"https:\/\/www.europesays.com\/no\/224626\/","title":{"rendered":"Str\u00f8mstopp i nord, Str\u00f8mforsyning | Stoppknappen er trykket inn"},"content":{"rendered":"\n<p><b>Statnett har i praksis trykket p\u00e5 stoppknappen for Nord-Norge ved \u00e5 stanse nye reservasjoner av nettkapasitet nord for Svartisen. Det skjer i et sv\u00e6rt utfordrende geopolitisk landskap hvor beredskap og det \u00e5 hevde suverenitet m\u00e5 l\u00f8ftes p\u00e5 agendaen.<\/b><\/p>\n<p>Resultatet er at prosjekter stopper opp, investeringer uteblir og arbeidsplasser ikke blir skapt. Skal dette ikke bli en full stans, m\u00e5 politikerne trykke p\u00e5 startknappen igjen. Det kan de, men det krever tydelige prioriteringer.<\/p>\n<p>Med dette vedtaket vil n\u00e6ringer som skal sikre mat, arbeidsplasser og utvikling, ikke f\u00e5 den str\u00f8mmen de trenger. Uten kraft stopper ikke bare utviklingen opp &#8211; den lar seg rett og slett ikke gjennomf\u00f8re.<\/p>\n<p>Statnetts midlertidige stopp rammer ikke bare enkeltbedrifter og lokalsamfunn langs kysten, men hele Norge. Uten sikker tilgang p\u00e5 kraft mister vi evnen til \u00e5 levere mat, skape verdier, utvikle n\u00e6ringsliv og opprettholde beredskap. Til syvende og sist er det befolkningen i Norge som taper.<\/p>\n<p>Sett fra Nydalen i Oslo, hvor Statnett har hovedkontor, virker Nord-Norge kanskje som en utkant. Faktum er at det er en forutsetning for hele Norge, Europa og verden.<\/p>\n<p>Her produseres mat til Norge, til Europa og verden. Her skapes verdier, arbeidsplasser og aktivitet som er avgj\u00f8rende for b\u00e5de verdiskaping og beredskap.<\/p>\n<p>Norge er en av Europas viktigste leverand\u00f8rer av sj\u00f8mat. I en tid der matsikkerhet igjen er blitt et sikkerhetspolitisk sp\u00f8rsm\u00e5l, forventes det at vi opprettholder og \u00f8ker produksjonen.<\/p>\n<p>Det ansvaret kan vi ikke ta, hvis vi samtidig stenger tilgangen p\u00e5 kraft.<\/p>\n<p>Samtidig stiller regjeringen stadig strengere krav til omstilling, elektrifisering og ny teknologi. Alt dette krever kraft. Men uten kraft stopper ikke bare utviklingen opp &#8211; den lar seg ikke gjennomf\u00f8re. Konsekvensene er alvorlige for matsikkerhet, industriutvikling, verdiskaping og bosetting langs kysten.<\/p>\n<p>Dette er ikke noe Statnett kan l\u00f8se alene. N\u00e5r kapasiteten er begrenset, m\u00e5 det v\u00e6re tydelige politiske f\u00f8ringer for hva som skal prioriteres. Samfunnskritisk produksjon av mat, ogs\u00e5 sj\u00f8mat, energi og kritiske mineraler m\u00e5 gis en helt annen prioritet i planarbeid.<\/p>\n<p>Statsforvaltere og andre myndigheter m\u00e5 f\u00e5 tydelig beskjed om at vi n\u00e5 m\u00e5 endre kurs. Vi lever i en tid hvor slik produksjon m\u00e5 f\u00e5 forkj\u00f8rsrett. Nord-Norge kan ikke settes p\u00e5 vent.<\/p>\n<p>Hvis politikerne vil ta ansvar for beredskap og utvikling i Nord-Norge, m\u00e5 de ogs\u00e5 ta ansvar for kraften.<\/p>\n<p>Det betyr \u00e5 gj\u00f8re reelle prioriteringer: Hva er viktigst for Norge &#8211; og hvem skal f\u00e5 tilgang p\u00e5 kraften?<\/p>\n","protected":false},"excerpt":{"rendered":"Statnett har i praksis trykket p\u00e5 stoppknappen for Nord-Norge ved \u00e5 stanse nye reservasjoner av nettkapasitet nord for&hellip;\n","protected":false},"author":2,"featured_media":224627,"comment_status":"","ping_status":"","sticky":false,"template":"","format":"standard","meta":{"footnotes":"","_share_on_mastodon":"0"},"categories":[5],"tags":[36,20,21,24,25,15,19,22,23,17,18,13,30,28,29,14,1533,16,17633,20956,3481,8386,21107,26,27],"class_list":["post-224626","post","type-post","status-publish","format-standard","has-post-thumbnail","category-overskrifter","tag-art","tag-breaking-news","tag-breakingnews","tag-featured-news","tag-featurednews","tag-headlines","tag-hovedoppslag","tag-latest-news","tag-latestnews","tag-main-news","tag-mainnews","tag-news","tag-no","tag-norge","tag-norway","tag-nyheter","tag-opinion","tag-overskrifter","tag-sjomat-norge","tag-sjomatnaeringa","tag-statnett","tag-stromforsyning","tag-stromstopp-i-nord","tag-top-stories","tag-topstories"],"share_on_mastodon":{"url":"https:\/\/pubeurope.com\/@no\/116485053837936375","error":""},"_links":{"self":[{"href":"https:\/\/www.europesays.com\/no\/wp-json\/wp\/v2\/posts\/224626","targetHints":{"allow":["GET"]}}],"collection":[{"href":"https:\/\/www.europesays.com\/no\/wp-json\/wp\/v2\/posts"}],"about":[{"href":"https:\/\/www.europesays.com\/no\/wp-json\/wp\/v2\/types\/post"}],"author":[{"embeddable":true,"href":"https:\/\/www.europesays.com\/no\/wp-json\/wp\/v2\/users\/2"}],"replies":[{"embeddable":true,"href":"https:\/\/www.europesays.com\/no\/wp-json\/wp\/v2\/comments?post=224626"}],"version-history":[{"count":0,"href":"https:\/\/www.europesays.com\/no\/wp-json\/wp\/v2\/posts\/224626\/revisions"}],"wp:featuredmedia":[{"embeddable":true,"href":"https:\/\/www.europesays.com\/no\/wp-json\/wp\/v2\/media\/224627"}],"wp:attachment":[{"href":"https:\/\/www.europesays.com\/no\/wp-json\/wp\/v2\/media?parent=224626"}],"wp:term":[{"taxonomy":"category","embeddable":true,"href":"https:\/\/www.europesays.com\/no\/wp-json\/wp\/v2\/categories?post=224626"},{"taxonomy":"post_tag","embeddable":true,"href":"https:\/\/www.europesays.com\/no\/wp-json\/wp\/v2\/tags?post=224626"}],"curies":[{"name":"wp","href":"https:\/\/api.w.org\/{rel}","templated":true}]}}