{"id":224721,"date":"2026-04-29T04:51:14","date_gmt":"2026-04-29T04:51:14","guid":{"rendered":"https:\/\/www.europesays.com\/no\/224721\/"},"modified":"2026-04-29T04:51:14","modified_gmt":"2026-04-29T04:51:14","slug":"stanset-ukraina-avtale-om-kroppsvarmere-fra-det-norske-firmaet-warmflake-motes-i-retten","status":"publish","type":"post","link":"https:\/\/www.europesays.com\/no\/224721\/","title":{"rendered":"Stanset Ukraina-avtale om kroppsvarmere fra det norske firmaet Warmflake \u2013 m\u00f8tes i retten"},"content":{"rendered":"\n<ul class=\"_list_145nj_3 _list_64s2r_85 _unordered_145nj_106 text-sans-m\">\n<li class=\"_item_145nj_30\">Det norske firmaet Warmflake fikk en kontrakt p\u00e5 30 millioner kroner for kroppsvarmere til ukrainske soldater.<\/li>\n<li class=\"_item_145nj_30\">Fem dager etter avtalen stoppet Forsvarsmateriell bestillingen.<\/li>\n<li class=\"_item_145nj_30\">Partene m\u00f8tes i Oslo tingrett p\u00e5 onsdag.<\/li>\n<li class=\"_item_145nj_30\">Warmflake mener avtalen er bindende, mens staten avviser kravet.<\/li>\n<li class=\"_item_145nj_30\">Daglig leder i selskapet og en offiser ble i februar p\u00e5grepet og siktet av \u00d8kokrim.<\/li>\n<\/ul>\n<p>Vis mer <\/p>\n<p class=\"_paragraph_145nj_4 _paragraph_6fko5_10 layout-component text-serif-m layout-normal text-serif-m layout-padded\">Onsdag m\u00f8tes partene i Oslo tingrett.<\/p>\n<p class=\"_paragraph_145nj_4 _paragraph_6fko5_10 layout-component text-serif-m layout-normal text-serif-m layout-padded\">Det norske firmaet Warmflake mener Forsvarsmateriell Forsvarsmateriell En etat som har ansvar for \u00e5 anskaffe og forvalte materiell til det norske forsvaret.er bundet av avtalen. Staten avviser kravet.<\/p>\n<p class=\"_paragraph_145nj_4 _paragraph_6fko5_10 layout-component text-serif-m layout-normal text-serif-m layout-padded\">\u2013 Selskapet vil f\u00f8re bevis for at produktet er etterspurt av ukrainske myndigheter, sier Warmflakes advokat Gunnar Espeland til VG.<\/p>\n<p class=\"_paragraph_145nj_4 _paragraph_6fko5_10 layout-component text-serif-m layout-normal text-serif-m layout-padded\">Regjeringsadvokaten mener p\u00e5 sin side at det ikke foreligger et dokumentert behov.<\/p>\n<p class=\"_paragraph_145nj_4 _paragraph_6fko5_10 layout-component text-serif-m layout-normal text-serif-m layout-padded\">\u2013 Vi er helt trygge p\u00e5 at Ukraina ikke har meldt et behov for pasientvarmerne gjennom etablerte kanaler, skriver advokat Solveig Hodnemyr hos Regjeringsadvokaten Regjeringsadvokaten En advokat som representerer staten i rettssaker.i en e-post til VG.<\/p>\n<p class=\"_paragraph_145nj_4 _paragraph_6fko5_10 layout-component text-serif-m layout-normal text-serif-m layout-padded\">Hodnemyr representerer <a href=\"https:\/\/www.vg.no\/tag\/forsvarsdepartementet?utm_source=vg-article&amp;utm_medium=auto-tagger&amp;utm_campaign=43EXjE\" class=\"_link_145nj_39\" rel=\"nofollow noopener\" target=\"_blank\">Forsvarsdepartementet<\/a> i saken.<\/p>\n<p class=\"_paragraph_145nj_4 _paragraph_6fko5_10 layout-component text-serif-m layout-normal text-serif-m layout-padded\">\u2013 Hvis s\u00e5 er tilfelle s\u00e5 f\u00f8lger Forsvarsdepartementet ikke de saksbehandlingsrutiner Stortinget er informert om. Uansett gir dette ikke staten en rett til \u00e5 stanse en bestilling etter en bindende kontrakt, svarer selskapets advokat Gunnar Espeland.<\/p>\n<p><img alt=\"Slik fylles kroppsvarmerne med vann.   Foto: Foto: Warmflake\" class=\"_image_jw3bv_65 layout-component layout-normal\" data-fullscreen- data-track-element-type=\"Article image fullscreen\" data-track-name=\"ImageFullscreen\" decoding=\"async\" loading=\"lazy\" height=\"3268\" itemprop=\"image\"  src=\"https:\/\/www.europesays.com\/no\/wp-content\/uploads\/2026\/04\/66cad5f8-c417-3fa4-9c22-938757047adf.jpeg\"  style=\"object-position:0% 0%\" width=\"3268\"\/>Slik fylles kroppsvarmerne med vann.   Foto: Foto: Warmflake<\/p>\n<p class=\"_paragraph_145nj_4 _paragraph_6fko5_10 layout-component text-serif-m layout-normal text-serif-m layout-padded\">Onsdag skal Oslo tingrett avgj\u00f8re om Forsvarsdepartementet skal hente og lagre pasientvarmerne frem til det er avklart om avtalen er gyldig, eller ikke.<\/p>\n<p class=\"_paragraph_145nj_4 _paragraph_6fko5_10 layout-component text-serif-m layout-normal text-serif-m layout-padded\">\u2013 Vi mener departementet ikke er forpliktet til dette og dessuten trenger ikke Ukraina dem n\u00e5, sier Hodnemyr til VG.<\/p>\n<p class=\"_paragraph_145nj_4 _paragraph_6fko5_10 layout-component text-serif-m layout-normal text-serif-m layout-padded\">Warmflakes advokat er uenig.<\/p>\n<p class=\"_paragraph_145nj_4 _paragraph_6fko5_10 layout-component text-serif-m layout-normal text-serif-m layout-padded\">Espeland reagerer p\u00e5 at Forsvarsmateriell f\u00f8rst ba om suspensjon av kontrakten med Warmflake.\u00a0<\/p>\n<p class=\"_paragraph_145nj_4 _paragraph_6fko5_10 layout-component text-serif-m layout-normal text-serif-m layout-padded\">\u2013 Deretter krevde de at kontrakten skulle bli reforhandlet. N\u00e5 mener Forsvarsmateriell at kontrakten er ugyldig og at det ikke er dokumentert et behov eller \u00f8nske om \u00e5 bruke pasientvarmerne i Ukraina, sier Espeland.<\/p>\n<p class=\"_paragraph_145nj_4 _paragraph_6fko5_10 layout-component text-serif-m layout-normal text-serif-m layout-padded\">Regjeringsadvokaten svarer slik:<\/p>\n<p class=\"_paragraph_145nj_4 _paragraph_6fko5_10 layout-component text-serif-m layout-normal text-serif-m layout-padded\">\u2013 Etter signering oppsto betydelig uro knyttet til flere forhold. Da valgte Forsvarsmateriell naturlig nok \u00e5 sette den p\u00e5 pause, for \u00e5 sikre at fellesskapets midler brukes p\u00e5 riktig m\u00e5te, uttaler Hodnemyr til VG.<\/p>\n<p>Fikk 9,5 millioner i forskudd<\/p>\n<p class=\"_paragraph_145nj_4 _paragraph_6fko5_10 layout-component text-serif-m layout-normal text-serif-m layout-padded\">Kontrakten ble signert 21. november i fjor. Den gjaldt levering av 5000 kroppsn\u00e6re pasientvarmere \u2013 til en samlet verdi p\u00e5 30 millioner kroner.<\/p>\n<p class=\"_paragraph_145nj_4 _paragraph_6fko5_10 layout-component text-serif-m layout-normal text-serif-m layout-padded\">Det tilsvarer en stykkpris p\u00e5 rundt 6000 kroner.<\/p>\n<p><img alt=\"Slik ser kroppsvarmerne ut.   Foto: Foto: Warmflake\" class=\"_image_jw3bv_65 layout-component layout-normal\" data-fullscreen- data-track-element-type=\"Article image fullscreen\" data-track-name=\"ImageFullscreen\" decoding=\"async\" loading=\"lazy\" height=\"3149\" itemprop=\"image\"  src=\"https:\/\/www.europesays.com\/no\/wp-content\/uploads\/2026\/04\/1279e7d6-ddb9-3ccd-bdb7-9e904d7792fc.jpeg\"  style=\"object-position:0% 0%\" width=\"3149\"\/>Slik ser kroppsvarmerne ut.   Foto: Foto: Warmflake<\/p>\n<p class=\"_paragraph_145nj_4 _paragraph_6fko5_10 layout-component text-serif-m layout-normal text-serif-m layout-padded\">Kort tid etter signeringen fikk Warmflake utbetalt 9,5 millioner kroner i forskudd.<\/p>\n<p class=\"_paragraph_145nj_4 _paragraph_6fko5_10 layout-component text-serif-m layout-normal text-serif-m layout-padded\">Fem dager senere, 26. november, varslet direkt\u00f8r Gro J\u00e6re i Forsvarsmateriell internrevisjonen i Forsvarsdepartementet.<\/p>\n<p class=\"_paragraph_145nj_4 _paragraph_6fko5_10 layout-component text-serif-m layout-normal text-serif-m layout-padded\">Det utl\u00f8ste unders\u00f8kelser som endte med at to ledere i Forsvarsdepartementet kontaktet \u00d8kokrim\u00d8kokrimEn norsk politienhet som etterforsker \u00f8konomisk kriminalitet og milj\u00f8kriminalitet., f\u00e5r VG opplyst.<\/p>\n<p><img alt=\"Gro J\u00e6re i Forsvarsmateriell.   Foto: Terje Pedersen \/ NTB\" class=\"_image_jw3bv_65 layout-component layout-normal\" data-fullscreen- data-track-element-type=\"Article image fullscreen\" data-track-name=\"ImageFullscreen\" decoding=\"async\" loading=\"lazy\" height=\"2512\" itemprop=\"image\"  src=\"https:\/\/www.europesays.com\/no\/wp-content\/uploads\/2026\/04\/233375cb-beb5-3a14-bbe3-d35dc418c1ee.jpeg\"  style=\"object-position:0% 0%\" width=\"3768\"\/>Gro J\u00e6re i Forsvarsmateriell.   Foto: Terje Pedersen \/ NTBP\u00e5grepet f\u00f8r ny utbetaling<\/p>\n<p class=\"_paragraph_145nj_4 _paragraph_6fko5_10 layout-component text-serif-m layout-normal text-serif-m layout-padded\">F\u00f8r neste planlagte utbetaling i februar slo \u00d8kokrim til.<\/p>\n<p class=\"_paragraph_145nj_4 _paragraph_6fko5_10 layout-component text-serif-m layout-normal text-serif-m layout-padded\">Daglig leder og hovedeier Geir L\u00f8ndal ble p\u00e5grepet sammen med en offiser i Forsvaret.<\/p>\n<p class=\"_paragraph_145nj_4 _paragraph_6fko5_10 layout-component text-serif-m layout-normal text-serif-m layout-padded\">L\u00f8ndal er siktet for grov \u00f8konomisk utroskap knyttet til en utbetaling p\u00e5 rundt \u00e9n million kroner fra selskapet han er hovedeier i.<\/p>\n<p class=\"_paragraph_145nj_4 _paragraph_6fko5_10 layout-component text-serif-m layout-normal text-serif-m layout-padded\">Offiseren er siktet for misbruk av offentlig myndighet i forbindelse med anskaffelsen.<\/p>\n<p class=\"_paragraph_145nj_4 _paragraph_6fko5_10 layout-component text-serif-m layout-normal text-serif-m layout-padded\">Begge nekter straffskyld. L\u00f8ndal forsvares av advokat John Christian Elden.<\/p>\n<p><img decoding=\"async\" alt=\"Bilde av John-Christian Elden\" class=\"_image_148z4_25\" height=\"27\" itemprop=\"image\" loading=\"lazy\"  src=\"https:\/\/www.europesays.com\/no\/wp-content\/uploads\/2026\/04\/fcb7dafd-76a3-31c1-9abb-7e1b2a57e021.jpeg\"  width=\"40\"\/><strong class=\"_name_148z4_34 title-serif-xs\">John-Christian Elden<\/strong><\/p>\n<p class=\"_paragraph_145nj_4 text-sans-m _description_148z4_39\">Advokat<\/p>\n<p class=\"_paragraph_145nj_4 _paragraph_6fko5_10 layout-component text-serif-m layout-normal text-serif-m layout-padded\">\u2013 Det eneste sp\u00f8rsm\u00e5let er om en mindre utbetaling er gjort korrekt. Vi mener det ikke er grunnlag for siktelsen, har Elden tidligere uttalt til VG.<\/p>\n<p class=\"_paragraph_145nj_4 _paragraph_6fko5_10 layout-component text-serif-m layout-normal text-serif-m layout-padded\">\u00d8kokrim-etterforskningen g\u00e5r parallelt med den sivile tvisten om kontrakten.<\/p>\n<p class=\"_paragraph_145nj_4 _paragraph_6fko5_10 layout-component text-serif-m layout-normal text-serif-m layout-padded\">\u2013 Warmflake AS stiller seg uforst\u00e5ende til siktelsene. Det foreligger ingen mistanke mot hverken Geir L\u00f8ndal eller selskapet om noen uregelmessigheter i forbindelse med anskaffelsen, opplyser Espeland til VG.<\/p>\n<p>Direkt\u00f8r p\u00e5 hemmelig reise<\/p>\n<p class=\"_paragraph_145nj_4 _paragraph_6fko5_10 layout-component text-serif-m layout-normal text-serif-m layout-padded\">Warmflake krevde at forsvarsminister Tore O. Sandvik skulle m\u00f8te som vitne.<\/p>\n<p class=\"_paragraph_145nj_4 _paragraph_6fko5_10 layout-component text-serif-m layout-normal text-serif-m layout-padded\">Begrunnelsen fra selskapet var at anskaffelsen skal ha v\u00e6rt behandlet i Regjeringens sikkerhetsutvalg (RSU), der statsr\u00e5den deltar. Det avviste staten.<\/p>\n<p class=\"_paragraph_145nj_4 _paragraph_6fko5_10 layout-component text-serif-m layout-normal text-serif-m layout-padded\">Oslo tingrett har gitt Regjeringsadvokaten medhold.<\/p>\n<p class=\"_paragraph_145nj_4 _paragraph_6fko5_10 layout-component text-serif-m layout-normal text-serif-m layout-padded\">Retten mener en forklaring fra forsvarsministeren \u00abikke er egnet til \u00e5 styrke avgj\u00f8relsesgrunnlaget nevneverdig\u00bb.<\/p>\n<p><img decoding=\"async\" alt=\"Bilde av Tore O. Sandvik\" class=\"_image_148z4_25\" height=\"27\" itemprop=\"image\" loading=\"lazy\"  src=\"https:\/\/www.europesays.com\/no\/wp-content\/uploads\/2026\/04\/a14ccced-6f2d-380f-a5d1-3a5733132315.jpeg\"  width=\"40\"\/><strong class=\"_name_148z4_34 title-serif-xs\">Tore O. Sandvik<\/strong><\/p>\n<p class=\"_paragraph_145nj_4 text-sans-m _description_148z4_39\">Forsvarsminister<\/p>\n<p class=\"_paragraph_145nj_4 _paragraph_6fko5_10 layout-component text-serif-m layout-normal text-serif-m layout-padded\">Ogs\u00e5 direkt\u00f8r Gro J\u00e6re i Forsvarsmateriell var stevnet som vitne.<\/p>\n<p class=\"_paragraph_145nj_4 _paragraph_6fko5_10 layout-component text-serif-m layout-normal text-serif-m layout-padded\">Hun m\u00f8ter heller ikke i retten. If\u00f8lge Regjeringsadvokaten er hun p\u00e5 en tjenestereise til utlandet som det av sikkerhetsgrunner ikke opplyses n\u00e6rmere om.<\/p>\n<p class=\"_paragraph_145nj_4 _paragraph_6fko5_10 layout-component text-serif-m layout-normal text-serif-m layout-padded\">Tingretten viser i tillegg til at hun ble stevnet for sent. <\/p>\n<p>En del av Nansen-programmet<\/p>\n<p class=\"_paragraph_145nj_4 _paragraph_6fko5_10 layout-component text-serif-m layout-normal text-serif-m layout-padded\">Selskapet Warmflake ble plukket ut til \u00e5 delta i det s\u00e5kalte Nansen-programmet i fjor sommer. Nansen-programmet er Norges st\u00f8tte til Ukraina, hvor staten blant annet kj\u00f8per inn milit\u00e6rt utstyr, som s\u00e5 doneres videre til ukrainerne.<\/p>\n<p class=\"_paragraph_145nj_4 _paragraph_6fko5_10 layout-component text-serif-m layout-normal text-serif-m layout-padded\">\u2013 V\u00e5rt produkt deltok i en Nato-konkurranse om innovasjon knyttet til sanitetsprodukter i desember i fjor. Kroppsvarmeren fikk en spesiell utmerkelse av juryen, sier L\u00f8ndal til VG.<\/p>\n<p class=\"_paragraph_145nj_4 _paragraph_6fko5_10 layout-component text-serif-m layout-normal text-serif-m layout-padded\">Et annet firma som ble plukket ut til \u00e5 delta i Nansen-programmet var Watchbird.<\/p>\n<p class=\"_paragraph_145nj_4 _paragraph_6fko5_10 layout-component text-serif-m layout-normal text-serif-m layout-padded\"><a href=\"https:\/\/www.vg.no\/tag\/watchbird\" class=\"_link_145nj_39\" rel=\"nofollow noopener\" target=\"_blank\">VG <\/a>har skrevet en rekke saker om dette firmaet og masken Safegaiter som forsvarsminister Tore O Sandvik skulle kj\u00f8pe inn for 100 millioner kroner. <\/p>\n<p><img alt=\"Forsvarsminister Tore O. Sandvik (til venstre) og daglig leder i Watchbird, Rune Jomaas (til h\u00f8yre) i Arendal i augst i fjor.  Foto: Foto: Forsvarsdepartementet\" class=\"_image_jw3bv_65 layout-component layout-normal\" data-fullscreen- data-track-element-type=\"Article image fullscreen\" data-track-name=\"ImageFullscreen\" decoding=\"async\" loading=\"lazy\" height=\"1369\" itemprop=\"image\"  src=\"https:\/\/www.europesays.com\/no\/wp-content\/uploads\/2026\/04\/cbbf8057-7a3d-350a-921a-72f702d75153.jpeg\"  style=\"object-position:0% 0%\" width=\"1369\"\/>Forsvarsminister Tore O. Sandvik (til venstre) og daglig leder i Watchbird, Rune Jomaas (til h\u00f8yre) i Arendal i augst i fjor.  Foto: Foto: Forsvarsdepartementet<\/p>\n<p class=\"_paragraph_145nj_4 _paragraph_6fko5_10 layout-component text-serif-m layout-normal text-serif-m layout-padded\">Som VG tidligere har omtalt skrotet regjeringen 100-millionersavtalen. Dette skjedde i januar i \u00e5r og f\u00f8r partene hadde underskrevet en kontrakt. <\/p>\n<p class=\"_paragraph_145nj_4 _paragraph_6fko5_10 layout-component text-serif-m layout-normal text-serif-m layout-padded\">Watchbird har n\u00e5 saks\u00f8kt Forsvarsdepartementet.<\/p>\n","protected":false},"excerpt":{"rendered":"Det norske firmaet Warmflake fikk en kontrakt p\u00e5 30 millioner kroner for kroppsvarmere til ukrainske soldater. Fem dager&hellip;\n","protected":false},"author":2,"featured_media":224722,"comment_status":"","ping_status":"","sticky":false,"template":"","format":"standard","meta":{"footnotes":"","_share_on_mastodon":"0"},"categories":[10],"tags":[20,21,24,25,567,15,22,23,6353,13,30,28,29,14,16,20606,26,27],"class_list":["post-224721","post","type-post","status-publish","format-standard","has-post-thumbnail","category-norge","tag-breaking-news","tag-breakingnews","tag-featured-news","tag-featurednews","tag-forsvarsdepartementet","tag-headlines","tag-latest-news","tag-latestnews","tag-nansen-programmet","tag-news","tag-no","tag-norge","tag-norway","tag-nyheter","tag-overskrifter","tag-sikta","tag-top-stories","tag-topstories"],"share_on_mastodon":{"url":"https:\/\/pubeurope.com\/@no\/116486202344737989","error":""},"_links":{"self":[{"href":"https:\/\/www.europesays.com\/no\/wp-json\/wp\/v2\/posts\/224721","targetHints":{"allow":["GET"]}}],"collection":[{"href":"https:\/\/www.europesays.com\/no\/wp-json\/wp\/v2\/posts"}],"about":[{"href":"https:\/\/www.europesays.com\/no\/wp-json\/wp\/v2\/types\/post"}],"author":[{"embeddable":true,"href":"https:\/\/www.europesays.com\/no\/wp-json\/wp\/v2\/users\/2"}],"replies":[{"embeddable":true,"href":"https:\/\/www.europesays.com\/no\/wp-json\/wp\/v2\/comments?post=224721"}],"version-history":[{"count":0,"href":"https:\/\/www.europesays.com\/no\/wp-json\/wp\/v2\/posts\/224721\/revisions"}],"wp:featuredmedia":[{"embeddable":true,"href":"https:\/\/www.europesays.com\/no\/wp-json\/wp\/v2\/media\/224722"}],"wp:attachment":[{"href":"https:\/\/www.europesays.com\/no\/wp-json\/wp\/v2\/media?parent=224721"}],"wp:term":[{"taxonomy":"category","embeddable":true,"href":"https:\/\/www.europesays.com\/no\/wp-json\/wp\/v2\/categories?post=224721"},{"taxonomy":"post_tag","embeddable":true,"href":"https:\/\/www.europesays.com\/no\/wp-json\/wp\/v2\/tags?post=224721"}],"curies":[{"name":"wp","href":"https:\/\/api.w.org\/{rel}","templated":true}]}}