{"id":224911,"date":"2026-04-29T09:42:15","date_gmt":"2026-04-29T09:42:15","guid":{"rendered":"https:\/\/www.europesays.com\/no\/224911\/"},"modified":"2026-04-29T09:42:15","modified_gmt":"2026-04-29T09:42:15","slug":"sporlost-borte-ikke-lov","status":"publish","type":"post","link":"https:\/\/www.europesays.com\/no\/224911\/","title":{"rendered":"Sporl\u00f8st borte: &#8211; Ikke lov"},"content":{"rendered":"<p>R\u00f8d- og bl\u00e5kledde unge gutter og jenter som bader i fontener, r\u00e5kj\u00f8rer handlevogner gjennom McDonald\u2019s-drive-thru og forsvinner fnisende inn i n\u00e6rmeste busk.<\/p>\n<p>S\u00e5nn pleier det \u00e5 v\u00e6re, men i \u00e5r er russen ingen steder \u00e5 se.<\/p>\n<p> Regjeringen <a href=\"https:\/\/borsen.dagbladet.no\/nyheter\/protesterer-loser-ikke-problemet\/82791062\" rel=\"nofollow noopener\" target=\"_blank\">har flyttet avgangseksamenene til f\u00f8r 17. mai <\/a>&#8211; noe som har f\u00f8rt til at rundkj\u00f8ringer som tidligere var fulle av russ, n\u00e5 er helt tomme.<\/p>\n<p>Likevel kunne man jo tro at russen ga blanke og fyrte i gang festen uansett.<\/p>\n<p class=\"font-weight-bold m-font-weight-bold\" data-lab-font_weight=\"font-weight-bold\">Bybildet er s\u00e5 uvanlig rolig at Dagbladet m\u00e5tte finne ut hva som egentlig har skjedd.<\/p>\n<p>If\u00f8lge russepresident ved Lillesand videreg\u00e5ende skole, Anna Magdalena Mosby (18), skulle de gjerne sett ting annerledes.<\/p>\n<p>&#8211; N\u00e5r det ble snakk om \u00e5 flytte eksamen, s\u00e5 skulle vi aller helst ha flyttet alle eksamener til etter 17. mai, men n\u00e5r det n\u00e5 f\u00f8rst har blitt til f\u00f8r nasjonaldagen, synes vi det fungerer greit.<\/p>\n<p>        <img loading=\"lazy\" decoding=\"async\" src=\"https:\/\/www.europesays.com\/no\/wp-content\/uploads\/2026\/04\/84552586.webp.webp\" width=\"686\" height=\"536\" title=\"HAR SNUDD: Fra f\u00f8rst v\u00e6re \u00e5 skeptiske, kan russepresident ved Lillesand videreg\u00e5ende skole i Agder Anna Magdalena Mosby (18), n\u00e5 fortelle at de aller fleste er positive til utsatt russetid. Foto: Privat\" alt=\"\" class=\"\" style=\"--aspect-ratio-image: 1.28; \"\/><\/p>\n<p>\n        HAR SNUDD: Fra f\u00f8rst v\u00e6re \u00e5 skeptiske, kan russepresident ved Lillesand videreg\u00e5ende skole i Agder Anna Magdalena Mosby (18), n\u00e5 fortelle at de aller fleste er positive til utsatt russetid. Foto: Privat\n    <\/p>\n<p>For flinke\u00a0\t<\/p>\n<p>Er \u00e5rets russ rett og slett for \u00abflinke\u00bb? Prioriterer de skole foran fest og moro?<\/p>\n<p>Russepresidenten sier tja.<\/p>\n<p>&#8211; Det dette handler om, er at ingen i utgangspunktet \u00f8nsker \u00e5 gj\u00f8re det d\u00e5rlig p\u00e5 eksamen. N\u00e5r det da ble bestemt at alle eksamener skal gjennomf\u00f8res f\u00f8r 17. mai, vet vi jo at det blir tungt \u00e5 gjennomf\u00f8re b\u00e5de eksamen og russetid.\u00a0<\/p>\n<p>        <img loading=\"lazy\" decoding=\"async\" src=\"https:\/\/www.europesays.com\/no\/wp-content\/uploads\/2026\/04\/84555513.webp.webp\" width=\"667\" height=\"381\" title=\"DEN GANG: Russen samlet seg p\u00e5 Kadettangen i B\u00e6rum 26. april i fjor for runde to av samlingene i 2025s festsesong. I \u00e5r er det s\u00e5 godt som tyst. Foto: Javad Parsa \/ NTB\" alt=\"\" class=\"\" style=\"--aspect-ratio-image: 1.75; \"\/><\/p>\n<p>\n        DEN GANG: Russen samlet seg p\u00e5 Kadettangen i B\u00e6rum 26. april i fjor for runde to av samlingene i 2025s festsesong. I \u00e5r er det s\u00e5 godt som tyst. Foto: Javad Parsa \/ NTB\n    <\/p>\n<p>Samtidig som hun er delvis enig, m\u00e5 Mosby ogs\u00e5 innr\u00f8mme at det i starten, da det ble klart at russetida kom til \u00e5 bli flyttet, var det mange som reagerte p\u00e5 forslaget.<\/p>\n<p>&#8211; Dette bryter jo med tradisjonen som har v\u00e6rt i alle \u00e5r. Men da vi bare fikk tenkt oss litt om, inns\u00e5 vi at dette ikke er et veldig stort problem, og faktisk vil gagne oss ogs\u00e5, sier hun og forklarer videre:<\/p>\n<p>&#8211; N\u00e5 blir det b\u00e5de varmere og lysere ute, i tillegg til at vi slipper \u00e5 ha eksamensstresset hengende over oss.<\/p>\n<p class=\"font-weight-bold m-font-weight-bold\" data-lab-font_weight=\"font-weight-bold\">N\u00e5 tenker du kanskje at dette bare gjelder s\u00f8rlandsrussen, som jo kan bli beskyldt for \u00e5 komme fra en konservativ landsdel, men nei.<\/p>\n<p>Mosby f\u00e5r faktisk st\u00f8tte fra sin \u00abpresidentkollega\u00bb Anna Dybvadskog, litt lenger vest i landet.<\/p>\n<p>        <img loading=\"lazy\" decoding=\"async\" src=\"https:\/\/www.europesays.com\/no\/wp-content\/uploads\/2026\/04\/84553176.webp.webp\" width=\"686\" height=\"515\" title=\"KNUTER: Russ med massevis av knuter i russelua, er et vanlig syn p\u00e5 denne tiden av \u00e5ret. Men ikke i \u00e5r. Foto: Berit Keilen\/ NTB\" alt=\"\" class=\"\" style=\"--aspect-ratio-image: 1.33; \"\/><\/p>\n<p>\n        KNUTER: Russ med massevis av knuter i russelua, er et vanlig syn p\u00e5 denne tiden av \u00e5ret. Men ikke i \u00e5r. Foto: Berit Keilen\/ NTB\n    <\/p>\n<p>Ikke g\u00f8y \u00e5 v\u00e6re russ alene\t<\/p>\n<p>Dybvadskog er russepresident for hele Vestland fylke og mener at det \u00e5 f\u00f8lge opp dette nye regelverket om utsatt russetid kommer helt naturlig.<\/p>\n<p>&#8211; Jeg tror ikke det er noen av mine medruss som synes det hadde v\u00e6rt g\u00f8y \u00e5 v\u00e6re russ uten alle andre.<\/p>\n<p>I tillegg forteller fylkespresidenten at skolene ogs\u00e5, som en konsekvens av det nye regelverket, har kommet med egne regler for russetida.<\/p>\n<p>&#8211; Vi har ikke lov til \u00e5 ha p\u00e5 oss russebukser f\u00f8r russetida starter den 13. mai, forteller Dybvadskog.<\/p>\n<p>Hun og mange av hennes medruss tenkte nok, i likhet med Mosby, at eksamenene ideelt sett burde v\u00e6re etter 17. mai.<\/p>\n<p>&#8211; Det var nok det mange av oss alltid har tenkt, at man er russ fram til 17. mai. Men n\u00e5r vi har tenkt litt over det, s\u00e5 er dette mye mer logisk. N\u00e5 kan vi feire at vi faktisk er ferdige. Tidligere har jo feiringen p\u00e5 mange m\u00e5ter blitt tatt litt p\u00e5 forskudd, sier hun.<\/p>\n<p>    <a itemprop=\"url\" href=\"https:\/\/www.dagbladet.no\/nyheter\/blir-holdt-vaken-hele-natta\/84532523\" rel=\"nofollow noopener\" target=\"_blank\"><\/p>\n<p>        <img loading=\"lazy\" decoding=\"async\" src=\"https:\/\/www.europesays.com\/no\/wp-content\/uploads\/2026\/04\/84537873.webp.webp\" width=\"980\" height=\"441\" title=\"Blir holdt v\u00e5ken hele natta\" alt=\"\" class=\"lazyload\" style=\"--aspect-ratio-image: 2.22; \"\/><\/p>\n<p>        Blir holdt v\u00e5ken hele natta<\/p>\n<p>    <\/a><\/p>\n<p>Aktiv russetid\u00a0\t<\/p>\n<p>Men hva skjer n\u00e5r russetida faktisk starter da? Kommer vi til \u00e5 h\u00f8re noe fra russen?\u00a0<\/p>\n<p>Fra Dybvadskog kommer svaret kontant:<\/p>\n<p>&#8211; Ja, absolutt. Folk kommer til \u00e5 h\u00f8re masse fra russen. N\u00e5 blir det nok for mange ogs\u00e5 en mye mer aktiv russetid, n\u00e5r man slipper \u00e5 stresse med eksamener, sier hun.<\/p>\n<p>Ogs\u00e5 p\u00e5 S\u00f8rlandet kan Anna Magdalena Mosby love en typisk russetid fra den starter 13. mai.<\/p>\n<p>&#8211; Jeg er p\u00e5 russebussen Magakhan, sammen med en god jentegjeng som alle tror russetida kommer til \u00e5 bli veldig fin. Vi setter ogs\u00e5 pris p\u00e5 at det n\u00e5 er varmere ute, avslutter Anna Magdalena Mosby.<\/p>\n<p>        <img loading=\"lazy\" decoding=\"async\" src=\"https:\/\/www.europesays.com\/no\/wp-content\/uploads\/2026\/04\/84553194.webp.webp\" width=\"980\" height=\"559\" title=\"IKKE I \u00c5R: Heller ikke russegjenger samlet i landets parker er enda \u00e5 se s\u00e5 langt i \u00e5r. Foto: Kyrre Lien \/ NTB\" alt=\"\" class=\"\" style=\"--aspect-ratio-image: 1.75; \"\/><\/p>\n<p>\n        IKKE I \u00c5R: Heller ikke russegjenger samlet i landets parker er enda \u00e5 se s\u00e5 langt i \u00e5r. Foto: Kyrre Lien \/ NTB\n    <\/p>\n<p>&#8211; Festen etter testen\t<\/p>\n<p>Dagbladet har v\u00e6rt i kontakt med kunnskapsminister Kari Nessa Nordtun (Ap) om denne saken. Vi lurte blant annet p\u00e5 hva som er bakgrunnen for dette nye regelverket.<\/p>\n<p>I en e-post skriver statsr\u00e5den at regjeringen vil ha en eksamensavvikling etter 13 \u00e5rs skolegang hvor elevene kan konsentrere seg om eksamensforberedelser og \u00e5 prestere p\u00e5 eksamen, heller enn \u00e5 v\u00e6re travelt opptatt med russetid.<\/p>\n<p>Hun peker videre p\u00e5 det hun mener er en negativ utvikling de senere \u00e5rene.<\/p>\n<p class=\"font-weight-bold m-font-weight-bold\" data-lab-font_weight=\"font-weight-bold\">&#8211; Vi har sett russetiden utvikle seg i negativ retning. N\u00e5 legger vi til rette for en mer russefri eksamensperiode, s\u00e5 f\u00e5r festen heller komme etter testen, skriver Nessa Nordtun.<\/p>\n<p>        <img loading=\"lazy\" decoding=\"async\" itemprop=\"image\" src=\"https:\/\/www.europesays.com\/no\/wp-content\/uploads\/2026\/04\/84553092.webp.webp\" width=\"180\" height=\"180\" alt=\"Kari Nessa Nordtun\"\/><\/p>\n<p>            Kari Nessa Nordtun<br \/>\n            Kari Nessa<br \/>\n            Nordtun        <\/p>\n<p>Kunnskapsminister<\/p>\n<p>\u00abFestbrems\u00bb\u00a0\t<\/p>\n<p>N\u00e5r vi sp\u00f8r hvorfor valget falt p\u00e5 \u00e5 legge alle eksamenene f\u00f8r, og ikke etter nasjonaldagen kommer et meget tydelig svar fra skolesektorens \u00f8verste leder.<\/p>\n<p>&#8211; Skolens oppgave er ikke \u00e5 tilpasse seg russetiden. Skolen skal s\u00f8rge for mer og bedre l\u00e6ring og et godt fellesskap for alle elever. Det kommer f\u00f8rst. Alltid. Jeg er glad for at vi n\u00e5 ser ut til \u00e5 f\u00e5 en mer dempet feiring flere steder, og at elevene f\u00e5r bli ferdige med eksamen f\u00f8r de starter festen, skriver kunnskapsministeren.<\/p>\n<p>Videre skriver Nessa Nordtun at regjeringen n\u00e5 ser flere gode eksempler p\u00e5 at det skjer mye bra i hele landet, og at fra neste \u00e5r vil alle de store russetreffene v\u00e6re etter 17. mai.<\/p>\n<p>&#8211; Jeg har allerede f\u00e5tt mange gode tilbakemeldinger fra b\u00e5de ungdom og fylkeskommuner om at endringene bidrar til mer inkludering, og jeg gleder meg til \u00e5 h\u00f8re mer om dette etter russetiden, avslutter Kari Nessa Nordtun.<\/p>\n","protected":false},"excerpt":{"rendered":"R\u00f8d- og bl\u00e5kledde unge gutter og jenter som bader i fontener, r\u00e5kj\u00f8rer handlevogner gjennom McDonald\u2019s-drive-thru og forsvinner fnisende&hellip;\n","protected":false},"author":2,"featured_media":224912,"comment_status":"","ping_status":"","sticky":false,"template":"","format":"standard","meta":{"footnotes":"","_share_on_mastodon":"0"},"categories":[10],"tags":[14670,20,21,24,25,1176,15,2539,22,23,13,30,28,29,14,16,3750,5813,26,27],"class_list":["post-224911","post","type-post","status-publish","format-standard","has-post-thumbnail","category-norge","tag-17-mai","tag-breaking-news","tag-breakingnews","tag-featured-news","tag-featurednews","tag-fest","tag-headlines","tag-innenriks","tag-latest-news","tag-latestnews","tag-news","tag-no","tag-norge","tag-norway","tag-nyheter","tag-overskrifter","tag-russ","tag-russetid","tag-top-stories","tag-topstories"],"share_on_mastodon":{"url":"https:\/\/pubeurope.com\/@no\/116487346728992709","error":""},"_links":{"self":[{"href":"https:\/\/www.europesays.com\/no\/wp-json\/wp\/v2\/posts\/224911","targetHints":{"allow":["GET"]}}],"collection":[{"href":"https:\/\/www.europesays.com\/no\/wp-json\/wp\/v2\/posts"}],"about":[{"href":"https:\/\/www.europesays.com\/no\/wp-json\/wp\/v2\/types\/post"}],"author":[{"embeddable":true,"href":"https:\/\/www.europesays.com\/no\/wp-json\/wp\/v2\/users\/2"}],"replies":[{"embeddable":true,"href":"https:\/\/www.europesays.com\/no\/wp-json\/wp\/v2\/comments?post=224911"}],"version-history":[{"count":0,"href":"https:\/\/www.europesays.com\/no\/wp-json\/wp\/v2\/posts\/224911\/revisions"}],"wp:featuredmedia":[{"embeddable":true,"href":"https:\/\/www.europesays.com\/no\/wp-json\/wp\/v2\/media\/224912"}],"wp:attachment":[{"href":"https:\/\/www.europesays.com\/no\/wp-json\/wp\/v2\/media?parent=224911"}],"wp:term":[{"taxonomy":"category","embeddable":true,"href":"https:\/\/www.europesays.com\/no\/wp-json\/wp\/v2\/categories?post=224911"},{"taxonomy":"post_tag","embeddable":true,"href":"https:\/\/www.europesays.com\/no\/wp-json\/wp\/v2\/tags?post=224911"}],"curies":[{"name":"wp","href":"https:\/\/api.w.org\/{rel}","templated":true}]}}