{"id":225135,"date":"2026-04-29T13:56:19","date_gmt":"2026-04-29T13:56:19","guid":{"rendered":"https:\/\/www.europesays.com\/no\/225135\/"},"modified":"2026-04-29T13:56:19","modified_gmt":"2026-04-29T13:56:19","slug":"blir-med-i-the-white-lotus","status":"publish","type":"post","link":"https:\/\/www.europesays.com\/no\/225135\/","title":{"rendered":"Blir med i \u00abThe White Lotus\u00bb"},"content":{"rendered":"<p>    Hollywood-stjernen Helena Bonham Carter erstattes av en annen Hollywood-stjerne \u2013 Laura Dern \u2013 i den fjerde sesongen av TV-serien \u00abThe White Lotus\u00bb<\/p>\n<p>\n    Laura Dern er kjent blant annet for \u00e5 ha spilt i \u00abJurassic Park\u00bb. Her p\u00e5 premieren for filmen \u00abIs This Thing On?\u00bb i Los Angeles i desember i fjor. Foto: Chris Pizzello \/ AP \/ NTB\n  <\/p>\n<p>Karakteren skrives om for \u00e5 tilpasses Dern, if\u00f8lge\u00a0<a href=\"https:\/\/deadline.com\/2026\/04\/laura-dern-white-lotus-season-4-helena-bonham-carter-recast-1236874366\/\" target=\"_blank\" rel=\"nofollow noopener\">Deadline<\/a>. Innspillingen av den fjerde sesongen av HBO-serien p\u00e5g\u00e5r i disse dager i Frankrike.<\/p>\n<p>Laura Dern vant senest i 2020 en Oscar for beste birolle i filmen \u00abMarriage Story\u00bb.<\/p>\n<p>Hun er kjent blant annet for flere \u00abJurassic Park\u00bb-filmer og for \u00e5 ha samarbeidet tett med David Lynch. Hun har spilt i tre av hans filmer: \u00abBlue Velvet\u00bb (1986), \u00abWild At Heart\u00bb (1990) og \u00abInland Empire\u00bb (2006). Videre vant hun Emmy og Golden Globe for rollen som Renata Klein i dramaserien \u00abBig Little Lies\u00bb.<\/p>\n<p>    <a itemprop=\"url\" href=\"https:\/\/sol.no\/nyheter\/nye-detaljer\/84502608\" rel=\"nofollow noopener\" target=\"_blank\"><\/p>\n<p>        <img loading=\"lazy\" decoding=\"async\" src=\"https:\/\/www.europesays.com\/no\/wp-content\/uploads\/2026\/04\/84502688.webp.webp\" width=\"980\" height=\"441\" title=\"Nye detaljer\" alt=\"\" class=\"lazyload\" style=\"--aspect-ratio-image: 2.22; \"\/><\/p>\n<p>        Nye detaljer<\/p>\n<p>sol.no<\/p>\n<p>    <\/a><\/p>\n<p>For f\u00e5 dager siden ble det kjent at Helena Bonham Carter ikke kommer til \u00e5 dukke opp i den kommende sesongen likevel. Bare \u00e9n uke etter at filmingen av den nyeste sesongen startet, ble det kjent at stjernen trekker seg.<\/p>\n<p>En talsperson for HBO uttalte da at det ble tydelig karakteren som serieskaper Mike White hadde skrevet for henne, ikke fungerte da de kom p\u00e5 settet.<\/p>\n<p>Den kommende sesongen av \u00abThe White Lotus\u00bb vil utspille seg p\u00e5 den franske rivieraen, og i rollebesetningen finner man blant annet norske Tobias Santelmann og svenske Frida Gustavsson.<\/p>\n","protected":false},"excerpt":{"rendered":"Hollywood-stjernen Helena Bonham Carter erstattes av en annen Hollywood-stjerne \u2013 Laura Dern \u2013 i den fjerde sesongen av&hellip;\n","protected":false},"author":2,"featured_media":225136,"comment_status":"","ping_status":"","sticky":false,"template":"","format":"standard","meta":{"footnotes":"","_share_on_mastodon":"0"},"categories":[58],"tags":[71,460,410,30,28,29,14,8946,72],"class_list":["post-225135","post","type-post","status-publish","format-standard","has-post-thumbnail","category-underholdning","tag-entertainment","tag-film","tag-kultur","tag-no","tag-norge","tag-norway","tag-nyheter","tag-serie","tag-underholdning"],"share_on_mastodon":{"url":"https:\/\/pubeurope.com\/@no\/116488345174271659","error":""},"_links":{"self":[{"href":"https:\/\/www.europesays.com\/no\/wp-json\/wp\/v2\/posts\/225135","targetHints":{"allow":["GET"]}}],"collection":[{"href":"https:\/\/www.europesays.com\/no\/wp-json\/wp\/v2\/posts"}],"about":[{"href":"https:\/\/www.europesays.com\/no\/wp-json\/wp\/v2\/types\/post"}],"author":[{"embeddable":true,"href":"https:\/\/www.europesays.com\/no\/wp-json\/wp\/v2\/users\/2"}],"replies":[{"embeddable":true,"href":"https:\/\/www.europesays.com\/no\/wp-json\/wp\/v2\/comments?post=225135"}],"version-history":[{"count":0,"href":"https:\/\/www.europesays.com\/no\/wp-json\/wp\/v2\/posts\/225135\/revisions"}],"wp:featuredmedia":[{"embeddable":true,"href":"https:\/\/www.europesays.com\/no\/wp-json\/wp\/v2\/media\/225136"}],"wp:attachment":[{"href":"https:\/\/www.europesays.com\/no\/wp-json\/wp\/v2\/media?parent=225135"}],"wp:term":[{"taxonomy":"category","embeddable":true,"href":"https:\/\/www.europesays.com\/no\/wp-json\/wp\/v2\/categories?post=225135"},{"taxonomy":"post_tag","embeddable":true,"href":"https:\/\/www.europesays.com\/no\/wp-json\/wp\/v2\/tags?post=225135"}],"curies":[{"name":"wp","href":"https:\/\/api.w.org\/{rel}","templated":true}]}}