{"id":22515,"date":"2025-08-30T18:07:13","date_gmt":"2025-08-30T18:07:13","guid":{"rendered":"https:\/\/www.europesays.com\/no\/22515\/"},"modified":"2025-08-30T18:07:13","modified_gmt":"2025-08-30T18:07:13","slug":"terrorsiktede-djordje-wilms-ble-hasteflyttet-fra-valdres-til-oslo-etter-vold-og-drapstrusler","status":"publish","type":"post","link":"https:\/\/www.europesays.com\/no\/22515\/","title":{"rendered":"Terrorsiktede Djordje Wilms ble hasteflyttet fra Valdres til Oslo etter vold og drapstrusler"},"content":{"rendered":"\n<ul class=\"_list_1bvmi_3 _list_1flq1_85 _unordered_1bvmi_99 text-sans-m\">\n<li class=\"_item_1bvmi_30\">Djordje Wilms ble i 2024 hasteflyttet til Oslo etter vold mot fosterforeldrene.<\/li>\n<li class=\"_item_1bvmi_30\">Wilms er n\u00e5 siktet for drap og terrorhandling, og PST ble oppmerksomme p\u00e5 ham etter hendelsen i Valdres.<\/li>\n<li class=\"_item_1bvmi_30\">Drapet p\u00e5 Tamima Nibras Juhar skjedde mens han var under barnevernstiltak i Oslo.<\/li>\n<\/ul>\n<p>Vis mer <\/p>\n<p class=\"_paragraph_1bvmi_4 _paragraph_xtcu6_10 layout-component text-serif-m layout-normal text-serif-m layout-padded\">Hendelsen skjedde i den lille bygda i Valdres i 2024. VG har f\u00e5tt kjennskap til flere detaljer om hva som skjedde:<\/p>\n<ul class=\"_list_1bvmi_3 _list_xtcu6_9 _unordered_1bvmi_99 layout-component text-serif-m layout-normal text-serif-m layout-padded\">\n<li class=\"_item_1bvmi_30\">I samme hendelse som Djordje Wilms var voldelig mot fosterforeldrene, skal han ogs\u00e5 ha holdt en kniv og en \u00f8ks.<\/li>\n<li class=\"_item_1bvmi_30\">Han skal ogs\u00e5 ha gitt uttrykk for h\u00f8yreekstreme holdninger i forbindelse med hendelsen.<\/li>\n<li class=\"_item_1bvmi_30\">Til politiet som kom til stedet, sa Wilms at han var sint og at han ville drepe fosterforeldrene.<\/li>\n<\/ul>\n<p class=\"_paragraph_1bvmi_4 _paragraph_xtcu6_10 layout-component text-serif-m layout-normal text-serif-m layout-padded\">Senere samme dag skal han ha g\u00e5tt vekk fra denne uttalelsen.<\/p>\n<p class=\"_paragraph_1bvmi_4 _paragraph_xtcu6_10 layout-component text-serif-m layout-normal text-serif-m layout-padded\"><strong class=\"_strong_1bvmi_25\">VG er ogs\u00e5 kjent med at det er i forbindelse med denne voldshendelsen at Politiets sikkerhetstjeneste (PST) ble oppmerksomme p\u00e5 Wilms.<\/strong><\/p>\n<p class=\"_paragraph_1bvmi_4 _paragraph_xtcu6_10 layout-component text-serif-m layout-normal text-serif-m layout-padded\">Forsvarer Petter Mandt er informert om opplysningene som kommer frem i denne artikkelen. <\/p>\n<p class=\"_paragraph_1bvmi_4 _paragraph_xtcu6_10 layout-component text-serif-m layout-normal text-serif-m layout-padded\">\u2013 Jeg har ingen kommentar til dette p\u00e5 det n\u00e5v\u00e6rende tidspunkt, sier han.<\/p>\n<p><img alt=\"DREPT P\u00c5 JOBB: Tamima Nibras\u00a0Juhar\u00a0(34) var p\u00e5 jobb p\u00e5 ettervernstiltaket p\u00e5 Kampen.   Foto: Privat\" class=\"_image_qp4xg_65 layout-component layout-normal\" data-fullscreen- data-track-element-type=\"Article image fullscreen\" data-track-name=\"ImageFullscreen\" decoding=\"async\" loading=\"lazy\" height=\"796\" itemprop=\"image\"  src=\"https:\/\/www.europesays.com\/no\/wp-content\/uploads\/2025\/08\/21c90950-7739-49e1-abcb-07fb1cbfbcc9\"  style=\"object-position:0% 0%\" width=\"791\"\/>DREPT P\u00c5 JOBB: Tamima Nibras\u00a0Juhar\u00a0(34) var p\u00e5 jobb p\u00e5 ettervernstiltaket p\u00e5 Kampen.   Foto: PrivatBle flyttet til Oslo<\/p>\n<p class=\"_paragraph_1bvmi_4 _paragraph_xtcu6_10 layout-component text-serif-m layout-normal text-serif-m layout-padded\">Den alvorlige hendelsen f\u00f8rte til at Wilms ble hasteflyttet fra Hedalen til Oslo. Her fikk 16-\u00e5ringen etter hvert plass p\u00e5 et hybelhus p\u00e5 Kampen.<\/p>\n<p class=\"_paragraph_1bvmi_4 _paragraph_xtcu6_10 layout-component text-serif-m layout-normal text-serif-m layout-padded\">Hverken han selv eller fosterforeldrene \u00f8nsket at han skulle flytte tilbake, f\u00e5r VG opplyst.<\/p>\n<p class=\"_paragraph_1bvmi_4 _paragraph_xtcu6_10 layout-component text-serif-m layout-normal text-serif-m layout-padded\"><strong class=\"_strong_1bvmi_25\">Da hadde Wilms bodd i Hedalen siden han kom dit ni \u00e5r gammel i 2016.<\/strong><\/p>\n<p class=\"_paragraph_1bvmi_4 _paragraph_xtcu6_10 layout-component text-serif-m layout-normal text-serif-m layout-padded\">Halvannet \u00e5r senere <a href=\"https:\/\/www.vg.no\/nyheter\/i\/VzmzBr\/mistenkelig-doedsfall-paa-kampen-i-oslo\" data-track-element-type=\"Link\" data-track-id=\"link:VzmzBr\" class=\"_link_1bvmi_39\" rel=\"nofollow noopener\" target=\"_blank\">ble Tamima Nibras Juhar (34) knivdrept<\/a> mens hun jobbet ved barnevernstiltaket Wilms bodde p\u00e5 i Oslo. <\/p>\n<p><img decoding=\"async\" alt=\"Bilde av Petter Mandt\" class=\"_image_ygndg_42\" height=\"27\" itemprop=\"image\" loading=\"lazy\"  src=\"https:\/\/www.europesays.com\/no\/wp-content\/uploads\/2025\/08\/232b763d-a4b4-432e-9d5f-7be29d7a09c6\"  width=\"40\"\/><strong class=\"_name_ygndg_51 title-serif-xs\">Petter Mandt<\/strong><\/p>\n<p class=\"_paragraph_1bvmi_4 text-sans-m _description_ygndg_56\">Forsvareren til Djordje Wilms <\/p>\n<p class=\"_paragraph_1bvmi_4 _paragraph_xtcu6_10 layout-component text-serif-m layout-normal text-serif-m layout-padded\">Han er siktet for drap og terrorhandling. I avh\u00f8r skal han ha fortalt at handlingen var politisk motivert.<\/p>\n<p class=\"_paragraph_1bvmi_4 _paragraph_xtcu6_10 layout-component text-serif-m layout-normal text-serif-m layout-padded\">\u2013 Politiet ser p\u00e5 alt som kan kaste lys over siktedes motivasjon for drapet. I den forbindelse er det blant annet relevant \u00e5 g\u00e5 gjennom tidligere straffesaker, sier politiadvokat Oda Karterud i Oslo politidistrikt til VG.<\/p>\n<p class=\"_paragraph_1bvmi_4 _paragraph_xtcu6_10 layout-component text-serif-m layout-normal text-serif-m layout-padded\">Hun \u00f8nsker ikke \u00e5 kommentere om det n\u00e5 er aktuelt for politiet \u00e5 etterforske Wilms for volds- og trusselhendelsen mot fosterforeldrene. <\/p>\n<p class=\"_paragraph_1bvmi_4 _paragraph_xtcu6_10 layout-component text-serif-m layout-normal layout-padded\"><strong class=\"_strong_1bvmi_25\">Les ogs\u00e5:<\/strong> <a href=\"https:\/\/www.vg.no\/i\/8qgWvw\" data-track-element-type=\"Link\" data-track-id=\"link:8qgWvw\" class=\"_link_1bvmi_39\" rel=\"nofollow noopener\" target=\"_blank\">Kampen-drapet: Slik har Djordje Wilms forklart seg <\/a><\/p>\n<p>PST ble varslet<\/p>\n<p class=\"_paragraph_1bvmi_4 _paragraph_xtcu6_10 layout-component text-serif-m layout-normal text-serif-m layout-padded\">Voldshendelsen skjedde i februar 2024 \u2013 samme m\u00e5ned som PST f\u00f8rste gang ble gjort oppmerksom p\u00e5 Djordje Wilms. <\/p>\n<p class=\"_paragraph_1bvmi_4 _paragraph_xtcu6_10 layout-component text-serif-m layout-normal text-serif-m layout-padded\">De unders\u00f8kte og vurderte at han hadde h\u00f8yreekstreme holdninger, men utgjorde en lav trussel.<\/p>\n<p><img alt=\"OPPVEKST: Fra han var ni \u00e5r, bodde Djordje Wilms hos en familie i Hedalen nord for H\u00f8nefoss.  Foto: Fredrik Solstad \/ VG\" class=\"_image_qp4xg_65 layout-component layout-normal\" data-fullscreen- data-track-element-type=\"Article image fullscreen\" data-track-name=\"ImageFullscreen\" decoding=\"async\" loading=\"lazy\" height=\"3965\" itemprop=\"image\"  src=\"https:\/\/www.europesays.com\/no\/wp-content\/uploads\/2025\/08\/88997b88-ce35-466a-a609-ac8d868db75a\"  style=\"object-position:0% 0%\" width=\"5853\"\/>OPPVEKST: Fra han var ni \u00e5r, bodde Djordje Wilms hos en familie i Hedalen nord for H\u00f8nefoss.  Foto: Fredrik Solstad \/ VG<\/p>\n<p class=\"_paragraph_1bvmi_4 _paragraph_xtcu6_10 layout-component text-serif-m layout-normal text-serif-m layout-padded\">Etter at Wilms ble hasteflyttet til Oslo, bodde han en snau m\u00e5ned ved en akuttplasseringakuttplasseringEn midlertidig plassering av barn eller ungdom i en krisesituasjon, ofte i en institusjon, for \u00e5 sikre deres sikkerhet og velferd.. <\/p>\n<p class=\"_paragraph_1bvmi_4 _paragraph_xtcu6_10 layout-component text-serif-m layout-normal text-serif-m layout-padded\">I midten av mars 2024 flyttet han til det privatdrevne barnevernstiltaket p\u00e5 Kampen, <a href=\"https:\/\/www.vg.no\/i\/W0Ea2Q\" data-track-element-type=\"Link\" data-track-id=\"link:W0Ea2Q\" class=\"_link_1bvmi_39\" rel=\"nofollow noopener\" target=\"_blank\">drevet av Gemt AS<\/a>. <\/p>\n<p class=\"_paragraph_1bvmi_4 _paragraph_xtcu6_10 layout-component text-serif-m layout-normal text-serif-m layout-padded\">Wilms skal ha gitt uttrykk for at han ikke f\u00f8lte seg s\u00e6rlig sint etter flyttingen til Oslo. Han skal ogs\u00e5 ha fortalt at han trivdes og \u00f8nsket \u00e5 fortsette \u00e5 bo i tiltaksboligen p\u00e5 Kampen. <\/p>\n<p class=\"_paragraph_1bvmi_4 _paragraph_xtcu6_10 layout-component text-serif-m layout-normal text-serif-m layout-padded\">Det var der Tamima Nibras Juhar ble drept natt til s\u00f8ndag forrige uke.<\/p>\n<p><img alt=\"BLOMSTERHAV: S\u00f8rgende la ned blomster utenfor hybelhuset p\u00e5 Kampen i Oslo, der Juhar ble drept.  Foto: Gisle Oddstad \/ VG\" class=\"_image_qp4xg_65 layout-component layout-normal\" data-fullscreen- data-track-element-type=\"Article image fullscreen\" data-track-name=\"ImageFullscreen\" decoding=\"async\" loading=\"lazy\" height=\"5464\" itemprop=\"image\"  src=\"https:\/\/www.europesays.com\/no\/wp-content\/uploads\/2025\/08\/afe9e1a6-1a92-4743-9606-23b6d2330196\"  style=\"object-position:0% 0%\" width=\"8192\"\/>BLOMSTERHAV: S\u00f8rgende la ned blomster utenfor hybelhuset p\u00e5 Kampen i Oslo, der Juhar ble drept.  Foto: Gisle Oddstad \/ VG<\/p>\n<p class=\"_paragraph_1bvmi_4 _paragraph_xtcu6_10 layout-component text-serif-m layout-normal text-serif-m layout-padded\">Wilms har <a href=\"https:\/\/www.vg.no\/i\/8qgWvw\" data-track-element-type=\"Link\" data-track-id=\"link:8qgWvw\" class=\"_link_1bvmi_39\" rel=\"nofollow noopener\" target=\"_blank\">if\u00f8lge forsvarerforsvarerEn advokat som representerer og gir juridisk bistand til en person som er siktet eller tiltalt i en straffesak. Petter Mandt vedkjent seg drapshandlingen<\/a>, men erkjenner ikke straffskyld. <\/p>\n<p>Opptatt av biologisk opphav<\/p>\n<p class=\"_paragraph_1bvmi_4 _paragraph_xtcu6_10 layout-component text-serif-m layout-normal text-serif-m layout-padded\">Etter at han ble flyttet til Oslo, begynte Wilms p\u00e5 videreg\u00e5ende skole i byen.<\/p>\n<p class=\"_paragraph_1bvmi_4 _paragraph_xtcu6_10 layout-component text-serif-m layout-normal text-serif-m layout-padded\"><strong class=\"_strong_1bvmi_25\">Wilms ga uttrykk for at han var helt ferdig med Valdres, f\u00e5r VG opplyst. <\/strong><\/p>\n<p class=\"_paragraph_1bvmi_4 _paragraph_xtcu6_10 layout-component text-serif-m layout-normal text-serif-m layout-padded\">Han savnet ikke vennene derfra, og heller ikke fosterhjemmet. <\/p>\n<p class=\"_paragraph_1bvmi_4 _paragraph_xtcu6_10 layout-component text-serif-m layout-normal text-serif-m layout-padded\">Han skal ha forklart at han ikke syntes at han passet inn i Valdres \u2013 og han syntes det var vanskelig \u00e5 v\u00e6re fosterbarn. <\/p>\n<p class=\"_paragraph_1bvmi_4 _paragraph_xtcu6_10 layout-component text-serif-m layout-normal text-serif-m layout-padded\">If\u00f8lge VGs opplysninger skal Wilms ha blitt opptatt av sitt biologiske opphav, og f\u00f8lelser knyttet til dette kunne f\u00f8re til raseriutbrudd og utagering. <\/p>\n<p class=\"_paragraph_1bvmi_4 _paragraph_xtcu6_10 layout-component text-serif-m layout-normal text-serif-m layout-padded\">Slik det gjorde den siste februardagen hos fosterforeldrene.<\/p>\n<p>Truet ansatt i barnevernet<\/p>\n<p class=\"_paragraph_1bvmi_4 _paragraph_xtcu6_10 layout-component text-serif-m layout-normal text-serif-m layout-padded\">Barnevernet overtok omsorgen for Wilms da han var ni \u00e5r gammel. Kort tid etter fikk han fosterforeldre med bosted i Hedalen.<\/p>\n<p class=\"_paragraph_1bvmi_4 _paragraph_xtcu6_10 layout-component text-serif-m layout-normal text-serif-m layout-padded\">Sent i 2024 skal Wilms ha truet en barnevernsansatt i Oslo, opplyser politiadvokatpolitiadvokatEn jurist som jobber for politiet og har ansvar for \u00e5 lede etterforskningen og f\u00f8re saker for retten. Oda Karterud. <\/p>\n<p class=\"_paragraph_1bvmi_4 _paragraph_xtcu6_10 layout-component text-serif-m layout-normal text-serif-m layout-padded\"><strong class=\"_strong_1bvmi_25\">Denne hendelsen ble f\u00f8rst anmeldt til politiet i mars 2025, samme m\u00e5ned som Wilms ble medlem av <a href=\"https:\/\/www.vg.no\/i\/mPkMEO\" data-track-element-type=\"Link\" data-track-id=\"link:mPkMEO\" class=\"_link_1bvmi_39\" rel=\"nofollow noopener\" target=\"_blank\">chattegruppen til det h\u00f8yreekstreme partiet Alliansen<\/a>.<\/strong><\/p>\n<p class=\"_paragraph_1bvmi_4 _paragraph_xtcu6_10 layout-component text-serif-m layout-normal text-serif-m layout-padded\">If\u00f8lge politiet har det gjennom v\u00e5ren og sommeren v\u00e6rt \u00f8kt bekymring for radikaliseringradikaliseringProsessen der en person i \u00f8kende grad aksepterer ekstreme ideologier og kan bli villig til \u00e5 bruke vold for \u00e5 fremme disse. etter at det ble registrert ekstreme holdninger og uttalelser fra 18-\u00e5ringen. <\/p>\n<p>Dette visste politiet:<\/p>\n<ul class=\"_list_1bvmi_3 _list_xtcu6_9 _list_16v91_9 _unordered_1bvmi_99 layout-component text-serif-m layout-normal text-sans-m layout-padded\">\n<li class=\"_item_1bvmi_30\"><strong class=\"_strong_1bvmi_25\">Februar 2024: <\/strong>Politiets sikkerhetstjeneste (PST) ble oppmerksomme p\u00e5 Djordje Wilms for f\u00f8rste gang. Etter videre unders\u00f8kelser vurderte PST at han hadde h\u00f8yreekstreme holdninger, men utgjorde en lav trussel.<\/li>\n<li class=\"_item_1bvmi_30\"><strong class=\"_strong_1bvmi_25\">Januar 2025: <\/strong>PST gjorde en ny vurdering av Wilms internt fordi de har rutinemessig gjennomgang av flere personer i sine systemer. Godt over 3000 personer er i samme kategori som 18-\u00e5ringen. PST hadde ikke f\u00e5tt noen ny informasjon om ham siden sist og vurderingen var fortsatt at han ikke utgjorde noen alvorlig trussel.<\/li>\n<li class=\"_item_1bvmi_30\"><strong class=\"_strong_1bvmi_25\">Mars 2025: <\/strong>Djordje Wilms blir anmeldt for trusler mot en ansatt i barnevernet i Oslo, selve hendelsen skal ha funnet sted mot slutten av 2024.<\/li>\n<li class=\"_item_1bvmi_30\"><strong class=\"_strong_1bvmi_25\">Midten av mars 2025: <\/strong>Oslo-politiet mottok informasjon om Wilms p\u00e5 et tverrfaglig m\u00f8te med kommunen, barnevernet og institusjonen som han bodde p\u00e5. Situasjonen ble vurdert som bekymringsverdig, men ikke akutt. Bekymringen handlet om h\u00f8yreekstremt tankegods.<\/li>\n<li class=\"_item_1bvmi_30\"><strong class=\"_strong_1bvmi_25\">April 2025: <\/strong>Oslo-politiet delte sin bekymring med PST. Den gikk ut p\u00e5 at han hadde h\u00f8yreekstreme holdninger. Det samsvarte med tidligere informasjon, og endret ikke PSTs vurdering av ham.<\/li>\n<li class=\"_item_1bvmi_30\"><strong class=\"_strong_1bvmi_25\">Sensommeren 2025: <\/strong>Mens bekymringene knyttet til Wilms ble redusert hos Oslo-politiet i juni, tok de seg n\u00e5 opp igjen. Da ble det laget en plan for ungdomsoppf\u00f8lging som den siktede samtykket til.<\/li>\n<li class=\"_item_1bvmi_30\"><strong class=\"_strong_1bvmi_25\">Sensommeren 2025: <\/strong>PST delte informasjon med Oslo-politiet der Wilms igjen ble et tema. Det endte med at 18-\u00e5ringen ble \u00e9n av flere det var bekymring rundt som skulle v\u00e6re tema p\u00e5 det neste, faste samarbeidsm\u00f8tet mellom Oslo-politiet og PST. Dette m\u00f8tet fant ikke sted f\u00f8r drapet skjedde.<\/li>\n<\/ul>\n<p>Vis merOppf\u00f8lging skulle starte n\u00e5<\/p>\n<p class=\"_paragraph_1bvmi_4 _paragraph_xtcu6_10 layout-component text-serif-m layout-normal text-serif-m layout-padded\">Trusselsaken mot den barnevernsansatte ble avgjort med s\u00e5kalt ungdomsoppf\u00f8lging \u2013 en straffereaksjon som inneb\u00e6rer tett oppf\u00f8lging og ulike tiltak for \u00e5 forhindre ny kriminalitet.<\/p>\n<p class=\"_paragraph_1bvmi_4 _paragraph_xtcu6_10 layout-component text-serif-m layout-normal text-serif-m layout-padded\">Wilms skal ha samtykket til oppf\u00f8lgingsplanen, og if\u00f8lge politiet skulle <a href=\"https:\/\/www.vg.no\/nyheter\/i\/73ejg3\/drapssiktet-skulle-begynt-ungdomsoppfoelging-denne-uken\" data-track-element-type=\"Link\" data-track-id=\"link:73ejg3\" class=\"_link_1bvmi_39\" rel=\"nofollow noopener\" target=\"_blank\">oppf\u00f8lgingen ha startet opp denne uken<\/a>. <\/p>\n<p class=\"_paragraph_1bvmi_4 _paragraph_xtcu6_10 layout-component text-serif-m layout-normal text-serif-m layout-padded\">Natt til s\u00f8ndag skjedde drapet. Og det har senere kommet frem at Tamima Nibras Juhar hadde uttrykt uro over \u00e5 g\u00e5 p\u00e5 jobb og <a href=\"https:\/\/www.vg.no\/nyheter\/i\/dRXGbj\/bestevenninnen-om-tamima-hun-fikk-en-trussel-om-at-hun-skulle-bli-drept\" data-track-element-type=\"Link\" data-track-id=\"link:dRXGbj\" class=\"_link_1bvmi_39\" rel=\"nofollow noopener\" target=\"_blank\">f\u00f8lt seg truet av Wilms<\/a>. <\/p>\n<p><img decoding=\"async\" alt=\"Bilde av Oda Karterud\" class=\"_image_ygndg_42\" height=\"51\" itemprop=\"image\" loading=\"lazy\"  src=\"https:\/\/www.europesays.com\/no\/wp-content\/uploads\/2025\/08\/4042ef94-9e4e-4ca6-acdc-f2f3803f1d39\"  width=\"40\"\/><strong class=\"_name_ygndg_51 title-serif-xs\">Oda Karterud<\/strong><\/p>\n<p class=\"_paragraph_1bvmi_4 text-sans-m _description_ygndg_56\">Politiadvokat i Oslo politidistrikt<\/p>\n<p class=\"_paragraph_1bvmi_4 _paragraph_xtcu6_10 layout-component text-serif-m layout-normal text-serif-m layout-padded\">Det er forel\u00f8pig ikke klart om Gemt kjente til bekymringen. 34-\u00e5ringen var alene p\u00e5 jobb da drapet skjedde. <\/p>\n<p class=\"_paragraph_1bvmi_4 _paragraph_xtcu6_10 layout-component text-serif-m layout-normal text-serif-m layout-padded\"><strong class=\"_strong_1bvmi_25\">\u2013 Ser politiet noen sammenheng mellom den planlagte oppf\u00f8lgingen som skulle starte opp denne uken og drapet som skjedde natt til s\u00f8ndag?<\/strong><\/p>\n<p class=\"_paragraph_1bvmi_4 _paragraph_xtcu6_10 layout-component text-serif-m layout-normal text-serif-m layout-padded\">\u2013 Siktedes motivasjon for drapet er et sentralt tema for etterforskningen som n\u00e5 p\u00e5g\u00e5r. Vi jobber med \u00e5 innhente og gjennomg\u00e5 informasjon som kan kaste lys over dette. Vi er fortsatt tidlig i etterforskningen, og det er for tidlig \u00e5 si noe mer om bakgrunnen for drapet n\u00e5, sier Karterud.<\/p>\n<p>    <img decoding=\"async\" alt=\"Tips oss illustrasjon\" width=\"62px\" height=\"auto\" src=\"https:\/\/www.europesays.com\/no\/wp-content\/uploads\/2025\/08\/1754784428_95_W9avJzE.png\"\/>    <\/p>\n<p class=\"title-serif-s\">Har du tips til oss?<\/p>\n<p class=\"text-sans-m\">Send oss informasjon, bilder eller video<\/p>\n<p>  <a href=\"https:\/\/www.vg.no\/tips-oss\" rel=\"nofollow noopener\" target=\"_blank\"> Tips oss <\/a>      <\/p>\n","protected":false},"excerpt":{"rendered":"Djordje Wilms ble i 2024 hasteflyttet til Oslo etter vold mot fosterforeldrene. Wilms er n\u00e5 siktet for drap&hellip;\n","protected":false},"author":2,"featured_media":22516,"comment_status":"","ping_status":"","sticky":false,"template":"","format":"standard","meta":{"footnotes":""},"categories":[10],"tags":[3730,20,21,2320,3118,24,25,15,22,23,13,30,28,29,14,636,16,26,27,1646],"class_list":{"0":"post-22515","1":"post","2":"type-post","3":"status-publish","4":"format-standard","5":"has-post-thumbnail","7":"category-norge","8":"tag-barnevernet","9":"tag-breaking-news","10":"tag-breakingnews","11":"tag-drap-i-norge","12":"tag-drapet-pa-kampen","13":"tag-featured-news","14":"tag-featurednews","15":"tag-headlines","16":"tag-latest-news","17":"tag-latestnews","18":"tag-news","19":"tag-no","20":"tag-norge","21":"tag-norway","22":"tag-nyheter","23":"tag-oslo","24":"tag-overskrifter","25":"tag-top-stories","26":"tag-topstories","27":"tag-valdres"},"share_on_mastodon":{"url":"","error":""},"_links":{"self":[{"href":"https:\/\/www.europesays.com\/no\/wp-json\/wp\/v2\/posts\/22515","targetHints":{"allow":["GET"]}}],"collection":[{"href":"https:\/\/www.europesays.com\/no\/wp-json\/wp\/v2\/posts"}],"about":[{"href":"https:\/\/www.europesays.com\/no\/wp-json\/wp\/v2\/types\/post"}],"author":[{"embeddable":true,"href":"https:\/\/www.europesays.com\/no\/wp-json\/wp\/v2\/users\/2"}],"replies":[{"embeddable":true,"href":"https:\/\/www.europesays.com\/no\/wp-json\/wp\/v2\/comments?post=22515"}],"version-history":[{"count":0,"href":"https:\/\/www.europesays.com\/no\/wp-json\/wp\/v2\/posts\/22515\/revisions"}],"wp:featuredmedia":[{"embeddable":true,"href":"https:\/\/www.europesays.com\/no\/wp-json\/wp\/v2\/media\/22516"}],"wp:attachment":[{"href":"https:\/\/www.europesays.com\/no\/wp-json\/wp\/v2\/media?parent=22515"}],"wp:term":[{"taxonomy":"category","embeddable":true,"href":"https:\/\/www.europesays.com\/no\/wp-json\/wp\/v2\/categories?post=22515"},{"taxonomy":"post_tag","embeddable":true,"href":"https:\/\/www.europesays.com\/no\/wp-json\/wp\/v2\/tags?post=22515"}],"curies":[{"name":"wp","href":"https:\/\/api.w.org\/{rel}","templated":true}]}}