{"id":22564,"date":"2025-08-30T19:22:51","date_gmt":"2025-08-30T19:22:51","guid":{"rendered":"https:\/\/www.europesays.com\/no\/22564\/"},"modified":"2025-08-30T19:22:51","modified_gmt":"2025-08-30T19:22:51","slug":"hun-har-tatt-helt-av-i-sommer-dette-blir-ida-lovas-forste-konsert-i-trondelag","status":"publish","type":"post","link":"https:\/\/www.europesays.com\/no\/22564\/","title":{"rendered":"Hun har tatt helt av i sommer &#8211; dette blir Ida-Lovas f\u00f8rste konsert i Tr\u00f8ndelag"},"content":{"rendered":"<p>\u2013 Jeg er veldig spent, litt nerv\u00f8s, men det blir veldig bra, forteller hun til Trdby noen timer f\u00f8r konsertstart.<\/p>\n<p>Ida-Lova spiller p\u00e5 Festningen klokken 16.35 l\u00f8rdag.<\/p>\n<p>I sommer sprang Ida-Lova helt til topps p\u00e5 listene i b\u00e5de Norge og Sverige med l\u00e5ten \u00abSvagare \u00e4n jag\u00bb. L\u00e5ten har siden den ble gitt ut i april f\u00e5tt over 20 millioner avspillinger p\u00e5 Spotify og har blitt brukt i over 23 000 videoer p\u00e5 Tiktok.<\/p>\n<p><img decoding=\"async\" src=\"data:image\/gif;base64,R0lGODlhEAAJAIAAAP\/\/\/wAAACH5BAEAAAAALAAAAAAQAAkAAAIKhI+py+0Po5yUFQA7\" alt=\"\"\/><br \/>\n  Ida-Lova har laget musikk i mange \u00e5r, men det var i sommer det hele virkelig tok av.<br \/>\n  <strong>Foto:<\/strong> Lisa Pedersen \/ Adresseavisen<a href=\"https:\/\/trdby.adressa.no\/kultur\/i\/0VmkmM\/dette-kan-du-finne-paa-festivalomraadet-i-aar\" rel=\"nofollow noopener\" target=\"_blank\"> <img decoding=\"async\" src=\"data:image\/gif;base64,R0lGODlhEAAJAIAAAP\/\/\/wAAACH5BAEAAAAALAAAAAAQAAkAAAIKhI+py+0Po5yUFQA7\" alt=\"\"\/>   Dette kan du finne p\u00e5 festivalomr\u00e5det i \u00e5r  <\/a> \u2013 Jeg h\u00e5per folk kjenner l\u00e5tene<\/p>\n<p>Etter suksessen har Ida-Lova spilt p\u00e5 blant annet Slottsfjell og VG-lista.<\/p>\n<p>Hun blir den tredje artisten som spiller p\u00e5 Festningen l\u00f8rdag, etter Anakin Justin og Delara.<\/p>\n<p>\u2013 Jeg h\u00e5per folk kjenner l\u00e5tene mine, og at publikum er kule og danser. Vi avslutter konserten med god fart og tr\u00f8kk, jeg h\u00e5per folk sl\u00e5r seg litt l\u00f8s.<\/p>\n<p>Selv om 14 000 publikummere er mange, har hun allerede spilt for flere tidligere i sommer.<\/p>\n<p><strong>\u2013 Er det bedre \u00e5 spille foran st\u00f8rre publikum?<\/strong><\/p>\n<p>\u2013 Mye, mye, mye bedre. Det er veldig skummelt n\u00e5r det er f\u00e5, det blir s\u00e5 intimt. Jeg pr\u00f8ver \u00e5 se p\u00e5 ansiktene til folk n\u00e5r jeg spiller, men n\u00e5r det er en mindre mengde blir det for mye.<\/p>\n<p><img decoding=\"async\" src=\"data:image\/gif;base64,R0lGODlhEAAJAIAAAP\/\/\/wAAACH5BAEAAAAALAAAAAAQAAkAAAIKhI+py+0Po5yUFQA7\" alt=\"\"\/><br \/>\n  Hun forteller at hun gledes over \u00e5 kunne h\u00f8re s\u00e5 mange norske artister hun ikke har h\u00f8rt f\u00f8r.<br \/>\n  <strong>Foto:<\/strong> Lisa Pedersen \/ Adresseavisen<a href=\"https:\/\/trdby.adressa.no\/kultur\/i\/OovqGb\/artist-avlyser-dagen-foer-festivalen\" rel=\"nofollow noopener\" target=\"_blank\"> <img decoding=\"async\" src=\"data:image\/gif;base64,R0lGODlhEAAJAIAAAP\/\/\/wAAACH5BAEAAAAALAAAAAAQAAkAAAIKhI+py+0Po5yUFQA7\" alt=\"\"\/>   Artist avlyser dagen f\u00f8r festivalen  <\/a> Norske er bedre enn svenske<\/p>\n<p>P\u00e5 hennes f\u00f8rste bes\u00f8k i Trondheim er det dessverre lite tid til \u00e5 se seg rundt.<\/p>\n<p>\u2013 Jeg gikk en kort tur i byen tidligere, vi gikk blant annet over en sykt fin bru. Jeg skulle gjerne v\u00e6rt her litt mer, men jeg reiser veldig tidlig i morgen, s\u00e5 det blir lite tid til sightseeing.<\/p>\n<p><strong>\u2013 Hva syns du om nordmenn opp mot svensker?<\/strong><\/p>\n<p>\u2013 Jeg har snakket med en del norske artister, som mener det er mer fart i svensk publikum, men jeg synes egentlig det er motsatt. Det har v\u00e6rt helt herlig n\u00e5r jeg har spilt her, smiler artisten.<\/p>\n<p><a href=\"https:\/\/trdby.adressa.no\/aktuelt\/i\/zAng3q\/brukt-opp-hele-stipendet-i-fadderuka-her-er-ni-tips-til-deg\" rel=\"nofollow noopener\" target=\"_blank\"> <img decoding=\"async\" src=\"data:image\/gif;base64,R0lGODlhEAAJAIAAAP\/\/\/wAAACH5BAEAAAAALAAAAAAQAAkAAAIKhI+py+0Po5yUFQA7\" alt=\"\"\/>   Brukt opp hele stipendet i fadderuka? Her er ni tips til deg  <\/a> <\/p>\n","protected":false},"excerpt":{"rendered":"\u2013 Jeg er veldig spent, litt nerv\u00f8s, men det blir veldig bra, forteller hun til Trdby noen timer&hellip;\n","protected":false},"author":2,"featured_media":22565,"comment_status":"","ping_status":"","sticky":false,"template":"","format":"standard","meta":{"footnotes":""},"categories":[58],"tags":[71,1174,3618,221,30,28,29,251,72],"class_list":{"0":"post-22564","1":"post","2":"type-post","3":"status-publish","4":"format-standard","5":"has-post-thumbnail","7":"category-underholdning","8":"tag-entertainment","9":"tag-festningen","10":"tag-ida-lova","11":"tag-musikk","12":"tag-no","13":"tag-norge","14":"tag-norway","15":"tag-spotify","16":"tag-underholdning"},"share_on_mastodon":{"url":"","error":""},"_links":{"self":[{"href":"https:\/\/www.europesays.com\/no\/wp-json\/wp\/v2\/posts\/22564","targetHints":{"allow":["GET"]}}],"collection":[{"href":"https:\/\/www.europesays.com\/no\/wp-json\/wp\/v2\/posts"}],"about":[{"href":"https:\/\/www.europesays.com\/no\/wp-json\/wp\/v2\/types\/post"}],"author":[{"embeddable":true,"href":"https:\/\/www.europesays.com\/no\/wp-json\/wp\/v2\/users\/2"}],"replies":[{"embeddable":true,"href":"https:\/\/www.europesays.com\/no\/wp-json\/wp\/v2\/comments?post=22564"}],"version-history":[{"count":0,"href":"https:\/\/www.europesays.com\/no\/wp-json\/wp\/v2\/posts\/22564\/revisions"}],"wp:featuredmedia":[{"embeddable":true,"href":"https:\/\/www.europesays.com\/no\/wp-json\/wp\/v2\/media\/22565"}],"wp:attachment":[{"href":"https:\/\/www.europesays.com\/no\/wp-json\/wp\/v2\/media?parent=22564"}],"wp:term":[{"taxonomy":"category","embeddable":true,"href":"https:\/\/www.europesays.com\/no\/wp-json\/wp\/v2\/categories?post=22564"},{"taxonomy":"post_tag","embeddable":true,"href":"https:\/\/www.europesays.com\/no\/wp-json\/wp\/v2\/tags?post=22564"}],"curies":[{"name":"wp","href":"https:\/\/api.w.org\/{rel}","templated":true}]}}