{"id":22580,"date":"2025-08-30T19:53:40","date_gmt":"2025-08-30T19:53:40","guid":{"rendered":"https:\/\/www.europesays.com\/no\/22580\/"},"modified":"2025-08-30T19:53:40","modified_gmt":"2025-08-30T19:53:40","slug":"hoiby-ville-ikke-at-haukland-skulle-delta-i-tv-programmer","status":"publish","type":"post","link":"https:\/\/www.europesays.com\/no\/22580\/","title":{"rendered":"H\u00f8iby ville ikke at Haukland skulle delta i TV-programmer"},"content":{"rendered":"\n<ul class=\"_list_1bvmi_3 _list_1flq1_85 _unordered_1bvmi_99 text-sans-m\">\n<li class=\"_item_1bvmi_30\">Marius Borg H\u00f8iby, s\u00f8nn av kronprinsesse Mette-Marit, st\u00e5r tiltalt for 32 lovbrudd, inkludert fire voldtekter.<\/li>\n<li class=\"_item_1bvmi_30\">H\u00f8iby har i avh\u00f8r sagt at han ikke \u00f8nsket at ekskj\u00e6resten Nora Haukland skulle delta i flere realityserier.<\/li>\n<li class=\"_item_1bvmi_30\">If\u00f8lge tiltalen skal H\u00f8iby ha presset Haukland til \u00e5 gi fra seg jobboppdrag og mishandlet henne b\u00e5de fysisk og psykisk.<\/li>\n<\/ul>\n<p>Vis mer <\/p>\n<p class=\"_paragraph_1bvmi_4 _paragraph_xtcu6_10 layout-component text-serif-m layout-normal text-serif-m layout-padded\">Det f\u00e5r VG opplyst. <\/p>\n<p class=\"_paragraph_1bvmi_4 _paragraph_xtcu6_10 layout-component text-serif-m layout-normal text-serif-m layout-padded\">Etter det VG kjenner til har kronprinsessens s\u00f8nn forklart at han ikke \u00f8nsket oppmerksomhet rundt sin egen person eller bli brukt i sosiale medier \u2013 blant annet p\u00e5 grunn av familien sin.<\/p>\n<p class=\"_paragraph_1bvmi_4 _paragraph_xtcu6_10 layout-component text-serif-m layout-normal text-serif-m layout-padded\">If\u00f8lge tiltalen presset kronprinsesse Mette-Marits s\u00f8nn <a href=\"https:\/\/www.vg.no\/tag\/nora-haukland?utm_source=vg-article&amp;utm_medium=auto-tagger&amp;utm_campaign=5Exepm\" class=\"_link_1bvmi_39\" rel=\"nofollow noopener\" target=\"_blank\">Nora Haukland<\/a> til \u00e5 gi fra seg jobboppdrag.<\/p>\n<p class=\"_paragraph_1bvmi_4 _paragraph_xtcu6_10 layout-component text-serif-m layout-normal text-serif-m layout-padded\">Det er uklart for VG hvilke jobboppdrag tiltalen sikter til.<\/p>\n<p class=\"_paragraph_1bvmi_4 _paragraph_xtcu6_10 layout-component text-serif-m layout-normal text-serif-m layout-padded\">VG er imidlertid kjent med at Marius Borg H\u00f8iby har forklart seg om en rekke TV-serier som Haukland enten har deltatt i eller vurderte \u00e5 delta i \u2013 som han skal ha v\u00e6rt skeptisk til.<\/p>\n<p class=\"_paragraph_1bvmi_4 _paragraph_xtcu6_10 layout-component text-serif-m layout-normal text-serif-m layout-padded\">H\u00f8iby st\u00e5r <a href=\"https:\/\/www.vg.no\/rampelys\/i\/wgWo1o\/hoeiby-saken-innkalling-til-presseorientering-om-avgjoerelse-av-tiltalespoersmaal\" data-track-element-type=\"Link\" data-track-id=\"link:wgWo1o\" class=\"_link_1bvmi_39\" rel=\"nofollow noopener\" target=\"_blank\">tiltalt for 32 lovbrudd<\/a>, inkludert fire voldtekter, mishandling i n\u00e6re relasjoner mot Haukland, flere voldshendelser og for \u00e5 ha filmet underlivet til en rekke kvinner uten deres viten eller samtykke.<\/p>\n<p><img decoding=\"async\" alt=\"Bilde av Marius Borg H\u00f8iby\" class=\"_image_ygndg_42\" height=\"31\" itemprop=\"image\" loading=\"lazy\"  src=\"https:\/\/akamai.vgc.no\/v2\/images\/66506e57-9eac-4efb-9cee-af22c6ee3cfd?format=auto&amp;w=40&amp;s=04bd1e75550adf7945acb2dccb3ec054794d3a36\"  width=\"40\"\/><strong class=\"_name_ygndg_51 title-serif-xs\">Marius Borg H\u00f8iby<\/strong><\/p>\n<p class=\"_paragraph_1bvmi_4 text-sans-m _description_ygndg_56\">Kronprinsesse Mette-Marits s\u00f8nn<\/p>\n<p class=\"_paragraph_1bvmi_4 _paragraph_xtcu6_10 layout-component text-serif-m layout-normal text-serif-m layout-padded\">Han nekter straffskyld for de mest alvorlige punktene \u2013 blant annet fire voldtekter, mishandling i n\u00e6re relasjoner og seksuelle krenkelser, if\u00f8lge hans forsvarere Petar Sekulic og Ellen Holager Anden\u00e6s.<\/p>\n<p class=\"_paragraph_1bvmi_4 _paragraph_xtcu6_10 layout-component text-serif-m layout-normal text-serif-m layout-padded\"><strong class=\"_strong_1bvmi_25\">Forsvarerne \u00f8nsker ikke \u00e5 kommentere opplysningene som kommer frem i denne saken.<\/strong><\/p>\n<p>Skal ha stilt ultimatium<\/p>\n<p class=\"_paragraph_1bvmi_4 _paragraph_xtcu6_10 layout-component text-serif-m layout-normal text-serif-m layout-padded\">Nora Haukland og Marius Borg H\u00f8iby var et par i et dr\u00f8yt \u00e5r fra v\u00e5ren 2022. Han er tiltalt for mishandling av henne fra sommeren 2022 til h\u00f8sten 2023. <\/p>\n<p class=\"_paragraph_1bvmi_4 _paragraph_xtcu6_10 layout-component text-serif-m layout-normal text-serif-m layout-padded\">If\u00f8lge VGs opplysninger skal det ha v\u00e6rt snakk om hvorvidt Haukland skulle v\u00e6re med p\u00e5 \u00abGood Luck Guys\u00bb p\u00e5 Prime Video mens hun var sammen med H\u00f8iby. I programmet konkurrerer kjendispar mot hverandre i kummerlige k\u00e5r. <\/p>\n<p class=\"_paragraph_1bvmi_4 _paragraph_xtcu6_10 layout-component text-serif-m layout-normal text-serif-m layout-padded\">VG er kjent med at H\u00f8iby i avh\u00f8r har forklart at han ikke ville hun skulle v\u00e6re med der. Han skal ogs\u00e5 ha sagt at han ville gj\u00f8re det slutt om hun takket ja.<\/p>\n<p class=\"_paragraph_1bvmi_4 _paragraph_xtcu6_10 layout-component text-serif-m layout-normal text-serif-m layout-padded\">Haukland ble aldri med i dette realityprogrammet. <\/p>\n<p class=\"_paragraph_1bvmi_4 _paragraph_xtcu6_10 layout-component text-serif-m layout-normal text-serif-m layout-padded\">\u2013 Vi \u00f8nsker ikke \u00e5 kommentere eventuelle opplysninger om innholdet i etterforskningen f\u00f8r saken skal opp i retten, sier Hauklands bistandsadvokat, Heidi Reisvang, til VG.<\/p>\n<p class=\"_paragraph_1bvmi_4 _paragraph_xtcu6_10 layout-component text-serif-m layout-normal text-serif-m layout-padded\">VG er ogs\u00e5 kjent med at Haukland skal ha uttrykt interesse for \u00e5 v\u00e6re med p\u00e5 \u00abFarmen\u00bb. If\u00f8lge VGs opplysninger har H\u00f8iby uttrykt at han ikke \u00f8nsket at hun skulle delta. <\/p>\n<p class=\"_paragraph_1bvmi_4 _paragraph_xtcu6_10 layout-component text-serif-m layout-normal text-serif-m layout-padded\">Heller ikke i dette programmet deltok Haukland, men det er uklart for VG hvorvidt det bare var et \u00f8nske fra Hauklands side eller om det l\u00e5 et tilbud p\u00e5 bordet.<\/p>\n<p>Uttalte seg om brudd<\/p>\n<p class=\"_paragraph_1bvmi_4 _paragraph_xtcu6_10 layout-component text-serif-m layout-normal text-serif-m layout-padded\">I l\u00f8pet av forholdet var Haukland imidlertid deltager i reality-programmet \u00abGirls of Oslo\u00bb, sammen med influencervenninnene Sophie Elise Isachsen (30), Anniken J\u00f8rgensen (28) og Isabel Raad (30).<\/p>\n<p class=\"_paragraph_1bvmi_4 _paragraph_xtcu6_10 layout-component text-serif-m layout-normal text-serif-m layout-padded\">VG er kjent med at H\u00f8iby ikke likte deltagelsen, men at Haukland likevel deltok. <a href=\"https:\/\/www.tv2.no\/nyheter\/innenriks\/hoiby-i-avhor-ba-haukland-om-ikke-a-delta-i-tv-serie-1\/18032193\/\" class=\"_link_1bvmi_39\" rel=\"nofollow noopener\" target=\"_blank\">TV 2<\/a> har ogs\u00e5 omtalt hans holdning til hennes deltagelse i dette programmet. <\/p>\n<p><img alt=\"I f\u00f8rste og andre sesong av \u00abGirls of Oslo\u00bb fulgte TV-seerne Nora Haukland (t.v), Isabel Raad, Sophie Elise Isachsen og Anniken J\u00f8rgensen.  Foto: Frode Hansen \/ VG\" class=\"_image_qp4xg_65 layout-component layout-normal\" data-fullscreen- data-track-element-type=\"Article image fullscreen\" data-track-name=\"ImageFullscreen\" decoding=\"async\" loading=\"lazy\" height=\"3648\" itemprop=\"image\"  src=\"https:\/\/akamai.vgc.no\/v2\/images\/53dc6030-5fb5-4a82-852c-4af2fe0a7d30?format=auto&amp;w=40&amp;s=3d3e1af52be89339adaa672bf0d98ce1860602a0\"  style=\"object-position:0% 0%\" width=\"5472\"\/>I f\u00f8rste og andre sesong av \u00abGirls of Oslo\u00bb fulgte TV-seerne Nora Haukland (t.v), Isabel Raad, Sophie Elise Isachsen og Anniken J\u00f8rgensen.  Foto: Frode Hansen \/ VG<\/p>\n<p class=\"_paragraph_1bvmi_4 _paragraph_xtcu6_10 layout-component text-serif-m layout-normal text-serif-m layout-padded\">Selv om H\u00f8iby aldri medvirket i \u00abGirls of Oslo\u00bb, ble forholdet hennes til kronprinsessens s\u00f8nn og bruddet deres omtalt. H\u00f8iby skal if\u00f8lge VGs opplysninger ha uttrykt at han f\u00f8lte seg utnyttet av Haukland.<\/p>\n<p class=\"_paragraph_1bvmi_4 _paragraph_xtcu6_10 layout-component text-serif-m layout-normal text-serif-m layout-padded\">\u2013 Det er alltid t\u00f8ft \u00e5 gj\u00f8re et s\u00e5nt valg. Jeg vil at han skal v\u00e6re lykkelig, og i det siste har ikke jeg f\u00f8lt at jeg gj\u00f8r han lykkelig lenger. Og jeg tror ikke han gj\u00f8r meg lykkelig. Jeg vil bli elsket for den jeg er, jeg vil ikke f\u00f8le at jeg m\u00e5 endre p\u00e5 alt med meg selv, sa hun om bruddet.<\/p>\n<p class=\"_paragraph_1bvmi_4 _paragraph_xtcu6_10 layout-component text-serif-m layout-normal text-serif-m layout-padded\">If\u00f8lge VGs opplysninger skal forholdet mellom dem ha tatt slutt etter at Haukland var p\u00e5 Ibiza i forbindelse med innspillingen.<\/p>\n<p>Deltok i \u00abKompani Lauritzen\u00bb<\/p>\n<p class=\"_paragraph_1bvmi_4 _paragraph_xtcu6_10 layout-component text-serif-m layout-normal text-serif-m layout-padded\">Under forholdet deltok ogs\u00e5 Haukland i \u00abKompani Lauritzen\u00bb. If\u00f8lge VGs opplysninger har H\u00f8iby i avh\u00f8r uttrykt at han heller ikke likte at hun skulle v\u00e6re med der. <\/p>\n<p class=\"_paragraph_1bvmi_4 _paragraph_xtcu6_10 layout-component text-serif-m layout-normal text-serif-m layout-padded\">Da H\u00f8iby og Haukland var et par, uttalte sistnevnte at hun som influencer m\u00e5 v\u00e6re synlig, men at H\u00f8iby helst ikke \u00f8nsket denne type oppmerksomhet.<\/p>\n<p class=\"_paragraph_1bvmi_4 _paragraph_xtcu6_10 layout-component text-serif-m layout-normal text-serif-m layout-padded\">\u2013 Jeg er influencer og jobber med \u00e5 v\u00e6re der ute, mens han helst ikke vil v\u00e6re der ute i det hele tatt. Jeg forst\u00e5r at det er interessant for folk, men jeg har ikke lyst til \u00e5 v\u00e6re \u00abkj\u00e6resten til Marius\u00bb, sa Haukland i podkasten \u00abIda med hjertet i h\u00e5nden\u00bb i desember 2022.<\/p>\n<p><img alt=\"Nora Haukland var med i den femte sesongen av \u00abKompani Lauritzen\u00bb.  Foto: Matti Bernitz\/TV 2\" class=\"_image_qp4xg_65 layout-component layout-normal\" data-fullscreen- data-track-element-type=\"Article image fullscreen\" data-track-name=\"ImageFullscreen\" decoding=\"async\" loading=\"lazy\" height=\"4614\" itemprop=\"image\"  src=\"https:\/\/www.europesays.com\/no\/wp-content\/uploads\/2025\/08\/49bf39db-66cb-43cd-92d7-9b32298ecfad\"  style=\"object-position:0% 0%\" width=\"6917\"\/>Nora Haukland var med i den femte sesongen av \u00abKompani Lauritzen\u00bb.  Foto: Matti Bernitz\/TV 2<\/p>\n<p class=\"_paragraph_1bvmi_4 _paragraph_xtcu6_10 layout-component text-serif-m layout-normal text-serif-m layout-padded\">F\u00f8r Haukland ble sammen med H\u00f8iby deltok hun p\u00e5 kj\u00e6rlighetsprogrammet \u00abLove Island\u00bb i 2020. Etter bruddet var hun deltager i \u00ab71 grader nord \u2013 team\u00bb sammen med Subjekt-redakt\u00f8r Danby Choi.<\/p>\n<p class=\"_paragraph_1bvmi_4 _paragraph_xtcu6_10 layout-component text-serif-m layout-normal text-serif-m layout-padded\">Tiltalen beskriver en rekke voldshandlinger. H\u00f8iby skal blant annet ha sl\u00e5tt Haukland i ansiktet \u2013 ogs\u00e5 med knyttet neve \u2013 tatt kvelertak p\u00e5 henne og sparket henne. Han skal ogs\u00e5 ha sl\u00e5tt en d\u00f8r i ansiktet hennes, sl\u00e5tt hendene hennes inn i en vegg og dyttet henne inn i et kj\u00f8leskap. <\/p>\n<p class=\"_paragraph_1bvmi_4 _paragraph_xtcu6_10 layout-component text-serif-m layout-normal text-serif-m layout-padded\">I tillegg skal han ved flere anledninger ha kastet gjenstander mot henne og \u00f8delagt inventar, deriblant mobiltelefoner og skapd\u00f8rer.<\/p>\n<p class=\"_paragraph_1bvmi_4 _paragraph_xtcu6_10 layout-component text-serif-m layout-normal text-serif-m layout-padded\">Mishandlingen beskrives ikke bare som fysisk, men ogs\u00e5 psykisk. If\u00f8lge tiltalen utsatte H\u00f8iby Haukland for gjentatte verbale krenkelser, i tillegg til at han skal ha ut\u00f8vd sterk kontroll i forholdet. H\u00f8iby nekter straffskyld for dette, og har en annen versjon av hva som skal ha skjedd. <\/p>\n","protected":false},"excerpt":{"rendered":"Marius Borg H\u00f8iby, s\u00f8nn av kronprinsesse Mette-Marit, st\u00e5r tiltalt for 32 lovbrudd, inkludert fire voldtekter. H\u00f8iby har i&hellip;\n","protected":false},"author":2,"featured_media":22581,"comment_status":"","ping_status":"","sticky":false,"template":"","format":"standard","meta":{"footnotes":""},"categories":[10],"tags":[20,21,24,25,15,22,23,400,13,30,831,28,29,14,16,26,27,3739],"class_list":{"0":"post-22580","1":"post","2":"type-post","3":"status-publish","4":"format-standard","5":"has-post-thumbnail","7":"category-norge","8":"tag-breaking-news","9":"tag-breakingnews","10":"tag-featured-news","11":"tag-featurednews","12":"tag-headlines","13":"tag-latest-news","14":"tag-latestnews","15":"tag-marius-borg-hoiby","16":"tag-news","17":"tag-no","18":"tag-nora-haukland","19":"tag-norge","20":"tag-norway","21":"tag-nyheter","22":"tag-overskrifter","23":"tag-top-stories","24":"tag-topstories","25":"tag-vgkrimgruppa"},"share_on_mastodon":{"url":"","error":""},"_links":{"self":[{"href":"https:\/\/www.europesays.com\/no\/wp-json\/wp\/v2\/posts\/22580","targetHints":{"allow":["GET"]}}],"collection":[{"href":"https:\/\/www.europesays.com\/no\/wp-json\/wp\/v2\/posts"}],"about":[{"href":"https:\/\/www.europesays.com\/no\/wp-json\/wp\/v2\/types\/post"}],"author":[{"embeddable":true,"href":"https:\/\/www.europesays.com\/no\/wp-json\/wp\/v2\/users\/2"}],"replies":[{"embeddable":true,"href":"https:\/\/www.europesays.com\/no\/wp-json\/wp\/v2\/comments?post=22580"}],"version-history":[{"count":0,"href":"https:\/\/www.europesays.com\/no\/wp-json\/wp\/v2\/posts\/22580\/revisions"}],"wp:featuredmedia":[{"embeddable":true,"href":"https:\/\/www.europesays.com\/no\/wp-json\/wp\/v2\/media\/22581"}],"wp:attachment":[{"href":"https:\/\/www.europesays.com\/no\/wp-json\/wp\/v2\/media?parent=22580"}],"wp:term":[{"taxonomy":"category","embeddable":true,"href":"https:\/\/www.europesays.com\/no\/wp-json\/wp\/v2\/categories?post=22580"},{"taxonomy":"post_tag","embeddable":true,"href":"https:\/\/www.europesays.com\/no\/wp-json\/wp\/v2\/tags?post=22580"}],"curies":[{"name":"wp","href":"https:\/\/api.w.org\/{rel}","templated":true}]}}