{"id":22614,"date":"2025-08-30T20:55:14","date_gmt":"2025-08-30T20:55:14","guid":{"rendered":"https:\/\/www.europesays.com\/no\/22614\/"},"modified":"2025-08-30T20:55:14","modified_gmt":"2025-08-30T20:55:14","slug":"norsk-festkveld-i-champions-league-kvaliken","status":"publish","type":"post","link":"https:\/\/www.europesays.com\/no\/22614\/","title":{"rendered":"Norsk festkveld i Champions League-kvaliken"},"content":{"rendered":"\n<p class=\"_lead_1bvmi_2 _lead_xtcu6_50 layout-component text-serif-m layout-normal text-serif-l layout-component layout-wide layout-padded _wide_17hqh_1 layout-padded\">Elisabeth Terland toppet en stor norsk kveld i Champions League-kvalifiseringen.<\/p>\n<p> <img class=\"_image_qp4xg_65 layout-component layout-wide\" data-fullscreen- data-track-element-type=\"Article image fullscreen\" data-track-name=\"ImageFullscreen\" fetchpriority=\"high\" decoding=\"sync\" loading=\"eager\" height=\"57\" itemprop=\"image\"  src=\"https:\/\/www.europesays.com\/no\/wp-content\/uploads\/2025\/08\/fc4e04099bcfd525186d980b7255aaf2.jpg\"  style=\"object-position:50% 50%;aspect-ratio:1.75;height:auto;object-fit:cover;width:100%\" width=\"102\"\/>  <\/p>\n<ul aria-hidden=\"true\" class=\"_images_1y6fe_106\">\n<li><a class=\"_link_1y6fe_111\" href=\"https:\/\/www.vg.no\/forfatter\/trond-johannessen\" style=\"z-index:2\" title=\"Trond Johannessen\" rel=\"nofollow noopener\" target=\"_blank\"><img alt=\"Bilde av Trond Johannessen\" class=\"_image_1y6fe_88\" fetchpriority=\"low\" loading=\"lazy\" decoding=\"async\" itemprop=\"image\"  src=\"https:\/\/www.europesays.com\/no\/wp-content\/uploads\/2025\/08\/1756587314_805_6a8e2570-d1cf-4bb9-8361-2d446b33d8d9\"  width=\"480\"\/><\/a><\/li>\n<li><a class=\"_link_1y6fe_111\" href=\"https:\/\/www.vg.no\/forfatter\/ntb\" style=\"z-index:1\" title=\"NTB\" rel=\"nofollow noopener\" target=\"_blank\"><img alt=\"Bilde av NTB\" class=\"_image_1y6fe_88\" fetchpriority=\"low\" loading=\"lazy\" decoding=\"async\" itemprop=\"image\"  src=\"https:\/\/www.europesays.com\/no\/wp-content\/uploads\/2025\/08\/1756587314_472_c33980b0-5d07-4027-84a1-813f90a7c8d6\"  width=\"480\"\/><\/a><\/li>\n<\/ul>\n<p> Oppdatert l\u00f8rdag 30. august kl. 22:44     <\/p>\n<p class=\"_paragraph_1bvmi_4 _paragraph_xtcu6_10 layout-component text-serif-m layout-normal text-serif-m layout-padded\">Landslagsspissen sto bak kampens eneste m\u00e5l da hennes Manchester United slo svenske Hammarby i gruppefinalen. Manchester United er dermed videre til den tredje og siste kvalrunden. <\/p>\n<p class=\"_paragraph_1bvmi_4 _paragraph_xtcu6_10 layout-component text-serif-m layout-normal text-serif-m layout-padded\">Terland scoret ogs\u00e5 tre m\u00e5l \u2013 og Celin Bizet D\u00f8nnum ett \u2013 da PSV ble sl\u00e5tt 4\u20130 i onsdagens semifinale. Begge kampene ble spilt i Stockholm.<\/p>\n<p class=\"_paragraph_1bvmi_4 _paragraph_xtcu6_10 layout-component text-serif-m layout-normal text-serif-m layout-padded\">Og tidligere l\u00f8rdag kjempet b\u00e5de Brann og V\u00e5lerenga seg videre til den avgj\u00f8rende kvalikrunden, der 18 lag gj\u00f8r opp om de ni siste plassene.<\/p>\n<p class=\"_paragraph_1bvmi_4 _paragraph_xtcu6_10 layout-component text-serif-m layout-normal text-serif-m layout-padded\">Lauren Davidson fremprovoserte m\u00e5let som ga <strong class=\"_strong_1bvmi_25\">Brann 1\u20130 over portugisiske Braga<\/strong> i Milano. For to sesonger siden spilte Brann seg helt til kvartfinalen. Davidson ble avgj\u00f8rende etter 68 minutters spill i varmen i Italia. Hun rev seg l\u00f8s og slo inn fra h\u00f8yre, og en uheldig Gudrun Arnardottir styrte ballen i eget m\u00e5l.<\/p>\n<p class=\"_paragraph_1bvmi_4 _paragraph_xtcu6_10 layout-component text-serif-m layout-normal text-serif-m layout-padded\">En pangstart etter pause hjalp <strong class=\"_strong_1bvmi_25\">V\u00e5lerenga til 4-0-seier over Slavia Praha. <\/strong>Etter en m\u00e5ll\u00f8s omgang i Helsinki fikset Stine Brekken lederm\u00e5let, f\u00f8r 17 \u00e5r gamle Marie Preus ordnet det andre m\u00e5let da hun kom alene med keeper. Med et snaut kvarter igjen nikket Sara H\u00f8rte inn 3\u20130, f\u00f8r innbytter Mawa Sesay rykket fra det tsjekkiske forsvaret og s\u00f8rget for norsk storseier.<\/p>\n<ul class=\"_list_1bvmi_3 _list_xtcu6_9 _unordered_1bvmi_99 layout-component text-serif-m layout-normal text-serif-m layout-padded\">\n<li class=\"_item_1bvmi_30\">I \u00e5r blir det ligaspill ogs\u00e5 i kvinnenes Champions League, slik det allerede er blant mennene.<\/li>\n<li class=\"_item_1bvmi_30\">18 lag skal delta \u2013 ni er allerede videre \u2013 de siste ni blir klare etter de siste playoffkampene. Kampene trekkes s\u00f8ndag og spilles 11. og 18. september.<\/li>\n<\/ul>\n","protected":false},"excerpt":{"rendered":"Elisabeth Terland toppet en stor norsk kveld i Champions League-kvalifiseringen. Oppdatert l\u00f8rdag 30. august kl. 22:44 Landslagsspissen sto&hellip;\n","protected":false},"author":2,"featured_media":22615,"comment_status":"","ping_status":"","sticky":false,"template":"","format":"standard","meta":{"footnotes":""},"categories":[59],"tags":[3399,30,28,29,83,82,3744],"class_list":{"0":"post-22614","1":"post","2":"type-post","3":"status-publish","4":"format-standard","5":"has-post-thumbnail","7":"category-sport","8":"tag-elisabeth-terland","9":"tag-no","10":"tag-norge","11":"tag-norway","12":"tag-sport","13":"tag-sports","14":"tag-women"},"share_on_mastodon":{"url":"","error":""},"_links":{"self":[{"href":"https:\/\/www.europesays.com\/no\/wp-json\/wp\/v2\/posts\/22614","targetHints":{"allow":["GET"]}}],"collection":[{"href":"https:\/\/www.europesays.com\/no\/wp-json\/wp\/v2\/posts"}],"about":[{"href":"https:\/\/www.europesays.com\/no\/wp-json\/wp\/v2\/types\/post"}],"author":[{"embeddable":true,"href":"https:\/\/www.europesays.com\/no\/wp-json\/wp\/v2\/users\/2"}],"replies":[{"embeddable":true,"href":"https:\/\/www.europesays.com\/no\/wp-json\/wp\/v2\/comments?post=22614"}],"version-history":[{"count":0,"href":"https:\/\/www.europesays.com\/no\/wp-json\/wp\/v2\/posts\/22614\/revisions"}],"wp:featuredmedia":[{"embeddable":true,"href":"https:\/\/www.europesays.com\/no\/wp-json\/wp\/v2\/media\/22615"}],"wp:attachment":[{"href":"https:\/\/www.europesays.com\/no\/wp-json\/wp\/v2\/media?parent=22614"}],"wp:term":[{"taxonomy":"category","embeddable":true,"href":"https:\/\/www.europesays.com\/no\/wp-json\/wp\/v2\/categories?post=22614"},{"taxonomy":"post_tag","embeddable":true,"href":"https:\/\/www.europesays.com\/no\/wp-json\/wp\/v2\/tags?post=22614"}],"curies":[{"name":"wp","href":"https:\/\/api.w.org\/{rel}","templated":true}]}}