{"id":226339,"date":"2026-04-30T19:32:14","date_gmt":"2026-04-30T19:32:14","guid":{"rendered":"https:\/\/www.europesays.com\/no\/226339\/"},"modified":"2026-04-30T19:32:14","modified_gmt":"2026-04-30T19:32:14","slug":"fire-nye-ar-med-champions-league-fotball-pa-tv-2","status":"publish","type":"post","link":"https:\/\/www.europesays.com\/no\/226339\/","title":{"rendered":"Fire nye \u00e5r med Champions League-fotball p\u00e5 TV 2"},"content":{"rendered":"<p><strong>TV 2 har sikret seg rettighetene til \u00e5 fortsette \u00e5 vise Champions League. Den n\u00e5v\u00e6rende avtalen utl\u00f8p etter 2026-27, neste sesong, men er n\u00e5 forlenget til og med 2030\/31-sesongen.<\/strong><\/p>\n<p>\u2013 Dette er rett og slett verdens beste fotball og interessen her hjemme har bare \u00f8kt ytterligere de siste \u00e5rene, <a data-router-slot=\"disabled\" href=\"https:\/\/kommunikasjon.ntb.no\/pressemelding\/18884555\/tv-2-skal-vise-champions-league-de-fem-neste-sesongene?publisherId=13318709&amp;lang=no\" type=\"external\" rel=\"nofollow noopener\" target=\"_blank\">sier sjefredakt\u00f8r og administrerende direkt\u00f8r Olav T. Sandnes til NTB.<\/a><\/p>\n<p>\u2013 Det er bare et par uker siden TV 2 sikret en langsiktig avtale om rettighetene til norsk fotball, og i dag kan vi bekrefte at vi skal vise Champions League de neste fem sesongene. Det gir en langsiktighet vi aldri tidligere har hatt, og vi ser virkelig frem til \u00e5 videreutvikle denne fantastiske fotball-turneringen p\u00e5 v\u00e5re plattformer.<\/p>\n<p>TV 2 har hatt rettighetene til Champions League-fotball siden 2021 da de tok over for Viaplay Group.<\/p>\n<p>\u2013 Med Champions League p\u00e5 menyen er fotball\u00e5ret p\u00e5 TV 2 komplett. Seerne f\u00e5r verdens beste klubbturnering i vinterhalv\u00e5ret, det aller beste av norsk fotball i sommerhalv\u00e5ret p\u00e5 b\u00e5de kvinne- og herresiden, og i tillegg viser vi begge landslagene, EM og VM i fotball gjennom \u00e5ret. Det er bare \u00e5 glede seg, fortsatte Sandnes.\u00a0<\/p>\n<p>Viaplay har ogs\u00e5 forlenget<\/p>\n<p>For Liverpool-supportere har Viaplay f\u00f8rst og fremst rettighetene til Premier League, og de har dem til og med 2027\/28-sesongen.<\/p>\n<p>Plattformen viser imidlertid ogs\u00e5 mye annen sport, blant annet Bundesliga, Europa League og Conference League. I en pressemelding fra <a data-router-slot=\"disabled\" href=\"https:\/\/www.viaplaygroup.com\/en\/newsroom\/press-releases\/viaplay-group-show-uefa-club-competitions-denmark-norway-and-finland-until\" type=\"external\" rel=\"nofollow noopener\" target=\"_blank\">Viaplay<\/a> kommer det frem at rettighetene til de to europeiske turneringene er forlenget.<\/p>\n<p><strong>\u00abViaplay Group har forlenget sine eksklusive rettigheter til Europa League og Conference League i Norge og Finland med fire \u00e5r, fra h\u00f8sten 2027 til 2031\u00bb.<\/strong><\/p>\n<p>\u2013 Vi er veldig glade for \u00e5 ha forlenget v\u00e5rt samarbeid med UEFA til nesten 40 \u00e5r gjennom denne fire\u00e5rige forlengelsen. Vi fortsetter \u00e5 sikre innhold som er relevant for v\u00e5re seere og som samtidig har dokumentert kommersielt potensial. Det gjelder rettighetene vi n\u00e5 har forlenget, s\u00e5 dette er en god dag, sier J\u00f8rgen Madsen Lindemann, konsernsjef og CEO i Viaplay Group.<\/p>\n","protected":false},"excerpt":{"rendered":"TV 2 har sikret seg rettighetene til \u00e5 fortsette \u00e5 vise Champions League. Den n\u00e5v\u00e6rende avtalen utl\u00f8p etter&hellip;\n","protected":false},"author":2,"featured_media":226340,"comment_status":"","ping_status":"","sticky":false,"template":"","format":"standard","meta":{"footnotes":"","_share_on_mastodon":"0"},"categories":[5],"tags":[20,21,706,24,25,15,19,22,23,17,18,13,30,28,29,447,14,16,3440,26,27,1130,2728],"class_list":["post-226339","post","type-post","status-publish","format-standard","has-post-thumbnail","category-overskrifter","tag-breaking-news","tag-breakingnews","tag-champions-league","tag-featured-news","tag-featurednews","tag-headlines","tag-hovedoppslag","tag-latest-news","tag-latestnews","tag-main-news","tag-mainnews","tag-news","tag-no","tag-norge","tag-norway","tag-nyhet","tag-nyheter","tag-overskrifter","tag-rettigheter","tag-top-stories","tag-topstories","tag-tv2","tag-viaplay"],"share_on_mastodon":{"url":"https:\/\/pubeurope.com\/@no\/116495328773806783","error":""},"_links":{"self":[{"href":"https:\/\/www.europesays.com\/no\/wp-json\/wp\/v2\/posts\/226339","targetHints":{"allow":["GET"]}}],"collection":[{"href":"https:\/\/www.europesays.com\/no\/wp-json\/wp\/v2\/posts"}],"about":[{"href":"https:\/\/www.europesays.com\/no\/wp-json\/wp\/v2\/types\/post"}],"author":[{"embeddable":true,"href":"https:\/\/www.europesays.com\/no\/wp-json\/wp\/v2\/users\/2"}],"replies":[{"embeddable":true,"href":"https:\/\/www.europesays.com\/no\/wp-json\/wp\/v2\/comments?post=226339"}],"version-history":[{"count":0,"href":"https:\/\/www.europesays.com\/no\/wp-json\/wp\/v2\/posts\/226339\/revisions"}],"wp:featuredmedia":[{"embeddable":true,"href":"https:\/\/www.europesays.com\/no\/wp-json\/wp\/v2\/media\/226340"}],"wp:attachment":[{"href":"https:\/\/www.europesays.com\/no\/wp-json\/wp\/v2\/media?parent=226339"}],"wp:term":[{"taxonomy":"category","embeddable":true,"href":"https:\/\/www.europesays.com\/no\/wp-json\/wp\/v2\/categories?post=226339"},{"taxonomy":"post_tag","embeddable":true,"href":"https:\/\/www.europesays.com\/no\/wp-json\/wp\/v2\/tags?post=226339"}],"curies":[{"name":"wp","href":"https:\/\/api.w.org\/{rel}","templated":true}]}}