{"id":22678,"date":"2025-08-30T22:30:08","date_gmt":"2025-08-30T22:30:08","guid":{"rendered":"https:\/\/www.europesays.com\/no\/22678\/"},"modified":"2025-08-30T22:30:08","modified_gmt":"2025-08-30T22:30:08","slug":"stilte-sterkt-i-stafett-for-livet-vi-holder-det-gaende-i-24-timer","status":"publish","type":"post","link":"https:\/\/www.europesays.com\/no\/22678\/","title":{"rendered":"Stilte sterkt i Stafett for livet: \u2013 Vi holder det g\u00e5ende i 24 timer"},"content":{"rendered":"<p>For selskapet ble arrangementet b\u00e5de en sosial m\u00f8teplass, et bidrag til en viktig sak \u2013 og en utholdenhetspr\u00f8ve der samholdet st\u00e5r i sentrum.<\/p>\n<p>Ladet opp med godt hum\u00f8r<\/p>\n<p>Aller f\u00f8rst p\u00e5 plass i Equinors base-camp var John-Einar, Stine og Roy. De rigget opp teltet tidlig p\u00e5 l\u00f8rdagen og s\u00f8rget for at laget hadde alt de trengte for \u00e5 holde det g\u00e5ende gjennom hele det 24 timer lange arrangementet.<\/p>\n<p>\u2013 Vi har fylt opp med alt fra mat\/godt og drikke til stoler, varme kl\u00e6r og godt hum\u00f8r. N\u00e5 er vi klare for \u00e5 st\u00f8tte de som er ute og g\u00e5r, og lade opp til v\u00e5r egen tur rundt banen, sier de med et smil.<\/p>\n<p>Stafett for livet handler ikke om \u00e5 komme f\u00f8rst i m\u00e5l, men om \u00e5 v\u00e6re til stede, vise st\u00f8tte og samle inn penger til Kreftforeningen. I l\u00f8pet av det d\u00f8gnlange arrangementet s\u00f8rger deltakerne for at det alltid er noen fra laget ute p\u00e5 banen, uansett tid p\u00e5 d\u00f8gnet.<\/p>\n<p>\u2013 Det er alltid noen ute og g\u00e5r eller l\u00f8per, sier Roy.<\/p>\n<p><img decoding=\"async\" src=\"data:image\/gif;base64,R0lGODlhEAAJAIAAAP\/\/\/wAAACH5BAEAAAAALAAAAAAQAAkAAAIKhI+py+0Po5yUFQA7\" alt=\"\"\/><br \/>\n  Laget Godt Blandet er tilsammen 82 deltakere.<br \/>\n  <strong>Foto:<\/strong> Morten HagenDoblet innsamlingsm\u00e5let<\/p>\n<p>Laget Godt Blandet mannsterkt opp. Laget best\u00e5r av b\u00e5de familie, venner \u2013 og venner av venner \u2013 og har til sammen hele 82 deltakere p\u00e5 laget.<\/p>\n<p>M\u00e5let deres var \u00e5 samle inn 5.000 kroner til Kreftforeningen, men engasjementet har vist seg \u00e5 v\u00e6re st\u00f8rre enn de hadde trodd. Allerede n\u00e5 har laget samlet inn rundt 10.000 kroner.<\/p>\n<p>Navnet \u00abGodt Blandet\u00bb passer godt \u2013 for her finner man deltakere i alle aldre, med ulik bakgrunn og tilknytning, som har kommet sammen for en felles sak: kampen mot kreft.<\/p>\n","protected":false},"excerpt":{"rendered":"For selskapet ble arrangementet b\u00e5de en sosial m\u00f8teplass, et bidrag til en viktig sak \u2013 og en utholdenhetspr\u00f8ve&hellip;\n","protected":false},"author":2,"featured_media":22679,"comment_status":"","ping_status":"","sticky":false,"template":"","format":"standard","meta":{"footnotes":""},"categories":[10],"tags":[20,21,24,25,15,3749,22,23,13,30,28,29,14,16,3741,26,27],"class_list":{"0":"post-22678","1":"post","2":"type-post","3":"status-publish","4":"format-standard","5":"has-post-thumbnail","7":"category-norge","8":"tag-breaking-news","9":"tag-breakingnews","10":"tag-featured-news","11":"tag-featurednews","12":"tag-headlines","13":"tag-kreftforeningen","14":"tag-latest-news","15":"tag-latestnews","16":"tag-news","17":"tag-no","18":"tag-norge","19":"tag-norway","20":"tag-nyheter","21":"tag-overskrifter","22":"tag-stafett-for-livet","23":"tag-top-stories","24":"tag-topstories"},"share_on_mastodon":{"url":"","error":""},"_links":{"self":[{"href":"https:\/\/www.europesays.com\/no\/wp-json\/wp\/v2\/posts\/22678","targetHints":{"allow":["GET"]}}],"collection":[{"href":"https:\/\/www.europesays.com\/no\/wp-json\/wp\/v2\/posts"}],"about":[{"href":"https:\/\/www.europesays.com\/no\/wp-json\/wp\/v2\/types\/post"}],"author":[{"embeddable":true,"href":"https:\/\/www.europesays.com\/no\/wp-json\/wp\/v2\/users\/2"}],"replies":[{"embeddable":true,"href":"https:\/\/www.europesays.com\/no\/wp-json\/wp\/v2\/comments?post=22678"}],"version-history":[{"count":0,"href":"https:\/\/www.europesays.com\/no\/wp-json\/wp\/v2\/posts\/22678\/revisions"}],"wp:featuredmedia":[{"embeddable":true,"href":"https:\/\/www.europesays.com\/no\/wp-json\/wp\/v2\/media\/22679"}],"wp:attachment":[{"href":"https:\/\/www.europesays.com\/no\/wp-json\/wp\/v2\/media?parent=22678"}],"wp:term":[{"taxonomy":"category","embeddable":true,"href":"https:\/\/www.europesays.com\/no\/wp-json\/wp\/v2\/categories?post=22678"},{"taxonomy":"post_tag","embeddable":true,"href":"https:\/\/www.europesays.com\/no\/wp-json\/wp\/v2\/tags?post=22678"}],"curies":[{"name":"wp","href":"https:\/\/api.w.org\/{rel}","templated":true}]}}