{"id":22733,"date":"2025-08-31T03:27:23","date_gmt":"2025-08-31T03:27:23","guid":{"rendered":"https:\/\/www.europesays.com\/no\/22733\/"},"modified":"2025-08-31T03:27:23","modified_gmt":"2025-08-31T03:27:23","slug":"jon-almaas-jon-blir-bonde","status":"publish","type":"post","link":"https:\/\/www.europesays.com\/no\/22733\/","title":{"rendered":"Jon Almaas, Jon blir bonde"},"content":{"rendered":"\n<p><a href=\"https:\/\/www.nettavisen.no\/kjendis\/jon-almaas-om-tv-suksessen-jon-blir-bonde-kona-liker-det-ikke\/s\/5-95-2587885\" rel=\"Follow nofollow noopener\" target=\"_blank\">(Nettavisen):<\/a> Onsdag presenterte TVNorge h\u00f8stmenyen sin p\u00e5 Latter i Oslo. Blant programlederne var Jon Almaas (57), som de siste \u00e5rene har f\u00e5tt en ny rolle i den norske TV-hverdagen, som g\u00e5rdbruker i \u00abJon blir bonde\u00bb.<\/p>\n<p>Programmet ble en braksuksess da det hadde premiere i fjor, og Almaas kunne p\u00e5 h\u00f8stlanseringen bekrefte at serien vender tilbake \u2013 men seerne m\u00e5 belage seg p\u00e5 \u00e5 vente en stund.<\/p>\n<p>\u2013 Det blir en sesong to, men den kommer ikke n\u00e5 til h\u00f8sten. Vi filmer hele \u00e5ret, og derfor kommer den ikke p\u00e5 skjermen f\u00f8r til v\u00e5ren, forteller Almaas til Nettavisen.<\/p>\n<p>   <img decoding=\"async\" width=\"6000\" height=\"4000\" fetchpriority=\"low\"  loading=\"lazy\"  src=\"https:\/\/www.europesays.com\/no\/wp-content\/uploads\/2025\/08\/Almaas-serie+slukes+av+TV-seerne.bin\" alt=\"\" class=\"brick-c-cFOWSL\" style=\"--brick-image-ratio: 6000 \/ 4000;\"\/><\/p>\n<p>    KOMMER MER: Programlederen kunne bekrefte at \u00abJon blir bonde\u00bb f\u00e5r en ny sesong \u2013 men seerne m\u00e5 vente til v\u00e5ren.<br \/>\n    Foto: Camilla Mellemstrand (Nationen)\n  <\/p>\n<p>  \u2013 Kona mi synes det er masete<\/p>\n<p>Selv om serien har f\u00e5tt en enorm respons og h\u00f8ye seertall, er ikke alle i familien Almaas like begeistret for oppmerksomheten.<\/p>\n<p>\u2013 Kona mi syns ikke det er s\u00e5 g\u00f8y \u00e5 v\u00e6re p\u00e5 TV. Hun syns det er litt masete, det er mye folk og mye mas. Men alt i alt har det v\u00e6rt en veldig positiv opplevelse \u00e5 dele litt privatliv og vise fram livet p\u00e5 g\u00e5rden, sier han.<\/p>\n<p>Han selv derimot, setter pris p\u00e5 \u00e5 vise fram livet p\u00e5 g\u00e5rden med alt det inneb\u00e6rer \u2013 og ikke minst v\u00e6re med p\u00e5 \u00e5 l\u00f8fte et yrke han mener fortjener \u00e5 bli vist fram.<\/p>\n<p>\u2013 Mange dr\u00f8mmer om \u00e5 flytte p\u00e5 g\u00e5rd. Vi har gjort det. Det er mye slit og mas, men ogs\u00e5 veldig g\u00f8y \u00e5 vise fram, forteller programlederen.<\/p>\n<p>  <a href=\"https:\/\/www.nationen.no\/5-148-779210\" class=\"related-teaser has-image default-story-teaser article--c-eRUmMG article--c-eRUmMG-jKCPdD-design-default\" rel=\"nofollow noopener\" target=\"_blank\"><\/p>\n<p>    <img decoding=\"async\" loading=\"lazy\"  src=\"https:\/\/www.europesays.com\/no\/wp-content\/uploads\/2025\/08\/5_148_532947+NTB_Fbkis84fn6k.jpg\" alt=\"\" class=\"brick-c-cFOWSL\" style=\"\"\/><\/p>\n<p>\n            Les ogs\u00e5<\/p>\n<p>              Almaas kritisk til Nationen: \u2013 Merkelig hang til \u00e5 nedsnakke \u00f8kologisk drift\n        <\/p>\n<p>  <\/a><br \/>\n  Heftig respons <\/p>\n<p>Etter f\u00f8rste sesong har programlederen f\u00e5tt mange tilbakemeldinger. Serien ble det mest sette TV-programmet i Norge, og Almaas forteller at tilbakemeldingene har v\u00e6rt overveldende \u2013 spesielt fra landbruksn\u00e6ringen.<\/p>\n<p>\u2013 B\u00f8nder var veldig begeistret for programmet. De vil gjerne se mer, og det er jo g\u00f8y, forteller han.<\/p>\n<p>\u2013 \u00abJon blir bonde\u00bb ble en mye st\u00f8rre suksess enn jeg hadde forestilt meg, legger han til.<\/p>\n<p>Men hverdagen p\u00e5 g\u00e5rden viser at livet p\u00e5 landet ikke bare er idyll. Almaas forteller at sauer formerer seg raskt og if\u00f8lge ham selv startet han og familien med 13 sauer, som raskt har blitt til over 30.<\/p>\n<p>\u2013 Det blir et problem, og det blir mer tr\u00f8bbel jo flere dyr du har, sier Almaas og ler.<\/p>\n<p>  <a href=\"https:\/\/www.nationen.no\/5-148-777785\" class=\"related-teaser has-image default-story-teaser article--c-eRUmMG article--c-eRUmMG-jKCPdD-design-default\" rel=\"nofollow noopener\" target=\"_blank\"><\/p>\n<p>    <img decoding=\"async\" loading=\"lazy\"  src=\"https:\/\/www.europesays.com\/no\/wp-content\/uploads\/2025\/08\/1756610842_653_Espen%2BSolli_PNL2193_Ellen%2Bog%2BJon.jpg\" alt=\"\" class=\"brick-c-cFOWSL\" style=\"\"\/><\/p>\n<p>\n            Les ogs\u00e5<\/p>\n<p>              Almaas: \u2013 Vi har rett og slett for mange dyr\n        <\/p>\n<p>  <\/a><\/p>\n<p>\u2013 Det er ikke rosenr\u00f8dt. Livet p\u00e5 landet er beinhardt. Men man m\u00e5 bare gj\u00f8re det beste ut av det.<\/p>\n<p>Den tidligere \u00abNytt p\u00e5 nytt\u00bb-programlederen er klar p\u00e5 hvor han trives best \u2013 og svaret overrasker neppe seerne av \u00abJon blir bonde\u00bb.<\/p>\n<p>\u2013 N\u00e5r jeg kommer til Majorstua, tenker jeg: \u00abHerregud, s\u00e5 mange biler, s\u00e5 mye folk\u00bb. Da vil jeg bare hjem. P\u00e5 landet er det stille og deilig, med fuglekvitter og uten et menneske i sikte. Der trives jeg, sier han.<\/p>\n<p>  <a href=\"https:\/\/www.nationen.no\/5-148-780728\" class=\"related-teaser has-image default-opinion-teaser article--c-eRUmMG article--c-eRUmMG-jKCPdD-design-default\" rel=\"nofollow noopener\" target=\"_blank\"><\/p>\n<p>    <img decoding=\"async\" loading=\"lazy\"  src=\"https:\/\/www.europesays.com\/no\/wp-content\/uploads\/2025\/08\/_ystein_Heggdal_10.jpg\" alt=\"\" class=\"brick-c-cFOWSL\" style=\"\"\/><\/p>\n<p>\n            Les ogs\u00e5<\/p>\n<p>              \u00d8kologisk kommer til \u00e5 forbli en marginal driftsform\n        <\/p>\n<p>  <\/a><\/p>\n","protected":false},"excerpt":{"rendered":"(Nettavisen): Onsdag presenterte TVNorge h\u00f8stmenyen sin p\u00e5 Latter i Oslo. Blant programlederne var Jon Almaas (57), som de&hellip;\n","protected":false},"author":2,"featured_media":22734,"comment_status":"","ping_status":"","sticky":false,"template":"","format":"standard","meta":{"footnotes":""},"categories":[10],"tags":[36,20,21,24,25,15,3753,3754,755,22,23,13,30,28,29,14,16,1510,26,27],"class_list":{"0":"post-22733","1":"post","2":"type-post","3":"status-publish","4":"format-standard","5":"has-post-thumbnail","7":"category-norge","8":"tag-art","9":"tag-breaking-news","10":"tag-breakingnews","11":"tag-featured-news","12":"tag-featurednews","13":"tag-headlines","14":"tag-jon-almaas","15":"tag-jon-blir-bonde","16":"tag-landbruk","17":"tag-latest-news","18":"tag-latestnews","19":"tag-news","20":"tag-no","21":"tag-norge","22":"tag-norway","23":"tag-nyheter","24":"tag-overskrifter","25":"tag-story","26":"tag-top-stories","27":"tag-topstories"},"share_on_mastodon":{"url":"","error":""},"_links":{"self":[{"href":"https:\/\/www.europesays.com\/no\/wp-json\/wp\/v2\/posts\/22733","targetHints":{"allow":["GET"]}}],"collection":[{"href":"https:\/\/www.europesays.com\/no\/wp-json\/wp\/v2\/posts"}],"about":[{"href":"https:\/\/www.europesays.com\/no\/wp-json\/wp\/v2\/types\/post"}],"author":[{"embeddable":true,"href":"https:\/\/www.europesays.com\/no\/wp-json\/wp\/v2\/users\/2"}],"replies":[{"embeddable":true,"href":"https:\/\/www.europesays.com\/no\/wp-json\/wp\/v2\/comments?post=22733"}],"version-history":[{"count":0,"href":"https:\/\/www.europesays.com\/no\/wp-json\/wp\/v2\/posts\/22733\/revisions"}],"wp:featuredmedia":[{"embeddable":true,"href":"https:\/\/www.europesays.com\/no\/wp-json\/wp\/v2\/media\/22734"}],"wp:attachment":[{"href":"https:\/\/www.europesays.com\/no\/wp-json\/wp\/v2\/media?parent=22733"}],"wp:term":[{"taxonomy":"category","embeddable":true,"href":"https:\/\/www.europesays.com\/no\/wp-json\/wp\/v2\/categories?post=22733"},{"taxonomy":"post_tag","embeddable":true,"href":"https:\/\/www.europesays.com\/no\/wp-json\/wp\/v2\/tags?post=22733"}],"curies":[{"name":"wp","href":"https:\/\/api.w.org\/{rel}","templated":true}]}}