{"id":22750,"date":"2025-08-31T05:20:32","date_gmt":"2025-08-31T05:20:32","guid":{"rendered":"https:\/\/www.europesays.com\/no\/22750\/"},"modified":"2025-08-31T05:20:32","modified_gmt":"2025-08-31T05:20:32","slug":"reitan-odd-reitan-odd-reitan-far-refs-av-marie-sneve-martinussen","status":"publish","type":"post","link":"https:\/\/www.europesays.com\/no\/22750\/","title":{"rendered":"Reitan, Odd Reitan | Odd Reitan f\u00e5r refs av Marie Sneve Martinussen"},"content":{"rendered":"\n<p>\u2013 Det har faktisk aldri st\u00e5tt bedre til med oss, sier toppsjef i Reitan AS Odd Reitan i et intervju med <a href=\"https:\/\/www.dagligvarehandelen.no\/karriere-kjopmann-rema-1000\/odd-reitan-det-har-aldri-statt-bedre-til\/1431920\" rel=\"Follow nofollow noopener\" target=\"_blank\">Dagligvarehandelen.<\/a><\/p>\n<p>Selskapet har en stor portef\u00f8lje, mest kjent er kanskje Reitan Retail som blant annet eier Rema 1000.<\/p>\n<p>I artikkelen skriver Dagligvarehandelen at selskapet er verdens 132. st\u00f8rste private selskap. Hos proff.no er de oppf\u00f8rt med eiendeler for 24,5 milliarder kroner og et resultat f\u00f8r skatt p\u00e5 3,8 milliarder i fjor.<\/p>\n<p>Samtidig er dyrtid et h\u00f8yaktuelt tema i valgkampen. Mens matprisene steg med 5,9 prosent i juli, viser en nylig rapport fra Sifo at barnefamilier med inntekt p\u00e5 under 800.000 kroner sliter med \u00e5 ha nok penger til sunn mat.<\/p>\n<p>   <img decoding=\"async\" width=\"1431\" height=\"841\" fetchpriority=\"low\"  loading=\"lazy\"  src=\"https:\/\/www.europesays.com\/no\/wp-content\/uploads\/2025\/08\/Reitan.png\" alt=\"\" class=\"brick-c-cFOWSL\" style=\"--brick-image-ratio: 1431 \/ 841;\"\/><\/p>\n<p>    Det aktuelle oppslaget i Dagligvarehandelen.<br \/>\n    Foto: Faksimile: Dagligvarehandelen\n  <\/p>\n<p>  Ikke imponert<\/p>\n<p>\u2013 Det gliset der, det svir i lommeboka til b\u00e5de b\u00f8nder og butikk-kunder, sier leder i R\u00f8dt Marie Sneve Martinussen og viser til Dagligvarehandelens oppslag, hvor sitatet om gode tider er sl\u00e5tt opp sammen med et bilde av Reitan som smiler bredt.<\/p>\n<p>Martinussen mener vi alle er med p\u00e5 spleiselaget for \u00e5 gj\u00f8re Reitan-familien rikere, og at det merkes.<\/p>\n<p>\u2013 Det er sinnssykt toned\u00f8vt, men ikke overraskende. <a href=\"https:\/\/www.nettavisen.no\/okonomi\/rema-reitan-bekrefter-ny-privatjet-snart-klar\/s\/5-95-2443460\" rel=\"Follow nofollow noopener\" target=\"_blank\">Reitan kj\u00f8pte seg nylig et nytt privatfly<\/a>, samtidig ser vi at halvparten av alenefors\u00f8rgere ikke har r\u00e5d til sunn og god mat til familien sin.<\/p>\n<p>I samme artikkel sier Reitan at gevinsten er lav i egen bedrift, om man sammenligner med utlandet.<\/p>\n<p><b>\u2013 Om man synes vi tjener godt, er det fordi det blir mye penger av sm\u00e5 prosenter og et stort volum. I andre land har eiere av tilsvarende bedrifter langt st\u00f8rre formuer. Faktisk ti ganger s\u00e5 store.<\/b><\/p>\n<p>\u2013 Har han et poeng?<\/p>\n<p>\u2013 Han har absolutt ikke noe poeng, dette h\u00f8rer vi fra dagligvarebransjen gang p\u00e5 gang. Det er sm\u00e5 prosenter, men alle kan se formuene hope seg opp p\u00e5 toppen.<\/p>\n<p>Hun mener makten dagligvarekjedene har, er et like stort problem som pengene.<\/p>\n<p>\u2013 Jeg har v\u00e6rt og bes\u00f8kt flere sm\u00e5 leverand\u00f8rer som er helt prisgitt de tre kjedene, det g\u00e5r utover arbeidsplasser, verdiskaping og mangfoldet i butikkhyllene. Samfunnsmakten de har n\u00e5r de kontrollerer dagligvarebransjen p\u00e5virker alt fra landbrukspolitikken, til hvor sunn mat vi skal ha.<\/p>\n<p>      \u2013 Man m\u00e5 ta den fra dem<\/p>\n<p>Regjeringen kalte nylig inn matvarekjedene inn p\u00e5 \u00abteppet\u00bb som f\u00f8lge av den h\u00f8ye prisstigningen for mat. M\u00f8tet var det andre p\u00e5 tre m\u00e5neder.<\/p>\n<p>\u2013 Hva ville du sagt om du var med p\u00e5 m\u00f8tet?<\/p>\n<p>\u2013 Jeg hadde kanskje ikke giddet \u00e5 si noe, svarer Martinussen og ler.<\/p>\n<p>\u2013 Vi telte opp ni ganger som regjeringen har innkalt til m\u00f8te, eller seminar de siste tre \u00e5rene og matprisene har \u00f8kt likevel. Man m\u00e5 slutte \u00e5 tro at man kan snakke fra noen en makt de allerede har f\u00e5tt.<\/p>\n<p>L\u00f8sningen krever mer handling enn som s\u00e5, if\u00f8lge henne:<\/p>\n<p><b>\u2013 Man m\u00e5 ta den fra dem.<\/b><\/p>\n<p>Hun mener et sted \u00e5 starte er grossistleddet.<\/p>\n<p>\u2013 N\u00e5r kjedene eier hele distribusjonen, med lastebiler og lagre s\u00e5 er det et effektivt hinder for alle konkurrenter. Det \u00e5 \u00e5pne grossistleddet er en m\u00e5te \u00e5 bryte opp kjedemakta p\u00e5.<\/p>\n","protected":false},"excerpt":{"rendered":"\u2013 Det har faktisk aldri st\u00e5tt bedre til med oss, sier toppsjef i Reitan AS Odd Reitan i&hellip;\n","protected":false},"author":2,"featured_media":22751,"comment_status":"","ping_status":"","sticky":false,"template":"","format":"standard","meta":{"footnotes":""},"categories":[5],"tags":[36,20,21,824,24,25,15,19,22,23,17,18,13,30,28,29,14,3757,16,41,3552,1394,1510,26,27],"class_list":{"0":"post-22750","1":"post","2":"type-post","3":"status-publish","4":"format-standard","5":"has-post-thumbnail","7":"category-overskrifter","8":"tag-art","9":"tag-breaking-news","10":"tag-breakingnews","11":"tag-dagligvare","12":"tag-featured-news","13":"tag-featurednews","14":"tag-headlines","15":"tag-hovedoppslag","16":"tag-latest-news","17":"tag-latestnews","18":"tag-main-news","19":"tag-mainnews","20":"tag-news","21":"tag-no","22":"tag-norge","23":"tag-norway","24":"tag-nyheter","25":"tag-odd-reitan","26":"tag-overskrifter","27":"tag-politikk","28":"tag-reitan","29":"tag-rema-1000","30":"tag-story","31":"tag-top-stories","32":"tag-topstories"},"share_on_mastodon":{"url":"","error":""},"_links":{"self":[{"href":"https:\/\/www.europesays.com\/no\/wp-json\/wp\/v2\/posts\/22750","targetHints":{"allow":["GET"]}}],"collection":[{"href":"https:\/\/www.europesays.com\/no\/wp-json\/wp\/v2\/posts"}],"about":[{"href":"https:\/\/www.europesays.com\/no\/wp-json\/wp\/v2\/types\/post"}],"author":[{"embeddable":true,"href":"https:\/\/www.europesays.com\/no\/wp-json\/wp\/v2\/users\/2"}],"replies":[{"embeddable":true,"href":"https:\/\/www.europesays.com\/no\/wp-json\/wp\/v2\/comments?post=22750"}],"version-history":[{"count":0,"href":"https:\/\/www.europesays.com\/no\/wp-json\/wp\/v2\/posts\/22750\/revisions"}],"wp:featuredmedia":[{"embeddable":true,"href":"https:\/\/www.europesays.com\/no\/wp-json\/wp\/v2\/media\/22751"}],"wp:attachment":[{"href":"https:\/\/www.europesays.com\/no\/wp-json\/wp\/v2\/media?parent=22750"}],"wp:term":[{"taxonomy":"category","embeddable":true,"href":"https:\/\/www.europesays.com\/no\/wp-json\/wp\/v2\/categories?post=22750"},{"taxonomy":"post_tag","embeddable":true,"href":"https:\/\/www.europesays.com\/no\/wp-json\/wp\/v2\/tags?post=22750"}],"curies":[{"name":"wp","href":"https:\/\/api.w.org\/{rel}","templated":true}]}}